{"id":191376,"date":"2026-08-25T18:56:13","date_gmt":"2026-08-25T18:56:13","guid":{"rendered":"https:\/\/www.europesays.com\/afrique\/191376\/"},"modified":"2026-08-25T18:56:13","modified_gmt":"2026-08-25T18:56:13","slug":"au-nigeria-un-kidnapping-de-masse-dans-une-mosquee-declenche-une-operation-de-sauvetage","status":"publish","type":"post","link":"https:\/\/www.europesays.com\/afrique\/191376\/","title":{"rendered":"Au Nigeria, un kidnapping de masse dans une mosqu\u00e9e d\u00e9clenche une op\u00e9ration de sauvetage"},"content":{"rendered":"<p class=\"mb-4 text-lg md:leading-8 break-words\">Un nouvel enl\u00e8vement de masse. \u200bApr\u00e8s que des dizaines de personnes ont \u00e9t\u00e9 enlev\u00e9es par des hommes arm\u00e9s dans le centre-nord de l&rsquo;\u00c9tat de Niger, dans l&rsquo;ouest du <a data-ylk=\"slk:Nigeria;elm:context_link;itc:0;sec:content-canvas;\" data-yga=\"{&quot;yLinkElement&quot;:&quot;link&quot;,&quot;yLinkElementType&quot;:&quot;article_link&quot;}\" href=\"https:\/\/www.france24.com\/fr\/vid\u00e9o\/20260729-nigeria-la-crise-s\u00e9curitaire-aggrave-l-ins\u00e9curit\u00e9-alimentaire-dans-le-nord-du-pays\" rel=\"noopener noreferrer nofollow\" target=\"_blank\">Nigeria<\/a>\u00a0la semaine derni\u00e8re, le pr\u00e9sident nig\u00e9rian <a data-ylk=\"slk:Bola \u2060Tinubu;elm:context_link;itc:0;sec:content-canvas;\" data-yga=\"{&quot;yLinkElement&quot;:&quot;link&quot;,&quot;yLinkElementType&quot;:&quot;article_link&quot;}\" href=\"https:\/\/www.france24.com\/fr\/tag\/bola-tinubu\/\" rel=\"noopener noreferrer nofollow\" target=\"_blank\">Bola \u2060Tinubu<\/a> a ordonn\u00e9, \u200bmardi 25 ao\u00fbt, \u00e0 l&rsquo;arm\u00e9e et aux autres forces de s\u00e9curit\u00e9 de lancer une op\u00e9ration de sauvetage imm\u00e9diate. \u00a0<\/p>\n<p class=\"mb-4 text-lg md:leading-8 break-words\">Un groupe arm\u00e9 a publi\u00e9 une vid\u00e9o sur Facebook \u200bet WhatsApp montrant, \u200cselon les habitants, environ 600 femmes, enfants et personnes \u00e2g\u00e9es enlev\u00e9s \u2060lors d&rsquo;une attaque contre une mosqu\u00e9e dans cet \u00c9tat. \u00a0<\/p>\n<p class=\"mb-4 text-lg md:leading-8 break-words\">\u00c0 voir aussi<a data-ylk=\"slk:Au Nigeria, la peur des enl\u00e8vements \u00e9loigne les enfants de l&#039;\u00e9cole;elm:context_link;itc:0;sec:content-canvas;\" data-yga=\"{&quot;yLinkElement&quot;:&quot;link&quot;,&quot;yLinkElementType&quot;:&quot;article_link&quot;}\" href=\"https:\/\/www.france24.com\/fr\/vid\u00e9o\/20260720-au-nig\u00e9ria-la-peur-des-enl\u00e8vements-\u00e9loigne-les-enfants-de-l-\u00e9cole\" class=\"a-read-more__link\" rel=\"noopener noreferrer nofollow\" target=\"_blank\">Au Nigeria, la peur des enl\u00e8vements \u00e9loigne les enfants de l&rsquo;\u00e9cole<\/a><\/p>\n<p class=\"mb-4 text-lg md:leading-8 break-words\">Reuters n&rsquo;a pas pu v\u00e9rifier ce chiffre de mani\u00e8re ind\u00e9pendante, mais s&rsquo;il \u00e9tait confirm\u00e9, \u200ccet enl\u00e8vement figurerait parmi les plus importants commis au Nigeria ces derni\u00e8res ann\u00e9es.<\/p>\n<p><img alt=\"banni\u00e8re-atricle-section-afrique\" loading=\"lazy\" width=\"960\" height=\"540\" decoding=\"async\" data-nimg=\"1\" class=\"rounded-lg\" style=\"color:transparent\" src=\"https:\/\/www.europesays.com\/afrique\/wp-content\/uploads\/2026\/08\/https:\/\/media.zenfs.com\/fr\/france_24_french_articles_972\/25999bb9956b69330d6a1ac275bae6aa.jpg\"\/><\/p>\n<p>banni\u00e8re-atricle-section-afrique<\/p>\n<p class=\"mb-4 text-lg md:leading-8 break-words\">Une \u2060responsable du district de Borgu, o\u00f9 l&rsquo;attaque a eu lieu, a d\u00e9clar\u00e9 que 30 personnes avaient \u00e9t\u00e9 tu\u00e9es et avaient \u00e9t\u00e9 enterr\u00e9es dimanche. \u00a0<\/p>\n<p>\u00ab\u00a0La terreur ne fera pas plier le Nigeria\u00a0\u00bb<\/p>\n<p class=\"mb-4 text-lg md:leading-8 break-words\">Cette responsable, \u200bqui a souhait\u00e9 rester anonyme car elle n&rsquo;\u00e9tait pas autoris\u00e9e \u00e0 \u200cs&rsquo;exprimer aupr\u00e8s des m\u00e9dias, a pr\u00e9cis\u00e9 que des villageois des communaut\u00e9s de Dakera, Gidan-Zana et Sabon Gida avaient \u00e9t\u00e9 touch\u00e9s. \u00a0 \u00a0<\/p>\n<p class=\"mb-4 text-lg md:leading-8 break-words\">\u00ab\u00a0NOUS D\u00c9FENDRONS NOTRE PEUPLE\u00a0\u00bb \u00a0Dans ses premiers commentaires publics sur l&rsquo;incident, la pr\u00e9sidence a qualifi\u00e9 \u200ccette attaque de l\u00e2che et a promis que les responsables seraient traduits en justice. \u00a0<\/p>\n<p class=\"mb-4 text-lg md:leading-8 break-words\">\u00ab\u00a0La terreur ne fera pas plier le Nigeria. \u200bNous d\u00e9fendrons notre peuple, prot\u00e9gerons nos communaut\u00e9s et pr\u00e9serverons le caract\u00e8re sacr\u00e9 de la vie humaine\u00a0\u00bb, a d\u00e9clar\u00e9 le pr\u00e9sident Bola Tinubu dans un communiqu\u00e9. \u00a0<\/p>\n<p class=\"mb-4 text-lg md:leading-8 break-words\">\u00c0 voir aussi<a data-ylk=\"slk:Nigeria : les forces arm\u00e9es ont secouru 308 victimes d&#039;enl\u00e8vements;elm:context_link;itc:0;sec:content-canvas;\" data-yga=\"{&quot;yLinkElement&quot;:&quot;link&quot;,&quot;yLinkElementType&quot;:&quot;article_link&quot;}\" href=\"https:\/\/www.france24.com\/fr\/vid\u00e9o\/20260808-nigeria-les-forces-arm\u00e9es-ont-secouru-308-victimes-d-enl\u00e8vements\" class=\"a-read-more__link\" rel=\"noopener noreferrer nofollow\" target=\"_blank\">Nigeria : les forces arm\u00e9es ont secouru 308 victimes d&rsquo;enl\u00e8vements<\/a><\/p>\n<p class=\"mb-4 text-lg md:leading-8 break-words\">Le pr\u00e9sident a ordonn\u00e9 aux responsables \u200bde la s\u00e9curit\u00e9 de fournir des informations sur les efforts d\u00e9ploy\u00e9s pour secourir les personnes enlev\u00e9es \u200bet de dresser la liste de toutes celles qui ont \u200b\u00e9t\u00e9 emmen\u00e9es. \u00a0<\/p>\n<p class=\"mb-4 text-lg md:leading-8 break-words\">Abubakar Umar, chef traditionnel de la communaut\u00e9 de Dakera, a indiqu\u00e9 qu&rsquo;au moins 2\u00a0000 personnes avaient fui vers la R\u00e9publique du \u200bB\u00e9nin voisine \u00e0 la suite de l&rsquo;attaque. \u00a0<\/p>\n<p class=\"mb-4 text-lg md:leading-8 break-words\">\u00c0 lire aussi<a data-ylk=\"slk:Comment un groupe terroriste comme Boko Haram utilise l&#039;intelligence artificielle;elm:context_link;itc:0;sec:content-canvas;\" data-yga=\"{&quot;yLinkElement&quot;:&quot;link&quot;,&quot;yLinkElementType&quot;:&quot;article_link&quot;}\" href=\"https:\/\/www.france24.com\/fr\/afrique\/20260714-comment-groupe-terroriste-comme-boko-haram-utilise-intelligence-artificielle\" class=\"a-read-more__link\" rel=\"noopener noreferrer nofollow\" target=\"_blank\">Comment un groupe terroriste comme Boko Haram utilise l&rsquo;intelligence artificielle<\/a><\/p>\n<p class=\"mb-4 text-lg md:leading-8 break-words\">Les enl\u00e8vements de masse en vue d&rsquo;obtenir une ran\u00e7on sont devenus courants dans certaines r\u00e9gions du nord-ouest et du centre-nord du Nigeria, o\u00f9 des gangs criminels lourdement arm\u00e9s m\u00e8nent fr\u00e9quemment des raids contre des villages, des \u00e9coles et des axes routiers. \u00a0Ces \u2060groupes retiennent souvent leurs otages pendant des semaines, voire des mois, tout en exigeant d&rsquo;importantes ran\u00e7ons, et ont progressivement \u00e9tendu \u2060leurs op\u00e9rations \u200bau-del\u00e0 de leurs bastions traditionnels dans le nord.<\/p>\n<p class=\"mb-4 text-lg md:leading-8 break-words\">Avec Reuters<\/p>\n","protected":false},"excerpt":{"rendered":"Un nouvel enl\u00e8vement de masse. \u200bApr\u00e8s que des dizaines de personnes ont \u00e9t\u00e9 enlev\u00e9es par des hommes arm\u00e9s&hellip;\n","protected":false},"author":2,"featured_media":191377,"comment_status":"","ping_status":"","sticky":false,"template":"","format":"standard","meta":{"footnotes":"","_share_on_mastodon":"0"},"categories":[176],"tags":[20675,192,16978],"class_list":["post-191376","post","type-post","status-publish","format-standard","has-post-thumbnail","category-nigeria","tag-masse","tag-nigeria","tag-operation-de-sauvetage"],"share_on_mastodon":{"url":"https:\/\/pubeurope.com\/@afrique\/117157677396090873","error":""},"_links":{"self":[{"href":"https:\/\/www.europesays.com\/afrique\/wp-json\/wp\/v2\/posts\/191376","targetHints":{"allow":["GET"]}}],"collection":[{"href":"https:\/\/www.europesays.com\/afrique\/wp-json\/wp\/v2\/posts"}],"about":[{"href":"https:\/\/www.europesays.com\/afrique\/wp-json\/wp\/v2\/types\/post"}],"author":[{"embeddable":true,"href":"https:\/\/www.europesays.com\/afrique\/wp-json\/wp\/v2\/users\/2"}],"replies":[{"embeddable":true,"href":"https:\/\/www.europesays.com\/afrique\/wp-json\/wp\/v2\/comments?post=191376"}],"version-history":[{"count":0,"href":"https:\/\/www.europesays.com\/afrique\/wp-json\/wp\/v2\/posts\/191376\/revisions"}],"wp:featuredmedia":[{"embeddable":true,"href":"https:\/\/www.europesays.com\/afrique\/wp-json\/wp\/v2\/media\/191377"}],"wp:attachment":[{"href":"https:\/\/www.europesays.com\/afrique\/wp-json\/wp\/v2\/media?parent=191376"}],"wp:term":[{"taxonomy":"category","embeddable":true,"href":"https:\/\/www.europesays.com\/afrique\/wp-json\/wp\/v2\/categories?post=191376"},{"taxonomy":"post_tag","embeddable":true,"href":"https:\/\/www.europesays.com\/afrique\/wp-json\/wp\/v2\/tags?post=191376"}],"curies":[{"name":"wp","href":"https:\/\/api.w.org\/{rel}","templated":true}]}}