{"id":191609,"date":"2026-08-26T02:26:31","date_gmt":"2026-08-26T02:26:31","guid":{"rendered":"https:\/\/www.europesays.com\/afrique\/191609\/"},"modified":"2026-08-26T02:26:31","modified_gmt":"2026-08-26T02:26:31","slug":"des-billets-de-train-a-trois-euros-pour-se-rendre-a-la-plus-grande-braderie-deurope-la-sncf-lance-une-vente-speciale","status":"publish","type":"post","link":"https:\/\/www.europesays.com\/afrique\/191609\/","title":{"rendered":"Des billets de train \u00e0 trois euros pour se rendre \u00e0 la plus grande braderie d\u2019Europe\u00a0: la SNCF lance une vente sp\u00e9ciale"},"content":{"rendered":"<p data-ofstats-scroll=\"read_depth_30\">Vous avez envie de vous rendre \u00e0 la Braderie de Lille\u00a0(Nord) les 5 et 6\u00a0septembre\u00a02026\u00a0? Pour l\u2019occasion, la SNCF commercialise\u00a015\u00a0000\u00a0billets de TER \u00e0 tarif sp\u00e9cial, disponibles sur des trajets dans toute la r\u00e9gion Hauts-de-France. Les prix des places vont de 3 \u00e0 22\u00a0\u20ac, peut-on lire <a href=\"https:\/\/www.ter.sncf.com\/hauts-de-france\/bons-plans\/braderie-de-lille\" target=\"_blank\" rel=\"nofollow noopener\">dans un communiqu\u00e9 de la compagnie ferroviaire<\/a>.<\/p>\n<p>        54\u00a0trains suppl\u00e9mentaires pendant le week-end<\/p>\n<p data-ofstats-scroll=\"read_depth_50\">L\u2019op\u00e9ration a commenc\u00e9 le jeudi 20\u00a0ao\u00fbt, indique <a href=\"https:\/\/actu.fr\/hauts-de-france\/lille_59350\/braderie-de-lille-2026-15-000-billets-ter-des-3-e-et-54-trains-supplementaires_64686296.html\" target=\"_blank\" rel=\"nofollow noopener\"> Lille Actu <\/a>. 54\u00a0trains suppl\u00e9mentaires circuleront pendant le week-end\u00a0au d\u00e9part ou \u00e0 destination des gares de\u00a0: Arras,\u00a0B\u00e9thune, Calais-ville, Cambrai, Douai, Dunkerque, Hazebrouck, Jeumont, Lens, Lille Flandres et Valenciennes. La compagnie pr\u00e9cise \u00e9galement que\u00a0des d\u00e9parts de Lille auront lieu plus tard le samedi soir.<\/p>\n<p data-ofstats-scroll=\"read_depth_70\">Une fois sur place, le m\u00e9tro lillois aussi se met \u00e0 l\u2019heure de la braderie. Le service sera renforc\u00e9 avec un m\u00e9tro toutes les 2-3 minutes aux heures de point et un service continu la nuit du samedi au dimanche. De quoi faciliter les d\u00e9placements des nombreux visiteurs\u00a0: ils \u00e9taient environ 2,5\u00a0millions en 2025.<\/p>\n<p data-ofstats-scroll=\"read_depth_100\">Si vous arrivez trop tard pour profiter de cette offre, vous pouvez b\u00e9n\u00e9ficier de tarifs avantageux dans les\u00a0Hauts-de-France gr\u00e2ce \u00e0 la carte \u00ab\u00a0TER HDF\u00a0\u00bb qui, pour 30\u00a0\u20ac par an, vous assure\u00a050\u00a0% de r\u00e9duction sur tous les billets r\u00e9gionaux ainsi que\u00a075\u00a0% de r\u00e9duction pour trois\u00a0accompagnants \u00e2g\u00e9s de 4 \u00e0 18\u00a0ans. Pour les moins de 26\u00a0ans, cette carte co\u00fbte 15\u00a0\u20ac.<\/p>\n","protected":false},"excerpt":{"rendered":"Vous avez envie de vous rendre \u00e0 la Braderie de Lille\u00a0(Nord) les 5 et 6\u00a0septembre\u00a02026\u00a0? Pour l\u2019occasion, la&hellip;\n","protected":false},"author":2,"featured_media":191610,"comment_status":"","ping_status":"","sticky":false,"template":"","format":"standard","meta":{"footnotes":"","_share_on_mastodon":"0"},"categories":[2],"tags":[1012,43859,2068,18,4513,9276,34564,2124,7680,57769,29997,57770,71,11371,57771],"class_list":["post-191609","post","type-post","status-publish","format-standard","has-post-thumbnail","category-europe","tag-actualite-en-continu","tag-brocante","tag-dunkerque","tag-europe","tag-hauts-de-france","tag-lille","tag-mon-budget","tag-nord","tag-regions","tag-roubaix","tag-sncf","tag-tourcoing","tag-tourisme","tag-train","tag-villeneuve-dascq"],"share_on_mastodon":{"url":"https:\/\/pubeurope.com\/@afrique\/117159446602748834","error":""},"_links":{"self":[{"href":"https:\/\/www.europesays.com\/afrique\/wp-json\/wp\/v2\/posts\/191609","targetHints":{"allow":["GET"]}}],"collection":[{"href":"https:\/\/www.europesays.com\/afrique\/wp-json\/wp\/v2\/posts"}],"about":[{"href":"https:\/\/www.europesays.com\/afrique\/wp-json\/wp\/v2\/types\/post"}],"author":[{"embeddable":true,"href":"https:\/\/www.europesays.com\/afrique\/wp-json\/wp\/v2\/users\/2"}],"replies":[{"embeddable":true,"href":"https:\/\/www.europesays.com\/afrique\/wp-json\/wp\/v2\/comments?post=191609"}],"version-history":[{"count":0,"href":"https:\/\/www.europesays.com\/afrique\/wp-json\/wp\/v2\/posts\/191609\/revisions"}],"wp:featuredmedia":[{"embeddable":true,"href":"https:\/\/www.europesays.com\/afrique\/wp-json\/wp\/v2\/media\/191610"}],"wp:attachment":[{"href":"https:\/\/www.europesays.com\/afrique\/wp-json\/wp\/v2\/media?parent=191609"}],"wp:term":[{"taxonomy":"category","embeddable":true,"href":"https:\/\/www.europesays.com\/afrique\/wp-json\/wp\/v2\/categories?post=191609"},{"taxonomy":"post_tag","embeddable":true,"href":"https:\/\/www.europesays.com\/afrique\/wp-json\/wp\/v2\/tags?post=191609"}],"curies":[{"name":"wp","href":"https:\/\/api.w.org\/{rel}","templated":true}]}}