{"id":192560,"date":"2026-08-27T03:07:10","date_gmt":"2026-08-27T03:07:10","guid":{"rendered":"https:\/\/www.europesays.com\/afrique\/192560\/"},"modified":"2026-08-27T03:07:10","modified_gmt":"2026-08-27T03:07:10","slug":"fonds-speciaux-et-mise-a-disposition-de-larmee-alioune-badara-dione-alerte-sur-les-prerogatives-de-letat","status":"publish","type":"post","link":"https:\/\/www.europesays.com\/afrique\/192560\/","title":{"rendered":"Fonds sp\u00e9ciaux et mise \u00e0 disposition de l\u2019arm\u00e9e : Alioune Badara Dione alerte sur les pr\u00e9rogatives de l\u2019\u00c9tat"},"content":{"rendered":"<p>\t\t\t\t\t \u00c0 l\u2019occasion du Gamou, Alioune Badara Dione PhD a publi\u00e9 une r\u00e9flexion qui d\u00e9passe largement le cadre religieux de son message. Dans une publication partag\u00e9e avec le public, il s\u2019est int\u00e9ress\u00e9 aux pr\u00e9rogatives de l\u2019\u00c9tat et, plus particuli\u00e8rement, \u00e0 la capacit\u00e9 du chef de l\u2019\u00c9tat \u00e0 disposer de certaines ressources strat\u00e9giques.<\/p>\n<p>Son propos s\u2019articule autour d\u2019une comparaison : la mise \u00e0 disposition d\u2019une arm\u00e9e et celle de fonds sp\u00e9ciaux rel\u00e8veraient, selon lui, d\u2019une m\u00eame logique de pouvoir discr\u00e9tionnaire.&#13;\t\t\t\t\t <\/p>\n<p>\u00ab Aucune diff\u00e9rence entre la mise \u00e0 disposition d&rsquo;une arm\u00e9e et celle de fonds sp\u00e9ciaux \u00bb, \u00e9crit-il, avant d\u2019ajouter : \u00ab Tout doit \u00eatre laiss\u00e9 au pouvoir discr\u00e9tionnaire absolu du Chef de l\u2019\u00c9tat. \u00bb&#13;\t\t\t\t\t <\/p>\n<p>Une d\u00e9claration qui ouvre un d\u00e9bat institutionnel de fond.&#13;\t\t\t\t\t <\/p>\n<p>Une conception forte de l\u2019autorit\u00e9 de l\u2019\u00c9tat&#13;\t\t\t\t\t <br \/>&#13;\t\t\t\t\t <br \/>Pour Alioune Badara Dione, l\u2019\u00c9tat ne peut \u00eatre r\u00e9duit \u00e0 une simple administration charg\u00e9e de g\u00e9rer des proc\u00e9dures et des ressources.&#13;\t\t\t\t\t <\/p>\n<p>Il insiste au contraire sur trois attributs fondamentaux : l\u2019autorit\u00e9, la force arm\u00e9e et la puissance financi\u00e8re.&#13;\t\t\t\t\t <\/p>\n<p>\u00ab Un \u00c9tat c&rsquo;est du s\u00e9rieux : une autorit\u00e9, une force arm\u00e9e et financi\u00e8re \u00e0 la fois !!! \u00bb, affirme-t-il.&#13;\t\t\t\t\t <\/p>\n<p>Cette conception renvoie \u00e0 une vision classique de la puissance \u00e9tatique : l\u2019\u00c9tat dispose de moyens coercitifs, militaires et financiers qui lui permettent d\u2019assurer son autorit\u00e9, sa s\u00e9curit\u00e9 et sa continuit\u00e9.&#13;\t\t\t\t\t <\/p>\n<p>Mais cette puissance soul\u00e8ve n\u00e9cessairement une autre question : jusqu\u2019o\u00f9 peut aller le pouvoir discr\u00e9tionnaire du chef de l\u2019\u00c9tat dans l\u2019utilisation de ces moyens ?&#13;\t\t\t\t\t <\/p>\n<p>Arm\u00e9e et fonds sp\u00e9ciaux : une comparaison qui interpelle&#13;\t\t\t\t\t <br \/>&#13;\t\t\t\t\t <br \/>La comparaison \u00e9tablie par l\u2019auteur entre l\u2019arm\u00e9e et les fonds sp\u00e9ciaux constitue le point le plus sensible de sa publication.&#13;\t\t\t\t\t <\/p>\n<p>L\u2019arm\u00e9e repr\u00e9sente l\u2019un des principaux instruments de souverainet\u00e9 et de d\u00e9fense nationale. Son emploi ob\u00e9it normalement \u00e0 des r\u00e8gles constitutionnelles, l\u00e9gislatives et r\u00e9glementaires pr\u00e9cises.&#13;\t\t\t\t\t <\/p>\n<p>Les fonds sp\u00e9ciaux, eux, renvoient \u00e0 des ressources budg\u00e9taires dont l\u2019utilisation peut \u00eatre soumise \u00e0 des r\u00e8gles particuli\u00e8res de confidentialit\u00e9 et de contr\u00f4le.&#13;\t\t\t\t\t <\/p>\n<p>En rapprochant ces deux r\u00e9alit\u00e9s, Alioune Badara Dione met donc en avant une m\u00eame probl\u00e9matique : la n\u00e9cessit\u00e9, selon lui, de pr\u00e9server une marge de d\u00e9cision importante au sommet de l&rsquo;\u00c9tat lorsqu&rsquo;il s&rsquo;agit de certains instruments strat\u00e9giques.&#13;\t\t\t\t\t <\/p>\n<p>La formule \u00ab pouvoir discr\u00e9tionnaire absolu \u00bb donne toutefois \u00e0 cette r\u00e9flexion une port\u00e9e particuli\u00e8rement forte.&#13;\t\t\t\t\t <\/p>\n<p>Le d\u00e9bat sur le contr\u00f4le du pouvoir&#13;\t\t\t\t\t <br \/>&#13;\t\t\t\t\t <br \/>Derri\u00e8re cette d\u00e9claration se trouve une question essentielle dans toute d\u00e9mocratie : comment concilier l&rsquo;efficacit\u00e9 de l&rsquo;\u00c9tat avec les m\u00e9canismes de contr\u00f4le du pouvoir ?&#13;\t\t\t\t\t <\/p>\n<p>La concentration de certaines pr\u00e9rogatives entre les mains du chef de l&rsquo;\u00c9tat peut \u00eatre justifi\u00e9e par des imp\u00e9ratifs de s\u00e9curit\u00e9 nationale, de rapidit\u00e9 de d\u00e9cision ou de confidentialit\u00e9.&#13;\t\t\t\t\t <\/p>\n<p>Mais dans un \u00c9tat de droit, le pouvoir discr\u00e9tionnaire n&rsquo;est g\u00e9n\u00e9ralement pas synonyme d&rsquo;absence totale de contr\u00f4le.&#13;\t\t\t\t\t <\/p>\n<p>Les institutions de contr\u00f4le, le Parlement, la justice et les m\u00e9canismes de reddition des comptes participent pr\u00e9cis\u00e9ment \u00e0 l&rsquo;\u00e9quilibre entre autorit\u00e9 de l&rsquo;\u00c9tat et responsabilit\u00e9 dans l&rsquo;exercice du pouvoir.&#13;\t\t\t\t\t <\/p>\n<p>C&rsquo;est cette tension qui donne \u00e0 la sortie d&rsquo;Alioune Badara Dione une port\u00e9e politique et institutionnelle particuli\u00e8re.&#13;\t\t\t\t\t <\/p>\n<p>\u00ab Un \u00c9tat, c&rsquo;est du s\u00e9rieux \u00bb&#13;\t\t\t\t\t <br \/>&#13;\t\t\t\t\t <br \/>La derni\u00e8re phrase de sa publication r\u00e9sume sa conception de la puissance publique.&#13;\t\t\t\t\t <\/p>\n<p>\u00ab Un \u00c9tat c&rsquo;est du s\u00e9rieux : une autorit\u00e9, une force arm\u00e9e et financi\u00e8re \u00e0 la fois !!! \u00bb&#13;\t\t\t\t\t <br \/>&#13;\t\t\t\t\t <br \/>Le message d\u00e9fend ainsi l&rsquo;id\u00e9e d&rsquo;un \u00c9tat fort, disposant des moyens n\u00e9cessaires pour exercer pleinement sa souverainet\u00e9.&#13;\t\t\t\t\t <\/p>\n<p>Reste que la question fondamentale demeure celle des garde-fous qui doivent accompagner cette puissance.&#13;\t\t\t\t\t <\/p>\n<p>Car si l&rsquo;\u00c9tat dispose de la force et des ressources financi\u00e8res, la d\u00e9mocratie impose \u00e9galement que l&rsquo;exercice de cette puissance s&rsquo;inscrive dans un cadre juridique et institutionnel clairement d\u00e9fini.&#13;\t\t\t\t\t <\/p>\n<p>La sortie d&rsquo;Alioune Badara Dione relance ainsi un d\u00e9bat qui d\u00e9passe sa seule personne : celui du rapport entre pouvoir ex\u00e9cutif, moyens r\u00e9galiens, contr\u00f4le d\u00e9mocratique et efficacit\u00e9 de l&rsquo;\u00c9tat.&#13;\t\t\t\t\t <\/p>\n<p>Un d\u00e9bat particuli\u00e8rement sensible dans un contexte o\u00f9 la transparence dans la gestion des ressources publiques et la responsabilit\u00e9 des institutions occupent une place centrale dans le d\u00e9bat public s\u00e9n\u00e9galais.\n\t\t\t\t <\/p>\n","protected":false},"excerpt":{"rendered":"\u00c0 l\u2019occasion du Gamou, Alioune Badara Dione PhD a publi\u00e9 une r\u00e9flexion qui d\u00e9passe largement le cadre religieux&hellip;\n","protected":false},"author":2,"featured_media":192561,"comment_status":"","ping_status":"","sticky":false,"template":"","format":"standard","meta":{"footnotes":"","_share_on_mastodon":"0"},"categories":[84],"tags":[109,58010,58011,58012,58013,58014,58015,58016,5897,58017,34301,11,26839],"class_list":["post-192560","post","type-post","status-publish","format-standard","has-post-thumbnail","category-senegal","tag-alerte","tag-alioune","tag-alioune-badara","tag-alioune-badara-dione","tag-badara","tag-badara-dione","tag-dione","tag-dione-ph","tag-disposition","tag-prerogatives","tag-publication","tag-senegal","tag-speciaux"],"share_on_mastodon":{"url":"https:\/\/pubeurope.com\/@afrique\/117165270453595017","error":""},"_links":{"self":[{"href":"https:\/\/www.europesays.com\/afrique\/wp-json\/wp\/v2\/posts\/192560","targetHints":{"allow":["GET"]}}],"collection":[{"href":"https:\/\/www.europesays.com\/afrique\/wp-json\/wp\/v2\/posts"}],"about":[{"href":"https:\/\/www.europesays.com\/afrique\/wp-json\/wp\/v2\/types\/post"}],"author":[{"embeddable":true,"href":"https:\/\/www.europesays.com\/afrique\/wp-json\/wp\/v2\/users\/2"}],"replies":[{"embeddable":true,"href":"https:\/\/www.europesays.com\/afrique\/wp-json\/wp\/v2\/comments?post=192560"}],"version-history":[{"count":0,"href":"https:\/\/www.europesays.com\/afrique\/wp-json\/wp\/v2\/posts\/192560\/revisions"}],"wp:featuredmedia":[{"embeddable":true,"href":"https:\/\/www.europesays.com\/afrique\/wp-json\/wp\/v2\/media\/192561"}],"wp:attachment":[{"href":"https:\/\/www.europesays.com\/afrique\/wp-json\/wp\/v2\/media?parent=192560"}],"wp:term":[{"taxonomy":"category","embeddable":true,"href":"https:\/\/www.europesays.com\/afrique\/wp-json\/wp\/v2\/categories?post=192560"},{"taxonomy":"post_tag","embeddable":true,"href":"https:\/\/www.europesays.com\/afrique\/wp-json\/wp\/v2\/tags?post=192560"}],"curies":[{"name":"wp","href":"https:\/\/api.w.org\/{rel}","templated":true}]}}