{"id":192770,"date":"2026-08-27T09:30:58","date_gmt":"2026-08-27T09:30:58","guid":{"rendered":"https:\/\/www.europesays.com\/afrique\/192770\/"},"modified":"2026-08-27T09:30:58","modified_gmt":"2026-08-27T09:30:58","slug":"minette-libom-li-likeng-il-faut-depasser-la-juxtaposition-de-plateformes-isolees","status":"publish","type":"post","link":"https:\/\/www.europesays.com\/afrique\/192770\/","title":{"rendered":"Minette Libom Li Likeng\u00a0: \u00ab Il faut d\u00e9passer la juxtaposition de plateformes isol\u00e9es \u00bb"},"content":{"rendered":"<p>[DIGITAL Business Africa] \u2013 \u00ab Il nous faut d\u00e9sormais d\u00e9passer la juxtaposition de plateformes isol\u00e9es pour construire un v\u00e9ritable \u00e9cosyst\u00e8me num\u00e9rique national. \u00bb C\u2019est l\u2019un des messages forts de Minette Libom Li Likeng, ministre des Postes et T\u00e9l\u00e9communications, \u00e0 l\u2019ouverture de l\u2019\u00e9dition 2026 du Forum sur la gouvernance de l\u2019Internet au Cameroun, organis\u00e9e du 18 au 20 ao\u00fbt au <a href=\"https:\/\/palaisdescongres.cm\/\" target=\"_blank\" rel=\"noopener nofollow\">Palais des Congr\u00e8s de Yaound\u00e9<\/a>.<\/p>\n<p>Plac\u00e9e sous le th\u00e8me \u00ab De la fragmentation \u00e0 l\u2019interop\u00e9rabilit\u00e9 : faire de la donn\u00e9e le socle des infrastructures publiques num\u00e9riques au Cameroun \u00bb, cette \u00e9dition du FGI place la gouvernance de la donn\u00e9e, l\u2019interop\u00e9rabilit\u00e9 et la souverainet\u00e9 num\u00e9rique au centre des d\u00e9bats.<\/p>\n<p>Pour <a href=\"https:\/\/www.digitalbusiness.africa\/gouvernance-mondiale-de-lia-a-shanghai-minette-libom-li-likeng-reclame-une-place-pleine-et-entiere-pour-les-pays-du-sud\/\" target=\"_blank\" rel=\"noopener nofollow\">Minette Libom Li Likeng<\/a>, le num\u00e9rique n\u2019est plus un secteur isol\u00e9. Il est au c\u0153ur du fonctionnement de l\u2019\u00c9tat, de la comp\u00e9titivit\u00e9 des entreprises et de la vie quotidienne des citoyens. Internet, les donn\u00e9es, le cloud, les plateformes num\u00e9riques et l\u2019intelligence artificielle constituent d\u00e9sormais des infrastructures essentielles au d\u00e9veloppement.<\/p>\n<p>Mais cette transformation s\u2019accompagne de fragilit\u00e9s : in\u00e9galit\u00e9s d\u2019acc\u00e8s, syst\u00e8mes d\u2019information con\u00e7us de mani\u00e8re isol\u00e9e, cyberattaques, atteintes \u00e0 la vie priv\u00e9e, exploitation abusive des donn\u00e9es ou encore usages incontr\u00f4l\u00e9s de l\u2019intelligence artificielle.<\/p>\n<p>\u00ab La multiplication des syst\u00e8mes d\u2019information con\u00e7us de mani\u00e8re isol\u00e9e entretient la fragmentation et r\u00e9duit l\u2019efficacit\u00e9 des investissements consentis \u00bb, a-t-elle averti.<\/p>\n<p>La donn\u00e9e comme actif strat\u00e9gique<\/p>\n<p>Au c\u0153ur de son discours : la n\u00e9cessit\u00e9 de consid\u00e9rer la donn\u00e9e comme une ressource strat\u00e9gique. Le th\u00e8me du FGI 2026 traduit, selon la ministre, l\u2019urgence de passer de la dispersion des donn\u00e9es et plateformes \u00e0 un \u00e9cosyst\u00e8me num\u00e9rique coh\u00e9rent, interop\u00e9rable et centr\u00e9 sur les besoins des usagers.<\/p>\n<p>\u00ab L\u2019interop\u00e9rabilit\u00e9 ne signifie pas que toutes les administrations doivent utiliser un syst\u00e8me unique. Elle suppose plut\u00f4t que les syst\u00e8mes puissent communiquer entre eux sur la base de normes communes, de r\u00e9f\u00e9rentiels partag\u00e9s, de m\u00e9canismes d\u2019\u00e9change s\u00e9curis\u00e9 et de r\u00e8gles de gouvernance clairement \u00e9tablies \u00bb, explique-t-elle.<\/p>\n<p>Les infrastructures publiques num\u00e9riques doivent ainsi s\u2019appuyer sur des composantes r\u00e9utilisables : identit\u00e9 num\u00e9rique, syst\u00e8mes de paiement, \u00e9change s\u00e9curis\u00e9 des donn\u00e9es, registres de r\u00e9f\u00e9rence et plateformes d\u2019acc\u00e8s aux services administratifs.<\/p>\n<p>Cela suppose aussi de savoir quelles donn\u00e9es sont disponibles, qui en est responsable, dans quelles conditions elles peuvent \u00eatre utilis\u00e9es ou partag\u00e9es et quelles garanties entourent leur exploitation.<\/p>\n<p>Souverainet\u00e9, cybers\u00e9curit\u00e9 et IA<\/p>\n<p>Minette Libom Li Likeng insiste \u00e9galement sur la souverainet\u00e9 num\u00e9rique. Le Cameroun doit, selon elle, exercer un contr\u00f4le effectif sur ses infrastructures critiques, prot\u00e9ger ses donn\u00e9es strat\u00e9giques, d\u00e9velopper ses comp\u00e9tences nationales et d\u00e9fendre ses int\u00e9r\u00eats dans l\u2019\u00e9cosyst\u00e8me num\u00e9rique mondial.<\/p>\n<p>Elle appelle aussi \u00e0 renforcer la cybers\u00e9curit\u00e9 et la confiance num\u00e9rique, tout en structurant le dialogue national sur l\u2019intelligence artificielle. Si l\u2019IA offre des opportunit\u00e9s dans la sant\u00e9, l\u2019agriculture, l\u2019\u00e9ducation et l\u2019administration publique, elle soul\u00e8ve aussi des questions de transparence algorithmique, de biais, de responsabilit\u00e9 et de dignit\u00e9 humaine.<\/p>\n<p>La ministre souligne par ailleurs que les femmes et les jeunes doivent \u00eatre des acteurs \u00e0 part enti\u00e8re de la conception et de la mise en \u0153uvre des politiques num\u00e9riques.<\/p>\n<p>Du dialogue \u00e0 l\u2019action<\/p>\n<p>Pour la ministre, le FGI Cameroun 2026 doit d\u00e9boucher sur des r\u00e9sultats concrets. Les recommandations devront renforcer la coordination des acteurs et \u00e9clairer les politiques publiques relatives \u00e0 l\u2019interop\u00e9rabilit\u00e9, \u00e0 la gouvernance des donn\u00e9es, \u00e0 la cybers\u00e9curit\u00e9 et \u00e0 l\u2019intelligence artificielle.<\/p>\n<p>La table ronde nationale doit notamment jeter les bases d\u2019une feuille de route pour la gouvernance inclusive des infrastructures publiques num\u00e9riques.<\/p>\n<p>\u00ab Sans vision commune, les plateformes, les \u00e9quipements et les donn\u00e9es risquent de se multiplier sans former un ensemble coh\u00e9rent \u00bb, pr\u00e9vient-elle. L\u2019\u00c9tat doit donc garantir l\u2019interop\u00e9rabilit\u00e9 des initiatives, \u00e9tablir des architectures et des r\u00e9f\u00e9rentiels communs et coordonner les diff\u00e9rents acteurs.<\/p>\n<p>Un rapport de recommandations et de propositions op\u00e9rationnelles sera transmis au Premier ministre, chef du gouvernement.<\/p>\n<p>\u00ab C\u2019est par ce passage r\u00e9solu du dialogue \u00e0 l\u2019action que le FGI Cameroun 2026 pourra produire un impact durable et contribuer \u00e0 l\u2019\u00e9dification d\u2019un Cameroun num\u00e9rique plus int\u00e9gr\u00e9, plus inclusif, plus s\u00fbr et plus souverain \u00bb, a conclu Minette Libom Li Likeng.<\/p>\n<p>Par DIGITAL BUSINESS AFRICA<\/p>\n","protected":false},"excerpt":{"rendered":"[DIGITAL Business Africa] \u2013 \u00ab Il nous faut d\u00e9sormais d\u00e9passer la juxtaposition de plateformes isol\u00e9es pour construire un&hellip;\n","protected":false},"author":2,"featured_media":192771,"comment_status":"","ping_status":"","sticky":false,"template":"","format":"standard","meta":{"footnotes":"","_share_on_mastodon":"0"},"categories":[4],"tags":[6,12,650,12893,58066,6029,54990,3540,401,8931,6614,8417,4042,28502,7151,20586],"class_list":["post-192770","post","type-post","status-publish","format-standard","has-post-thumbnail","category-afrique","tag-afrique","tag-cameroun","tag-cybersecurite","tag-ecosysteme-numerique","tag-fgi-cameroun-2026","tag-gouvernance-des-donnees","tag-infrastructures-publiques-numeriques","tag-intelligence-artificielle","tag-interoperabilite","tag-minette-libom-li-likeng","tag-politiques-publiques","tag-protection-des-donnees","tag-souverainete-numerique","tag-systemes-dinformation","tag-transformation-digitale","tag-yaounde"],"share_on_mastodon":{"url":"https:\/\/pubeurope.com\/@afrique\/117166780282088784","error":""},"_links":{"self":[{"href":"https:\/\/www.europesays.com\/afrique\/wp-json\/wp\/v2\/posts\/192770","targetHints":{"allow":["GET"]}}],"collection":[{"href":"https:\/\/www.europesays.com\/afrique\/wp-json\/wp\/v2\/posts"}],"about":[{"href":"https:\/\/www.europesays.com\/afrique\/wp-json\/wp\/v2\/types\/post"}],"author":[{"embeddable":true,"href":"https:\/\/www.europesays.com\/afrique\/wp-json\/wp\/v2\/users\/2"}],"replies":[{"embeddable":true,"href":"https:\/\/www.europesays.com\/afrique\/wp-json\/wp\/v2\/comments?post=192770"}],"version-history":[{"count":0,"href":"https:\/\/www.europesays.com\/afrique\/wp-json\/wp\/v2\/posts\/192770\/revisions"}],"wp:featuredmedia":[{"embeddable":true,"href":"https:\/\/www.europesays.com\/afrique\/wp-json\/wp\/v2\/media\/192771"}],"wp:attachment":[{"href":"https:\/\/www.europesays.com\/afrique\/wp-json\/wp\/v2\/media?parent=192770"}],"wp:term":[{"taxonomy":"category","embeddable":true,"href":"https:\/\/www.europesays.com\/afrique\/wp-json\/wp\/v2\/categories?post=192770"},{"taxonomy":"post_tag","embeddable":true,"href":"https:\/\/www.europesays.com\/afrique\/wp-json\/wp\/v2\/tags?post=192770"}],"curies":[{"name":"wp","href":"https:\/\/api.w.org\/{rel}","templated":true}]}}