{"id":193025,"date":"2026-08-27T14:19:11","date_gmt":"2026-08-27T14:19:11","guid":{"rendered":"https:\/\/www.europesays.com\/afrique\/193025\/"},"modified":"2026-08-27T14:19:11","modified_gmt":"2026-08-27T14:19:11","slug":"afrique-du-sud-un-accord-public-vise-a-accelerer-les-investissements-touristiques","status":"publish","type":"post","link":"https:\/\/www.europesays.com\/afrique\/193025\/","title":{"rendered":"Afrique du Sud : un accord public vise \u00e0 acc\u00e9l\u00e9rer les investissements touristiques"},"content":{"rendered":"<p>Les minist\u00e8res sud-africains du Tourisme et des Travaux publics ont formalis\u00e9 un partenariat de trois ans avec l&rsquo;appui d&rsquo;Infrastructure South Africa pour mieux pr\u00e9parer les projets prioritaires et attirer davantage de capitaux priv\u00e9s.<\/p>\n<p><img loading=\"lazy\" decoding=\"async\" width=\"353\" height=\"500\" alt=\"\" style=\"max-width:100%; height:auto;\" class=\"perfmatters-lazy\" src=\"https:\/\/www.europesays.com\/afrique\/wp-content\/uploads\/2026\/07\/Pigier-journee.webp\"\/><\/p>\n<p>L\u2019Afrique du Sud a officialis\u00e9 le 25 ao\u00fbt 2026 un partenariat entre ses minist\u00e8res du Tourisme et des Travaux publics et des Infrastructures pour mieux pr\u00e9parer des projets touristiques prioritaires et attirer davantage d\u2019investissements priv\u00e9s, \u00e0 quelques semaines d\u2019un sommet sectoriel annonc\u00e9 dans le Gauteng.<\/p>\n<p>L\u2019accord, conclu pour trois ans, pr\u00e9voit l\u2019appui d\u2019Infrastructure South Africa en expertise d\u2019investissement et en conseil transactionnel afin d\u2019am\u00e9liorer la maturit\u00e9 des projets appel\u00e9s \u00e0 \u00eatre pr\u00e9sent\u00e9s aux investisseurs.<\/p>\n<p>Le Department of Tourism conserve la responsabilit\u00e9 de son Investment Facilitation Service, tandis qu\u2019Infrastructure South Africa doit fournir l\u2019appui technique sp\u00e9cialis\u00e9 sur la structuration et l\u2019accompagnement des dossiers.<\/p>\n<p>Ce dispositif doit aussi nourrir la deuxi\u00e8me \u00e9dition du Tourism Infrastructure Investment Summit, annonc\u00e9e pour les 30 septembre et 1er octobre 2026 dans le Gauteng, o\u00f9 le gouvernement veut mettre en avant des projets jug\u00e9s pr\u00eats \u00e0 mobiliser des capitaux.<\/p>\n<p>Selon le Tourism Satellite Account de Statistics South Africa, le tourisme a soutenu 953981 emplois directs et repr\u00e9sent\u00e9 4,9 % du PIB sud-africain en 2024.<\/p>\n","protected":false},"excerpt":{"rendered":"Les minist\u00e8res sud-africains du Tourisme et des Travaux publics ont formalis\u00e9 un partenariat de trois ans avec l&rsquo;appui&hellip;\n","protected":false},"author":2,"featured_media":193026,"comment_status":"","ping_status":"","sticky":false,"template":"","format":"standard","meta":{"footnotes":"","_share_on_mastodon":"0"},"categories":[123],"tags":[20479,1869,6,140,7,640,7410,58150,1212],"class_list":["post-193025","post","type-post","status-publish","format-standard","has-post-thumbnail","category-afrique-du-sud","tag-accelerer","tag-accord","tag-afrique","tag-afrique-du-sud","tag-economie","tag-investissements","tag-public","tag-touristiques","tag-vise"],"share_on_mastodon":{"url":"https:\/\/pubeurope.com\/@afrique\/117167912790177909","error":""},"_links":{"self":[{"href":"https:\/\/www.europesays.com\/afrique\/wp-json\/wp\/v2\/posts\/193025","targetHints":{"allow":["GET"]}}],"collection":[{"href":"https:\/\/www.europesays.com\/afrique\/wp-json\/wp\/v2\/posts"}],"about":[{"href":"https:\/\/www.europesays.com\/afrique\/wp-json\/wp\/v2\/types\/post"}],"author":[{"embeddable":true,"href":"https:\/\/www.europesays.com\/afrique\/wp-json\/wp\/v2\/users\/2"}],"replies":[{"embeddable":true,"href":"https:\/\/www.europesays.com\/afrique\/wp-json\/wp\/v2\/comments?post=193025"}],"version-history":[{"count":0,"href":"https:\/\/www.europesays.com\/afrique\/wp-json\/wp\/v2\/posts\/193025\/revisions"}],"wp:featuredmedia":[{"embeddable":true,"href":"https:\/\/www.europesays.com\/afrique\/wp-json\/wp\/v2\/media\/193026"}],"wp:attachment":[{"href":"https:\/\/www.europesays.com\/afrique\/wp-json\/wp\/v2\/media?parent=193025"}],"wp:term":[{"taxonomy":"category","embeddable":true,"href":"https:\/\/www.europesays.com\/afrique\/wp-json\/wp\/v2\/categories?post=193025"},{"taxonomy":"post_tag","embeddable":true,"href":"https:\/\/www.europesays.com\/afrique\/wp-json\/wp\/v2\/tags?post=193025"}],"curies":[{"name":"wp","href":"https:\/\/api.w.org\/{rel}","templated":true}]}}