{"id":193299,"date":"2026-08-27T19:48:10","date_gmt":"2026-08-27T19:48:10","guid":{"rendered":"https:\/\/www.europesays.com\/afrique\/193299\/"},"modified":"2026-08-27T19:48:10","modified_gmt":"2026-08-27T19:48:10","slug":"nigeria-thailande-un-accord-pour-elargir-la-cooperation-economique-et-technique","status":"publish","type":"post","link":"https:\/\/www.europesays.com\/afrique\/193299\/","title":{"rendered":"Nigeria-Tha\u00eflande : un accord pour \u00e9largir la coop\u00e9ration \u00e9conomique et technique"},"content":{"rendered":"<p>Sign\u00e9 \u00e0 Abuja par les chefs de la diplomatie des deux pays, le protocole d\u2019accord doit servir de cadre \u00e0 un rapprochement dans le commerce, l\u2019investissement, l\u2019agriculture, l\u2019\u00e9nergie et le num\u00e9rique.<\/p>\n<p><img loading=\"lazy\" decoding=\"async\" width=\"353\" height=\"500\" alt=\"\" style=\"max-width:100%; height:auto;\" class=\"perfmatters-lazy\" src=\"https:\/\/www.europesays.com\/afrique\/wp-content\/uploads\/2026\/07\/Pigier-journee.webp\"\/><\/p>\n<p>Le Nigeria et la Tha\u00eflande ont sign\u00e9 le 25 ao\u00fbt 2026 \u00e0 Abuja un protocole d\u2019accord sur la coop\u00e9ration technique, nouvelle \u00e9tape d\u2019un rapprochement que les deux pays veulent \u00e9tendre au-del\u00e0 de leurs \u00e9changes traditionnels. Le texte fournit un cadre \u00e0 un partenariat plus large dans plusieurs secteurs jug\u00e9s prioritaires par les deux capitales.<\/p>\n<p>L\u2019accord a \u00e9t\u00e9 paraph\u00e9 par la ministre nig\u00e9riane des Affaires \u00e9trang\u00e8res, Bianca Odumegwu-Ojukwu, et par le vice-Premier ministre et ministre tha\u00eflandais des Affaires \u00e9trang\u00e8res, Sihasak Phuangketkeow. Les discussions bilat\u00e9rales ont port\u00e9 sur le commerce, l\u2019investissement, l\u2019agriculture, l\u2019\u00e9nergie, les technologies num\u00e9riques et les services.<\/p>\n<p>Re\u00e7u le 26 ao\u00fbt \u00e0 Abuja par le vice-pr\u00e9sident nig\u00e9rian Kashim Shettima, le groupe tha\u00eflandais a aussi entendu un plaidoyer pour une relation allant au-del\u00e0 du p\u00e9trole brut et du riz. Le num\u00e9ro deux nig\u00e9rian a mis en avant des d\u00e9bouch\u00e9s dans l\u2019agriculture, les technologies de l\u2019information, les \u00e9nergies renouvelables et les minerais solides.<\/p>\n<p>La visite tha\u00eflandaise au Nigeria s\u2019inscrivait dans une tourn\u00e9e africaine du 25 au 29 ao\u00fbt 2026. Un forum d\u2019affaires Tha\u00eflande-Nigeria \u00e9tait programm\u00e9 \u00e0 Lagos le 27 ao\u00fbt pour prolonger les \u00e9changes sur le terrain \u00e9conomique.<\/p>\n","protected":false},"excerpt":{"rendered":"Sign\u00e9 \u00e0 Abuja par les chefs de la diplomatie des deux pays, le protocole d\u2019accord doit servir de&hellip;\n","protected":false},"author":2,"featured_media":193300,"comment_status":"","ping_status":"","sticky":false,"template":"","format":"standard","meta":{"footnotes":"","_share_on_mastodon":"0"},"categories":[176],"tags":[1869,452,7,2173,41888,192,4038,27501],"class_list":["post-193299","post","type-post","status-publish","format-standard","has-post-thumbnail","category-nigeria","tag-accord","tag-cooperation","tag-economie","tag-economique","tag-elargir","tag-nigeria","tag-technique","tag-thailande"],"share_on_mastodon":{"url":"https:\/\/pubeurope.com\/@afrique\/117169206845185443","error":""},"_links":{"self":[{"href":"https:\/\/www.europesays.com\/afrique\/wp-json\/wp\/v2\/posts\/193299","targetHints":{"allow":["GET"]}}],"collection":[{"href":"https:\/\/www.europesays.com\/afrique\/wp-json\/wp\/v2\/posts"}],"about":[{"href":"https:\/\/www.europesays.com\/afrique\/wp-json\/wp\/v2\/types\/post"}],"author":[{"embeddable":true,"href":"https:\/\/www.europesays.com\/afrique\/wp-json\/wp\/v2\/users\/2"}],"replies":[{"embeddable":true,"href":"https:\/\/www.europesays.com\/afrique\/wp-json\/wp\/v2\/comments?post=193299"}],"version-history":[{"count":0,"href":"https:\/\/www.europesays.com\/afrique\/wp-json\/wp\/v2\/posts\/193299\/revisions"}],"wp:featuredmedia":[{"embeddable":true,"href":"https:\/\/www.europesays.com\/afrique\/wp-json\/wp\/v2\/media\/193300"}],"wp:attachment":[{"href":"https:\/\/www.europesays.com\/afrique\/wp-json\/wp\/v2\/media?parent=193299"}],"wp:term":[{"taxonomy":"category","embeddable":true,"href":"https:\/\/www.europesays.com\/afrique\/wp-json\/wp\/v2\/categories?post=193299"},{"taxonomy":"post_tag","embeddable":true,"href":"https:\/\/www.europesays.com\/afrique\/wp-json\/wp\/v2\/tags?post=193299"}],"curies":[{"name":"wp","href":"https:\/\/api.w.org\/{rel}","templated":true}]}}