{"id":193535,"date":"2026-08-28T03:26:25","date_gmt":"2026-08-28T03:26:25","guid":{"rendered":"https:\/\/www.europesays.com\/afrique\/193535\/"},"modified":"2026-08-28T03:26:25","modified_gmt":"2026-08-28T03:26:25","slug":"lalgerie-decrete-un-deuil-national-suite-a-une-serie-dincendies-de-foret","status":"publish","type":"post","link":"https:\/\/www.europesays.com\/afrique\/193535\/","title":{"rendered":"L&rsquo;Alg\u00e9rie d\u00e9cr\u00e8te un deuil national suite \u00e0 une s\u00e9rie d&rsquo;incendies de for\u00eat."},"content":{"rendered":"<p> L&rsquo;annonce pr\u00e9cisait que la p\u00e9riode de deuil national d\u00e9buterait le 27 ao\u00fbt ; les drapeaux seraient mis en berne dans tout le pays et tous les festivals et \u00e9v\u00e9nements <a class=\"data-link\" data-org-href=\"https:\/\/www.vietnam.vn\/fr\/category\/the-thao\" href=\"https:\/\/www.vietnam.vn\/fr\/category\/the-thao\" title=\"sport\" target=\"_blank\" rel=\"nofollow noopener\">sportifs<\/a> \u00e9taient annul\u00e9s pour trois jours.<\/p>\n<p> Au moins 12 personnes sont mortes et 54 autres ont \u00e9t\u00e9 bless\u00e9es dans des incendies de for\u00eat qui se sont d\u00e9clar\u00e9s dans plusieurs provinces du nord et de l&rsquo;est de l&rsquo;Alg\u00e9rie.<\/p>\n<p> Selon la Protection civile alg\u00e9rienne, 154 feux de for\u00eat se sont d\u00e9clar\u00e9s dans tout le pays le 26 ao\u00fbt, dont 36 rien qu&rsquo;\u00e0 B\u00e9ja\u00efa. Des vents violents et des temp\u00e9ratures \u00e9lev\u00e9es ont favoris\u00e9 la propagation rapide des incendies \u00e0 Jijel et B\u00e9ja\u00efa, entravant l&rsquo;intervention des avions bombardiers d&rsquo;eau. Les autorit\u00e9s alg\u00e9riennes m\u00e8nent une enqu\u00eate approfondie afin de d\u00e9terminer les causes de ces nombreux incendies qui se sont d\u00e9clar\u00e9s presque simultan\u00e9ment dans plusieurs provinces.<\/p>\n<p> Ces incendies se sont d\u00e9clar\u00e9s en pleine vague de chaleur exceptionnelle qui frappe actuellement l&rsquo;Alg\u00e9rie et la Tunisie voisine, augmentant ainsi le risque de feux de for\u00eat. Selon certaines sources, et en incluant les six d\u00e9c\u00e8s survenus lors des incendies de juillet, le bilan des victimes des feux de for\u00eat en Alg\u00e9rie depuis le d\u00e9but de l&rsquo;\u00e9t\u00e9 s&rsquo;\u00e9l\u00e8ve \u00e0 18 morts.<\/p>\n<p> Source : https:\/\/baoangiang.com.vn\/algeria-tuyen-bo-quoc-tang-sau-hang-loat-vu-chay-rung-a495932.html<\/p>\n","protected":false},"excerpt":{"rendered":"L&rsquo;annonce pr\u00e9cisait que la p\u00e9riode de deuil national d\u00e9buterait le 27 ao\u00fbt ; les drapeaux seraient mis en&hellip;\n","protected":false},"author":2,"featured_media":193536,"comment_status":"","ping_status":"","sticky":false,"template":"","format":"standard","meta":{"footnotes":"","_share_on_mastodon":"0"},"categories":[85],"tags":[116,33118,33116,58218,50906,33115,33119,33117],"class_list":["post-193535","post","type-post","status-publish","format-standard","has-post-thumbnail","category-algerie","tag-algerie","tag-an-giang","tag-apec-2027","tag-deuil-national","tag-incendie-de-foret","tag-journal-an-giang","tag-phu-quoc","tag-rach-gia"],"share_on_mastodon":{"url":"https:\/\/pubeurope.com\/@afrique\/117171007231466146","error":""},"_links":{"self":[{"href":"https:\/\/www.europesays.com\/afrique\/wp-json\/wp\/v2\/posts\/193535","targetHints":{"allow":["GET"]}}],"collection":[{"href":"https:\/\/www.europesays.com\/afrique\/wp-json\/wp\/v2\/posts"}],"about":[{"href":"https:\/\/www.europesays.com\/afrique\/wp-json\/wp\/v2\/types\/post"}],"author":[{"embeddable":true,"href":"https:\/\/www.europesays.com\/afrique\/wp-json\/wp\/v2\/users\/2"}],"replies":[{"embeddable":true,"href":"https:\/\/www.europesays.com\/afrique\/wp-json\/wp\/v2\/comments?post=193535"}],"version-history":[{"count":0,"href":"https:\/\/www.europesays.com\/afrique\/wp-json\/wp\/v2\/posts\/193535\/revisions"}],"wp:featuredmedia":[{"embeddable":true,"href":"https:\/\/www.europesays.com\/afrique\/wp-json\/wp\/v2\/media\/193536"}],"wp:attachment":[{"href":"https:\/\/www.europesays.com\/afrique\/wp-json\/wp\/v2\/media?parent=193535"}],"wp:term":[{"taxonomy":"category","embeddable":true,"href":"https:\/\/www.europesays.com\/afrique\/wp-json\/wp\/v2\/categories?post=193535"},{"taxonomy":"post_tag","embeddable":true,"href":"https:\/\/www.europesays.com\/afrique\/wp-json\/wp\/v2\/tags?post=193535"}],"curies":[{"name":"wp","href":"https:\/\/api.w.org\/{rel}","templated":true}]}}