{"id":193948,"date":"2026-08-28T14:49:10","date_gmt":"2026-08-28T14:49:10","guid":{"rendered":"https:\/\/www.europesays.com\/afrique\/193948\/"},"modified":"2026-08-28T14:49:10","modified_gmt":"2026-08-28T14:49:10","slug":"portrait-cote-divoire-mali-en-passant-par-barcelone-la-trajectoire-de-mamadou-kone-titulaire-surprise-a-lorient","status":"publish","type":"post","link":"https:\/\/www.europesays.com\/afrique\/193948\/","title":{"rendered":"PORTRAIT. C\u00f4te d\u2019Ivoire, Mali en passant par Barcelone\u00a0: la trajectoire de Mamadou Kon\u00e9, titulaire surprise \u00e0 Lorient"},"content":{"rendered":"<p>\n                Article premium,<br \/>\n                    R\u00e9serv\u00e9 aux\u00a0abonn\u00e9s\n            <\/p>\n<p class=\"su-standfirst chapeau\">Form\u00e9 chez lui en C\u00f4te d\u2019Ivoire avant de rejoindre une acad\u00e9mie au Mali \u00e0 l\u2019adolescence, l\u2019attaquant Mamadou Kon\u00e9\u00a0(19\u00a0ans) est arriv\u00e9 il y a un an au FC Lorient. Apr\u00e8s une bonne saison avec la r\u00e9serve des Merlus en N2, il a \u00e9t\u00e9 propuls\u00e9 sur le devant de la sc\u00e8ne cet \u00e9t\u00e9 avec le groupe pro d\u2019Alexandre Dujeux. Retour sur la trajectoire de l\u2019Ivoirien, titulaire le week-end dernier \u00e0 Nice\u00a0(0-0) pour la 1re journ\u00e9e de Ligue 1. Ce devrait encore \u00eatre le cas ce samedi 29\u00a0ao\u00fbt contre Troyes.<\/p>\n<p>                                        <img decoding=\"async\" class=\"su-media\" src=\"https:\/\/media.ouest-france.fr\/v1\/pictures\/MjAyNjA4ODcwYTk1OTAwNjMyODdiNDIyZTMxZTdjNTYwMzhlZjI?width=630&amp;height=354&amp;focuspoint=50%2C25&amp;cropresize=1&amp;client_id=bpeditorial&amp;sign=6c82f5702f64d7cad70d53922a486f3d55759ea7eae4f131dc52dae12ce882f1\" alt=\"Mamadou Kon\u00e9 a perform\u00e9 avec la r\u00e9serve l\u2019an pass\u00e9, avant de se faire une place avec les pros depuis cet \u00e9t\u00e9.\"  \/><\/p>\n<p>                            Mamadou Kon\u00e9 a perform\u00e9 avec la r\u00e9serve l\u2019an pass\u00e9, avant de se faire une place avec les pros depuis cet \u00e9t\u00e9. | MORGANE LE GUEN<\/p>\n<p>                            fermer<\/p>\n<p><img decoding=\"async\" data-ofmaxheight=\"\" class=\"su-media lazyload\" alt=\"Mamadou Kon\u00e9 a perform\u00e9 avec la r\u00e9serve l\u2019an pass\u00e9, avant de se faire une place avec les pros depuis cet \u00e9t\u00e9.\" src=\"data:image\/png;base64,iVBORw0KGgoAAAANSUhEUgAAABAAAAAJCAYAAAA7KqwyAAAAGXRFWHRTb2Z0d2FyZQBBZG9iZSBJbWFnZVJlYWR5ccllPAAAABhJREFUeNpi\/P\/\/PwMlgHHUgFEDgAAgwAD+lBrvy+NcxAAAAABJRU5ErkJggg==\" data-oflazyload=\"{&quot;srcset&quot;:&quot;https:\/\/media.ouest-france.fr\/v1\/pictures\/MjAyNjA4ODcwYTk1OTAwNjMyODdiNDIyZTMxZTdjNTYwMzhlZjI?width=320&amp;focuspoint=50%2C25&amp;cropresize=1&amp;client_id=bpeditorial&amp;sign=1edd77e35c3d21d138f802cd67d83a4ac7a37a56daeecfde1c708e7e94b0aab2 320w,https:\/\/media.ouest-france.fr\/v1\/pictures\/MjAyNjA4ODcwYTk1OTAwNjMyODdiNDIyZTMxZTdjNTYwMzhlZjI?width=375&amp;focuspoint=50%2C25&amp;cropresize=1&amp;client_id=bpeditorial&amp;sign=71f4801573e283a513ca4d7a6e6bc7e0d671a2244dd9953daeb89257dbaabab0 360w,https:\/\/media.ouest-france.fr\/v1\/pictures\/MjAyNjA4ODcwYTk1OTAwNjMyODdiNDIyZTMxZTdjNTYwMzhlZjI?width=480&amp;focuspoint=50%2C25&amp;cropresize=1&amp;client_id=bpeditorial&amp;sign=e5acd6149e16d9b12626ebad58752c118523112a576801e48584824cdfd46de3 480w,https:\/\/media.ouest-france.fr\/v1\/pictures\/MjAyNjA4ODcwYTk1OTAwNjMyODdiNDIyZTMxZTdjNTYwMzhlZjI?width=630&amp;focuspoint=50%2C25&amp;cropresize=1&amp;client_id=bpeditorial&amp;sign=cd6eb87838dcdf514c0ae9a870eb43ff58bdcee06d59de8096fa209cd71fc291 630w,https:\/\/media.ouest-france.fr\/v1\/pictures\/MjAyNjA4ODcwYTk1OTAwNjMyODdiNDIyZTMxZTdjNTYwMzhlZjI?width=940&amp;focuspoint=50%2C25&amp;cropresize=1&amp;client_id=bpeditorial&amp;sign=e12d511517fbcca0e5d9d47d94e015965f80f07861ae53e3b70b129974b93c00 940w,https:\/\/media.ouest-france.fr\/v1\/pictures\/MjAyNjA4ODcwYTk1OTAwNjMyODdiNDIyZTMxZTdjNTYwMzhlZjI?width=1260&amp;focuspoint=50%2C25&amp;cropresize=1&amp;client_id=bpeditorial&amp;sign=caa7ec5817d0186ae0d40168f8c3b86a2746d22831594a16fb02ad018e4b8000 1260w&quot;}\"\/>Mamadou Kon\u00e9 a perform\u00e9 avec la r\u00e9serve l\u2019an pass\u00e9, avant de se faire une place avec les pros depuis cet \u00e9t\u00e9. | MORGANE LE GUEN                            <\/p>\n<p data-ofstats-scroll=\"read_depth_20\">Si on m\u2019avait dit il y a deux mois qu\u2019il serait titulaire pour le premier match de championnat, j\u2019aurais eu du mal \u00e0 le croire. Samedi dernier \u00e0 <a href=\"https:\/\/www.ouest-france.fr\/sport\/football\/fc-lorient\/ligue-1-les-merlus-lancent-leur-saison-en-se-rassurant-a-nice-57957298-9e7b-11f1-b6b2-5710555c207e\" target=\"_self\" rel=\"nofollow noopener\">Nice\u00a0(0-0)<\/a>, le coach des Merlus Alexandre Dujeux a pourtant lanc\u00e9 dans le grand bain un jeune homme inexp\u00e9riment\u00e9 \u00e0 ce niveau\u00a0: Mamadou Kon\u00e9. Encore sur les pelouses de National 2\u00a0(aujourd\u2019hui N1) avec la r\u00e9serve des Merlus il y a trois mois, voil\u00e0 l\u2019Ivoirien de 19\u00a0ans propuls\u00e9, \u00e0 l\u2019instant T, attaquant num\u00e9ro\u00a01 du FC Lorient en Ligue 1\u00a0!<\/p>\n<p>Apr\u00e8s les d\u00e9parts de Bamba Dieng, Sambou Soumano\u00a0(fin de contrat), le retard dans la pr\u00e9paration de Mohamed Bamba et les p\u00e9pins physiques d\u2019Aiyegun Tosin, c\u2019est donc le jeune Kon\u00e9, auteur de son c\u00f4t\u00e9 d\u2019une bonne pr\u00e9paration estivale, qui a endoss\u00e9 le paletot de leader d\u2019attaque. Un sacr\u00e9 coup d\u2019acc\u00e9l\u00e9rateur dans sa carri\u00e8re. Car celui qui f\u00eatera ses 20\u00a0printemps en novembre prochain est arriv\u00e9 il&#8230;<\/p>\n<p style=\"text-align: center; background-color: #dbbe4d; padding-top: 5px; padding-bottom: 5px; font-size: 14px;\">D\u00e9j\u00e0 abonn\u00e9 ? <a data-trkartmonet=\"Identification\" data-trk-sipa=\"{\" blockcategory=\"\" paywall=\"\" href=\"http:\/\/www.ouest-france.fr\/login?redirect=https:\/\/www.ouest-france.fr\/sport\/football\/fc-lorient\/portrait-cote-divoire-mali-en-passant-par-barcelone-la-trajectoire-de-mamadou-kone-titulaire-surprise-a-lorient-7537c290-a21f-11f1-a9be-af36b8f2f435\" rel=\"nofollow noopener\" title=\"Se connecter \u00e0 Ouest-France\" class=\"su-link-light\" target=\"_blank\">Connectez-vous<\/a><\/p>\n<p style=\"text-align: center; padding-top: 15px; padding-bottom: 8px; vertical-align: bottom;\">bloqu\u00e9 Pour lire la suite, abonnez-vous<\/p>\n<p style=\"text-align: center;\">1er mois \u00e0 1\u20ac<\/p>\n<p style=\"text-align: center; margin-top: -5px;\">Annulable \u00e0 tout moment<\/p>\n<p style=\"text-align: center;\">\u00a0<\/p>\n<p style=\"text-align: center;\"><a data-ida=\"\" data-trkartmonet=\"Tunnel OF+\" data-trk-sipa=\"{&#010;\" blockcategory=\"\" paywall=\"\" :=\"\" m=\"\" of=\"\" class=\"su-button su-subscription\" data-trk-bloc=\"paywall\" href=\"https:\/\/abonnement.ouest-france.fr\/tunnel\/pack-essentiel-article\/122096117101?int_medium=lien&amp;int_campaign=PWFR0225-OF&amp;int_content=page-article-payant_boutonjaune-paywall&amp;marquesource=OF&amp;rt=https:\/\/www.ouest-france.fr\/sport\/football\/fc-lorient\/portrait-cote-divoire-mali-en-passant-par-barcelone-la-trajectoire-de-mamadou-kone-titulaire-surprise-a-lorient-7537c290-a21f-11f1-a9be-af36b8f2f435\" rel=\"nofollow noopener\" target=\"_blank\">Je m&rsquo;abonne<\/a><\/p>\n<p style=\"text-align: center; padding-top: 10px; padding-bottom: 10px;\"><img decoding=\"async\" src=\"https:\/\/media.ouest-france.fr\/v1\/fonts\/be7723fcee3f1866f1ce99184077fc6f-carte-bancaire.svg?height=36\" alt=\"CB\"\/>\u00a0\u00a0<img decoding=\"async\" src=\"https:\/\/media.ouest-france.fr\/v1\/fonts\/1819d54c599d8afa64539cfba4ac9dde-rib.svg?height=36\" alt=\"RIB\"\/>\u00a0\u00a0<img decoding=\"async\" src=\"https:\/\/media.ouest-france.fr\/v1\/fonts\/065fc80d7b6a03d14a834c224ce723e1-paypal.svg?height=36\" alt=\"PAYPAL\"\/><\/p>\n","protected":false},"excerpt":{"rendered":"Article premium, R\u00e9serv\u00e9 aux\u00a0abonn\u00e9s Form\u00e9 chez lui en C\u00f4te d\u2019Ivoire avant de rejoindre une acad\u00e9mie au Mali \u00e0&hellip;\n","protected":false},"author":2,"featured_media":193949,"comment_status":"","ping_status":"","sticky":false,"template":"","format":"standard","meta":{"footnotes":"","_share_on_mastodon":"0"},"categories":[154],"tags":[1012,216,12576,12484,308,473,2508,46],"class_list":["post-193948","post","type-post","status-publish","format-standard","has-post-thumbnail","category-cote-divoire","tag-actualite-en-continu","tag-cote-divoire","tag-equipe-cote-divoire-football","tag-fc-lorient","tag-football","tag-ligue-1","tag-lorient","tag-sport"],"share_on_mastodon":{"url":"https:\/\/pubeurope.com\/@afrique\/117173693235857750","error":""},"_links":{"self":[{"href":"https:\/\/www.europesays.com\/afrique\/wp-json\/wp\/v2\/posts\/193948","targetHints":{"allow":["GET"]}}],"collection":[{"href":"https:\/\/www.europesays.com\/afrique\/wp-json\/wp\/v2\/posts"}],"about":[{"href":"https:\/\/www.europesays.com\/afrique\/wp-json\/wp\/v2\/types\/post"}],"author":[{"embeddable":true,"href":"https:\/\/www.europesays.com\/afrique\/wp-json\/wp\/v2\/users\/2"}],"replies":[{"embeddable":true,"href":"https:\/\/www.europesays.com\/afrique\/wp-json\/wp\/v2\/comments?post=193948"}],"version-history":[{"count":0,"href":"https:\/\/www.europesays.com\/afrique\/wp-json\/wp\/v2\/posts\/193948\/revisions"}],"wp:featuredmedia":[{"embeddable":true,"href":"https:\/\/www.europesays.com\/afrique\/wp-json\/wp\/v2\/media\/193949"}],"wp:attachment":[{"href":"https:\/\/www.europesays.com\/afrique\/wp-json\/wp\/v2\/media?parent=193948"}],"wp:term":[{"taxonomy":"category","embeddable":true,"href":"https:\/\/www.europesays.com\/afrique\/wp-json\/wp\/v2\/categories?post=193948"},{"taxonomy":"post_tag","embeddable":true,"href":"https:\/\/www.europesays.com\/afrique\/wp-json\/wp\/v2\/tags?post=193948"}],"curies":[{"name":"wp","href":"https:\/\/api.w.org\/{rel}","templated":true}]}}