{"id":193972,"date":"2026-08-28T15:22:14","date_gmt":"2026-08-28T15:22:14","guid":{"rendered":"https:\/\/www.europesays.com\/afrique\/193972\/"},"modified":"2026-08-28T15:22:14","modified_gmt":"2026-08-28T15:22:14","slug":"incendies-en-algerie-188-familles-sinistrees-dans-7-wilayas","status":"publish","type":"post","link":"https:\/\/www.europesays.com\/afrique\/193972\/","title":{"rendered":"Incendies en Alg\u00e9rie : 188 familles sinistr\u00e9es dans 7 wilayas"},"content":{"rendered":"<p style=\"font-weight: 400;\">L\u2019Alg\u00e9rie a \u00e9t\u00e9 touch\u00e9e par une vague in\u00e9dite\u00a0<a href=\"https:\/\/www.tsa-algerie.com\/incendies-en-algerie-impressionnant-elan-de-solidarite-avec-les-sinistres\/\" data-saferedirecturl=\"https:\/\/www.google.com\/url?q=https:\/\/www.tsa-algerie.com\/incendies-en-algerie-impressionnant-elan-de-solidarite-avec-les-sinistres\/&amp;source=gmail&amp;ust=1788010882378000&amp;usg=AOvVaw3KlIJfm9GW7ubqHcd6DSCo\" rel=\"nofollow noopener\" target=\"_blank\">d\u2019incendies<\/a> d\u00e9vastateurs du 8 au 28 juillet dernier.\u00a0Ces feux de for\u00eat ont fait six morts et provoqu\u00e9 d\u2019importants d\u00e9g\u00e2ts mat\u00e9riels, notamment aux habitations.<\/p>\n<p style=\"font-weight: 400;\">Les vid\u00e9os relay\u00e9es sur les r\u00e9seaux sociaux sont hallucinantes. Un d\u00e9cor de d\u00e9solation\u00a0: des maisons ravag\u00e9es par les flammes, des champs carbonis\u00e9s, un paysage de cendres, du b\u00e9tail d\u00e9cim\u00e9. Le gouvernement s\u2019est engag\u00e9 \u00e0\u00a0<a href=\"https:\/\/www.tsa-algerie.com\/incendies-en-algerie-lindemnisation-des-sinistres-lancee-le-18-aout\/\" data-saferedirecturl=\"https:\/\/www.google.com\/url?q=https:\/\/www.tsa-algerie.com\/incendies-en-algerie-lindemnisation-des-sinistres-lancee-le-18-aout\/&amp;source=gmail&amp;ust=1788010882378000&amp;usg=AOvVaw1nzmFJhz3tzcMImpTmy4bS\" rel=\"nofollow noopener\" target=\"_blank\">indemniser<\/a>\u00a0les sinistr\u00e9s qui ont \u00e9t\u00e9 recens\u00e9s et identifi\u00e9s.<\/p>\n<p class=\"a-lire-box\" style=\"&#13;&#10;                    margin:20px 0;&#13;&#10;                    padding:12px 0;&#13;&#10;                    border-top:1px solid #ddd;&#13;&#10;                    border-bottom:1px solid #ddd;&#13;&#10;                    line-height:1.8;&#13;&#10;                 \">&#13;<br \/>\n                    A lire aussi :&#13;<br \/>\n                    <a href=\"https:\/\/www.tsa-algerie.com\/inscription-a-la-vaccination-anti-covid-prenez-rendez-vous-en-ligne\/\" class=\"a-lire-link\" style=\"color:#000;text-decoration:none;font-weight:600;\" rel=\"nofollow noopener\" target=\"_blank\">&#13;<br \/>\n                        Inscription \u00e0 la vaccination anti-Covid : prenez rendez-vous en ligne&#13;<br \/>\n                    <\/a>&#13;\n                <\/p>\n<p>Une enveloppe de 6 milliards pour les sinistr\u00e9s des incendies de juillet dernier<\/p>\n<p style=\"font-weight: 400;\">Le secteur du logement prend en charge les personnes touch\u00e9es par les incendies de for\u00eat et verse une aide financi\u00e8re \u00e0 188 familles dans sept wilayas du pays, pour un montant total de 60 millions de dinars, selon un communiqu\u00e9 du minist\u00e8re de l\u2019Habitat et de l\u2019Urbanisme publi\u00e9 jeudi 27 ao\u00fbt.<\/p>\n<p class=\"a-lire-box\" style=\"&#13;&#10;                    margin:20px 0;&#13;&#10;                    padding:12px 0;&#13;&#10;                    border-top:1px solid #ddd;&#13;&#10;                    border-bottom:1px solid #ddd;&#13;&#10;                    line-height:1.8;&#13;&#10;                 \">&#13;<br \/>\n                    A lire aussi :&#13;<br \/>\n                    <a href=\"https:\/\/www.tsa-algerie.com\/algerie-revelations-glacantes-sur-le-drame-du-bus-de-oued-el-harrach\/\" class=\"a-lire-link\" style=\"color:#000;text-decoration:none;font-weight:600;\" rel=\"nofollow noopener\" target=\"_blank\">&#13;<br \/>\n                        Alg\u00e9rie : r\u00e9v\u00e9lations gla\u00e7antes sur le drame du bus de Oued El Harrach&#13;<br \/>\n                    <\/a>&#13;\n                <\/p>\n<p style=\"font-weight: 400;\">Dans le cadre du soutien d\u2019urgence apport\u00e9 aux familles sinistr\u00e9es, de l\u2019\u00e9valuation des d\u00e9g\u00e2ts et du lancement des proc\u00e9dures d\u2019indemnisation visant \u00e0 r\u00e9gulariser leur situation avant fin ao\u00fbt 2026, le minist\u00e8re de l\u2019Habitat annonce qu\u2019\u00e0 la suite du d\u00e9ploiement d\u2019agents de l\u2019organisme de Contr\u00f4le technique des constructions (CTC) accompagn\u00e9s de repr\u00e9sentants des directions de l\u2019Urbanisme et des Offices de promotion immobili\u00e8re, dans les wilayas touch\u00e9es,\u00a0 le recensement d\u00e9finitif des familles sinistr\u00e9es est achev\u00e9. Au total, 188 familles r\u00e9parties dans sept wilayas ont \u00e9t\u00e9 recens\u00e9es.<\/p>\n<p style=\"font-weight: 400;\">Il s\u2019agit d\u2019Annaba\u00a0: 88 familles, B\u00e9ja\u00efa\u00a0: 49 familles, Skikda\u00a0: 23 familles, Guelma\u00a0: 15 familles, Bouira\u00a0: 9 familles, Boumerd\u00e8s\u00a0: 3 familles et El Tarf\u00a0: une famille.<\/p>\n<p class=\"a-lire-box\" style=\"&#13;&#10;                    margin:20px 0;&#13;&#10;                    padding:12px 0;&#13;&#10;                    border-top:1px solid #ddd;&#13;&#10;                    border-bottom:1px solid #ddd;&#13;&#10;                    line-height:1.8;&#13;&#10;                 \">&#13;<br \/>\n                    A lire aussi :&#13;<br \/>\n                    <a href=\"https:\/\/www.tsa-algerie.com\/caricatures-de-chirac-a-macron-comment-la-position-de-la-france-a-evolue\/\" class=\"a-lire-link\" style=\"color:#000;text-decoration:none;font-weight:600;\" rel=\"nofollow noopener\" target=\"_blank\">&#13;<br \/>\n                        Caricatures\u00a0: de Chirac \u00e0 Macron, comment la position de la France a \u00e9volu\u00e9&#13;<br \/>\n                    <\/a>&#13;\n                <\/p>\n<p style=\"font-weight: 400;\">Le versement des aides financi\u00e8res a \u00e9t\u00e9 effectu\u00e9 et des travaux de r\u00e9habilitation et de restauration des maisons endommag\u00e9es par les flammes on \u00e9t\u00e9 lanc\u00e9s \u00ab dans le cadre d\u2019un plan d\u2019urgence visant \u00e0 reloger au plus vite les familles concern\u00e9es dans des conditions d\u00e9centes \u00bb.<\/p>\n<p style=\"font-weight: 400;\">Un soulagement pour ces sinistr\u00e9s qui ont tout perdu dans ces incendies d\u00e9vastateurs et qui esp\u00e8rent retrouver, prochainement, une vie normale.<\/p>\n","protected":false},"excerpt":{"rendered":"L\u2019Alg\u00e9rie a \u00e9t\u00e9 touch\u00e9e par une vague in\u00e9dite\u00a0d\u2019incendies d\u00e9vastateurs du 8 au 28 juillet dernier.\u00a0Ces feux de for\u00eat&hellip;\n","protected":false},"author":2,"featured_media":193973,"comment_status":"","ping_status":"","sticky":false,"template":"","format":"standard","meta":{"footnotes":"","_share_on_mastodon":"0"},"categories":[85],"tags":[116,34539,3754],"class_list":["post-193972","post","type-post","status-publish","format-standard","has-post-thumbnail","category-algerie","tag-algerie","tag-feux-de-foret","tag-incendies"],"share_on_mastodon":{"url":"https:\/\/pubeurope.com\/@afrique\/117173822688038002","error":""},"_links":{"self":[{"href":"https:\/\/www.europesays.com\/afrique\/wp-json\/wp\/v2\/posts\/193972","targetHints":{"allow":["GET"]}}],"collection":[{"href":"https:\/\/www.europesays.com\/afrique\/wp-json\/wp\/v2\/posts"}],"about":[{"href":"https:\/\/www.europesays.com\/afrique\/wp-json\/wp\/v2\/types\/post"}],"author":[{"embeddable":true,"href":"https:\/\/www.europesays.com\/afrique\/wp-json\/wp\/v2\/users\/2"}],"replies":[{"embeddable":true,"href":"https:\/\/www.europesays.com\/afrique\/wp-json\/wp\/v2\/comments?post=193972"}],"version-history":[{"count":0,"href":"https:\/\/www.europesays.com\/afrique\/wp-json\/wp\/v2\/posts\/193972\/revisions"}],"wp:featuredmedia":[{"embeddable":true,"href":"https:\/\/www.europesays.com\/afrique\/wp-json\/wp\/v2\/media\/193973"}],"wp:attachment":[{"href":"https:\/\/www.europesays.com\/afrique\/wp-json\/wp\/v2\/media?parent=193972"}],"wp:term":[{"taxonomy":"category","embeddable":true,"href":"https:\/\/www.europesays.com\/afrique\/wp-json\/wp\/v2\/categories?post=193972"},{"taxonomy":"post_tag","embeddable":true,"href":"https:\/\/www.europesays.com\/afrique\/wp-json\/wp\/v2\/tags?post=193972"}],"curies":[{"name":"wp","href":"https:\/\/api.w.org\/{rel}","templated":true}]}}