{"id":194385,"date":"2026-08-29T07:21:11","date_gmt":"2026-08-29T07:21:11","guid":{"rendered":"https:\/\/www.europesays.com\/afrique\/194385\/"},"modified":"2026-08-29T07:21:11","modified_gmt":"2026-08-29T07:21:11","slug":"incendies-en-algerie-pourquoi-les-avions-nont-pas-ete-utilises-a-jijel","status":"publish","type":"post","link":"https:\/\/www.europesays.com\/afrique\/194385\/","title":{"rendered":"Incendies en Alg\u00e9rie : pourquoi les avions n\u2019ont pas \u00e9t\u00e9 utilis\u00e9s \u00e0 Jijel"},"content":{"rendered":"<p>L\u2019Alg\u00e9rie est endeuill\u00e9e par des <a href=\"https:\/\/www.tsa-algerie.com\/incendies-de-jijel-sifi-ghrieb-assiste-aux-obseques-des-victimes\/\" target=\"_blank\" rel=\"noopener nofollow\">incendies<\/a> de grande ampleur qui ont fait de nombreux morts et de bless\u00e9s, notamment \u00e0 Jijel, la wilaya la plus durement touch\u00e9e par la trag\u00e9die.<\/p>\n<p>Pendant deux jours, mercredi et jeudi derniers, des incendies d\u2019une rare violence, attis\u00e9s par des vents qui ont atteint 100 km\/h, ont ravag\u00e9 des for\u00eats enti\u00e8res et ont fait de nombreux morts.<\/p>\n<p class=\"a-lire-box\" style=\"&#13;&#10;                    margin:20px 0;&#13;&#10;                    padding:12px 0;&#13;&#10;                    border-top:1px solid #ddd;&#13;&#10;                    border-bottom:1px solid #ddd;&#13;&#10;                    line-height:1.8;&#13;&#10;                 \">&#13;<br \/>\n                    A lire aussi :&#13;<br \/>\n                    <a href=\"https:\/\/www.tsa-algerie.com\/inscription-a-la-vaccination-anti-covid-prenez-rendez-vous-en-ligne\/\" class=\"a-lire-link\" style=\"color:#000;text-decoration:none;font-weight:600;\" rel=\"nofollow noopener\" target=\"_blank\">&#13;<br \/>\n                        Inscription \u00e0 la vaccination anti-Covid : prenez rendez-vous en ligne&#13;<br \/>\n                    <\/a>&#13;\n                <\/p>\n<p>Dans la commune de Djemaa Beni Habibi, l\u2019APC a recens\u00e9 de nombreux d\u00e9c\u00e8s qui ont \u00e9t\u00e9 inhum\u00e9s ce vendredi 28 ao\u00fbt en pr\u00e9sence du Premier ministre Sifi Ghrieb. De nombreux bless\u00e9s ont \u00e9t\u00e9 enregistr\u00e9s, certains se trouvent dans un \u00e9tat grave, ce qui a n\u00e9cessit\u00e9 leur \u00e9vacuation \u00e0 l\u2019h\u00f4pital des Grands br\u00fbl\u00e9s de Z\u00e9ralda.<\/p>\n<p class=\"a-lire-box\" style=\"&#13;&#10;                    margin:20px 0;&#13;&#10;                    padding:12px 0;&#13;&#10;                    border-top:1px solid #ddd;&#13;&#10;                    border-bottom:1px solid #ddd;&#13;&#10;                    line-height:1.8;&#13;&#10;                 \">&#13;<br \/>\n                    A lire aussi :&#13;<br \/>\n                    <a href=\"https:\/\/www.tsa-algerie.com\/algerie-revelations-glacantes-sur-le-drame-du-bus-de-oued-el-harrach\/\" class=\"a-lire-link\" style=\"color:#000;text-decoration:none;font-weight:600;\" rel=\"nofollow noopener\" target=\"_blank\">&#13;<br \/>\n                        Alg\u00e9rie : r\u00e9v\u00e9lations gla\u00e7antes sur le drame du bus de Oued El Harrach&#13;<br \/>\n                    <\/a>&#13;\n                <\/p>\n<p>Sifi Ghrieb : \u00ab les conditions m\u00e9t\u00e9o n\u2019ont pas permis d\u2019intervenir avec les avions \u00bb<\/p>\n<p>Ce vendredi, le Premier ministre a survol\u00e9 les r\u00e9gions touch\u00e9es par les incendies et a constat\u00e9 l\u2019\u00e9tendue des d\u00e9g\u00e2ts dans les villages perch\u00e9s sur les montagnes et ceux situ\u00e9s au milieu des for\u00eats. La wilaya de Jijel est l\u2019une des r\u00e9gions les plus bois\u00e9es d\u2019Alg\u00e9rie.<\/p>\n<p>Les sapeurs-pompiers appuy\u00e9s par des soldats de l\u2019ANP, des gendarmes et des policiers ainsi que des b\u00e9n\u00e9voles ont lutt\u00e9 sans rel\u00e2che contre les flammes, mais leur t\u00e2che a \u00e9t\u00e9 compliqu\u00e9e par des vents violents qui soufflaient sur cette r\u00e9gion. Certains se sont interrog\u00e9s sur la non-utilisation des avions bombardiers d\u2019eau dans la lutte contre les incendies.<\/p>\n<p class=\"a-lire-box\" style=\"&#13;&#10;                    margin:20px 0;&#13;&#10;                    padding:12px 0;&#13;&#10;                    border-top:1px solid #ddd;&#13;&#10;                    border-bottom:1px solid #ddd;&#13;&#10;                    line-height:1.8;&#13;&#10;                 \">&#13;<br \/>\n                    A lire aussi :&#13;<br \/>\n                    <a href=\"https:\/\/www.tsa-algerie.com\/caricatures-de-chirac-a-macron-comment-la-position-de-la-france-a-evolue\/\" class=\"a-lire-link\" style=\"color:#000;text-decoration:none;font-weight:600;\" rel=\"nofollow noopener\" target=\"_blank\">&#13;<br \/>\n                        Caricatures\u00a0: de Chirac \u00e0 Macron, comment la position de la France a \u00e9volu\u00e9&#13;<br \/>\n                    <\/a>&#13;\n                <\/p>\n<p>\u00ab Malheureusement, les conditions m\u00e9t\u00e9o \u00e9taient difficiles hier et avant-hier. Des vents de 80-100 km\/h n\u2019ont pas permis l\u2019utilisation des avions, mais aujourd\u2019hui nous avons pu intervenir avec ces appareils et la situation s\u2019est stabilis\u00e9e \u00bb, a expliqu\u00e9 Sifi Ghrieb dans une d\u00e9claration \u00e0 la presse apr\u00e8s sa visite \u00e0 Jijel. Le Premier ministre a salu\u00e9 la solidarit\u00e9 des Alg\u00e9riens dans cette \u00e9preuve.<\/p>\n","protected":false},"excerpt":{"rendered":"L\u2019Alg\u00e9rie est endeuill\u00e9e par des incendies de grande ampleur qui ont fait de nombreux morts et de bless\u00e9s,&hellip;\n","protected":false},"author":2,"featured_media":194386,"comment_status":"","ping_status":"","sticky":false,"template":"","format":"standard","meta":{"footnotes":"","_share_on_mastodon":"0"},"categories":[85],"tags":[116,34539,3754],"class_list":["post-194385","post","type-post","status-publish","format-standard","has-post-thumbnail","category-algerie","tag-algerie","tag-feux-de-foret","tag-incendies"],"share_on_mastodon":{"url":"https:\/\/pubeurope.com\/@afrique\/117177593549465133","error":""},"_links":{"self":[{"href":"https:\/\/www.europesays.com\/afrique\/wp-json\/wp\/v2\/posts\/194385","targetHints":{"allow":["GET"]}}],"collection":[{"href":"https:\/\/www.europesays.com\/afrique\/wp-json\/wp\/v2\/posts"}],"about":[{"href":"https:\/\/www.europesays.com\/afrique\/wp-json\/wp\/v2\/types\/post"}],"author":[{"embeddable":true,"href":"https:\/\/www.europesays.com\/afrique\/wp-json\/wp\/v2\/users\/2"}],"replies":[{"embeddable":true,"href":"https:\/\/www.europesays.com\/afrique\/wp-json\/wp\/v2\/comments?post=194385"}],"version-history":[{"count":0,"href":"https:\/\/www.europesays.com\/afrique\/wp-json\/wp\/v2\/posts\/194385\/revisions"}],"wp:featuredmedia":[{"embeddable":true,"href":"https:\/\/www.europesays.com\/afrique\/wp-json\/wp\/v2\/media\/194386"}],"wp:attachment":[{"href":"https:\/\/www.europesays.com\/afrique\/wp-json\/wp\/v2\/media?parent=194385"}],"wp:term":[{"taxonomy":"category","embeddable":true,"href":"https:\/\/www.europesays.com\/afrique\/wp-json\/wp\/v2\/categories?post=194385"},{"taxonomy":"post_tag","embeddable":true,"href":"https:\/\/www.europesays.com\/afrique\/wp-json\/wp\/v2\/tags?post=194385"}],"curies":[{"name":"wp","href":"https:\/\/api.w.org\/{rel}","templated":true}]}}