{"id":194639,"date":"2026-08-29T13:48:21","date_gmt":"2026-08-29T13:48:21","guid":{"rendered":"https:\/\/www.europesays.com\/afrique\/194639\/"},"modified":"2026-08-29T13:48:21","modified_gmt":"2026-08-29T13:48:21","slug":"rochefort-un-pompier-norvegien-en-route-pour-lafrique-du-sud-fait-etape-dans-les-casernes-de-charente-maritime-angers-info","status":"publish","type":"post","link":"https:\/\/www.europesays.com\/afrique\/194639\/","title":{"rendered":"Rochefort : Un pompier norv\u00e9gien en route pour l\u2019Afrique du Sud fait \u00e9tape dans les casernes de Charente-Maritime \u2013 Angers Info"},"content":{"rendered":"<p>        Publi\u00e9 le 29\/08\/2026 \u00e0 15:37<\/p>\n<p><img decoding=\"async\" src=\"https:\/\/www.europesays.com\/afrique\/wp-content\/uploads\/2026\/08\/image-6-1024x682.png\" alt=\"L\u2019image actuelle n\u2019a pas de texte alternatif. Le nom du fichier est\u00a0: image-6.png\"\/>Lors de son passage en Charente-Maritime, le pompier norv\u00e9gien Runar Eide a fait escale \u00e0 la caserne de Rochefort au cours de son p\u00e9riple \u00e0 v\u00e9lo vers l\u2019Afrique du Sud. (Image d\u2019illustration \/ DR)<\/p>\n<p class=\"wp-block-paragraph\">En pleine travers\u00e9e de l\u2019Europe \u00e0 v\u00e9lo \u00e9lectrique dans le cadre d\u2019un p\u00e9riple au long cours, le pompier professionnel norv\u00e9gien Runar Eide fait \u00e9tape dans les centres de secours locaux, notamment \u00e0 Rochefort.<\/p>\n<p class=\"wp-block-paragraph\">Une parenth\u00e8se personnelle devenue une aventure solidaire<\/p>\n<p class=\"wp-block-paragraph\">En cong\u00e9 sabbatique apr\u00e8s 15 ans de service \u00e0 Oslo, Runar Eide s\u2019est lanc\u00e9 le 20 juillet 2026 dans un voyage \u00e0 v\u00e9lo \u00e0 assistance \u00e9lectrique reliant le Danemark \u00e0 l\u2019Afrique du Sud. Charg\u00e9 de 80 kilos d\u2019\u00e9quipement et parcourant entre 50 et 100 kilom\u00e8tres par jour, le trentenaire a ressenti le besoin d\u2019aller \u00e0 la rencontre de ses pairs le long de son itin\u00e9raire pour partager son projet.<\/p>\n<p class=\"wp-block-paragraph\">Un accueil confraternel dans les centres de secours<\/p>\n<p class=\"wp-block-paragraph\">Accueilli par le capitaine Damien Thivent au centre de secours de Rochefort puis dans d\u2019autres unit\u00e9s lors de son passage en Charente-Maritime, le cycliste norv\u00e9gien b\u00e9n\u00e9ficie de la solidarit\u00e9 du r\u00e9seau des sapeurs-pompiers. Selon <a href=\"https:\/\/france3-regions.franceinfo.fr\/nouvelle-aquitaine\/charente-maritime\/rochefort\/la-famille-des-sapeurs-pompiers-est-exceptionnelle-parti-a-velo-un-pompier-norvegien-veut-rallier-l-afrique-du-sud-de-caserne-en-caserne-3407753.html\" rel=\"nofollow noopener\" target=\"_blank\">France 3 Nouvelle Aquitaine<\/a>, ces haltes impromptues permettent aux \u00e9quipes locales d\u2019\u00e9changer sur leurs pratiques op\u00e9rationnelles, l\u2019organisation des secours et le mat\u00e9riel avant que l\u2019aventurier ne poursuive sa route vers la Gironde.<\/p>\n<p>        <a href=\"https:\/\/www.annonces.legal\/outil\/my-angers-info\/formulaires\/?utm_source=My-angers-info&amp;utm_campaign=CTA-Article\" target=\"_blank\" rel=\"noopener noreferrer nofollow\" class=\"regiepro-banner-wrapper\"><\/p>\n<p>                <img decoding=\"async\" src=\"https:\/\/www.europesays.com\/afrique\/wp-content\/uploads\/2026\/08\/logo-angers-info-bloc-e1726138371470.jpg\" alt=\"Angers Info\" class=\"regiepro-logo-img\"\/><br \/>\n                en partenariat avec REGIEPRO<\/p>\n<p>\n                    Publiez<br \/>\n                    vos annonces l\u00e9gales\n                <\/p>\n<p>\n                    en quelques clics\n                <\/p>\n<p>\n                Je publie mon annonce \u2192\n            <\/p>\n<p>        <\/a><br \/>\n                                                                                        &#13;<br \/>\n        &#13;<\/p>\n","protected":false},"excerpt":{"rendered":"Publi\u00e9 le 29\/08\/2026 \u00e0 15:37 Lors de son passage en Charente-Maritime, le pompier norv\u00e9gien Runar Eide a fait&hellip;\n","protected":false},"author":2,"featured_media":194640,"comment_status":"","ping_status":"","sticky":false,"template":"","format":"standard","meta":{"footnotes":"","_share_on_mastodon":"0"},"categories":[123],"tags":[140,39226,58777,49085,339],"class_list":["post-194639","post","type-post","status-publish","format-standard","has-post-thumbnail","category-afrique-du-sud","tag-afrique-du-sud","tag-charente-maritime","tag-pompier-norvegien","tag-rochefort","tag-voyage"],"share_on_mastodon":{"url":"https:\/\/pubeurope.com\/@afrique\/117179115588296665","error":""},"_links":{"self":[{"href":"https:\/\/www.europesays.com\/afrique\/wp-json\/wp\/v2\/posts\/194639","targetHints":{"allow":["GET"]}}],"collection":[{"href":"https:\/\/www.europesays.com\/afrique\/wp-json\/wp\/v2\/posts"}],"about":[{"href":"https:\/\/www.europesays.com\/afrique\/wp-json\/wp\/v2\/types\/post"}],"author":[{"embeddable":true,"href":"https:\/\/www.europesays.com\/afrique\/wp-json\/wp\/v2\/users\/2"}],"replies":[{"embeddable":true,"href":"https:\/\/www.europesays.com\/afrique\/wp-json\/wp\/v2\/comments?post=194639"}],"version-history":[{"count":0,"href":"https:\/\/www.europesays.com\/afrique\/wp-json\/wp\/v2\/posts\/194639\/revisions"}],"wp:featuredmedia":[{"embeddable":true,"href":"https:\/\/www.europesays.com\/afrique\/wp-json\/wp\/v2\/media\/194640"}],"wp:attachment":[{"href":"https:\/\/www.europesays.com\/afrique\/wp-json\/wp\/v2\/media?parent=194639"}],"wp:term":[{"taxonomy":"category","embeddable":true,"href":"https:\/\/www.europesays.com\/afrique\/wp-json\/wp\/v2\/categories?post=194639"},{"taxonomy":"post_tag","embeddable":true,"href":"https:\/\/www.europesays.com\/afrique\/wp-json\/wp\/v2\/tags?post=194639"}],"curies":[{"name":"wp","href":"https:\/\/api.w.org\/{rel}","templated":true}]}}