{"id":194797,"date":"2026-08-29T17:33:08","date_gmt":"2026-08-29T17:33:08","guid":{"rendered":"https:\/\/www.europesays.com\/afrique\/194797\/"},"modified":"2026-08-29T17:33:08","modified_gmt":"2026-08-29T17:33:08","slug":"incendies-tragiques-en-algerie-tebboune-convaincu-de-lorigine-criminelle","status":"publish","type":"post","link":"https:\/\/www.europesays.com\/afrique\/194797\/","title":{"rendered":"Incendies tragiques en Alg\u00e9rie : Tebboune convaincu de l\u2019origine criminelle"},"content":{"rendered":"<p style=\"font-weight: 400;\">L\u2019Alg\u00e9rie a \u00e9t\u00e9 endeuill\u00e9e par des\u00a0<a href=\"https:\/\/www.tsa-algerie.com\/alerte-incendies-meurtriers-en-algerie-tebboune-evoque-la-piste-criminelle\/\" data-saferedirecturl=\"https:\/\/www.google.com\/url?q=https:\/\/www.tsa-algerie.com\/alerte-incendies-meurtriers-en-algerie-tebboune-evoque-la-piste-criminelle\/&amp;source=gmail&amp;ust=1788108596635000&amp;usg=AOvVaw1BJiDI-dsrITRXapl3pAjJ\" rel=\"nofollow noopener\" target=\"_blank\">incendies d\u00e9vastateurs<\/a> qui ont touch\u00e9 notamment ces derniers jours les wilayas de Jijel, Beja\u00efa et Tizi-Ouzou.<\/p>\n<p style=\"font-weight: 400;\">Ce samedi, le pr\u00e9sident de la R\u00e9publique,\u00a0<a href=\"https:\/\/www.tsa-algerie.com\/a-lhopital-des-grands-brules-de-zeralda-tebboune-rassure-les-blesses-des-incendies\/\" data-saferedirecturl=\"https:\/\/www.google.com\/url?q=https:\/\/www.tsa-algerie.com\/a-lhopital-des-grands-brules-de-zeralda-tebboune-rassure-les-blesses-des-incendies\/&amp;source=gmail&amp;ust=1788108596635000&amp;usg=AOvVaw0gC9sr4WHsQbs72wvAN-4o\" rel=\"nofollow noopener\" target=\"_blank\">Abdelmadjid Tebboune<\/a>, s\u2019est rendu au chevet des bless\u00e9s hospitalis\u00e9s \u00e0 l\u2019h\u00f4pital des grands br\u00fbl\u00e9s de Z\u00e9ralda, le plus grand du genre en Alg\u00e9rie. Sur place, il a \u00e9chang\u00e9 avec quelques bless\u00e9s originaires de Beja\u00efa et de Jijel, et \u00e9voqu\u00e9 la piste criminelle.<\/p>\n<p class=\"a-lire-box\" style=\"&#13;&#10;                    margin:20px 0;&#13;&#10;                    padding:12px 0;&#13;&#10;                    border-top:1px solid #ddd;&#13;&#10;                    border-bottom:1px solid #ddd;&#13;&#10;                    line-height:1.8;&#13;&#10;                 \">&#13;<br \/>\n                    A lire aussi :&#13;<br \/>\n                    <a href=\"https:\/\/www.tsa-algerie.com\/imane-khelif-dement-sa-retraite-et-accuse-son-ex-manager-de-trahison\/\" class=\"a-lire-link\" style=\"color:#000;text-decoration:none;font-weight:600;\" rel=\"nofollow noopener\" target=\"_blank\">&#13;<br \/>\n                        Imane Khelif d\u00e9ment sa retraite et accuse son ex-manager de trahison&#13;<br \/>\n                    <\/a>&#13;\n                <\/p>\n<p style=\"font-weight: 400;\">\u00ab C\u2019est vrai qu\u2019il y a la vitesse du vent qui n\u2019a pas permis l\u2019utilisation des avions, mais je pense qu\u2019il y a quelque chose de criminel dans ces incendies \u00bb, a-t-il d\u00e9clar\u00e9 lors d\u2019un \u00e9change avec le m\u00e9decin qui lui pr\u00e9sentait les malades.<\/p>\n<p class=\"a-lire-box\" style=\"&#13;&#10;                    margin:20px 0;&#13;&#10;                    padding:12px 0;&#13;&#10;                    border-top:1px solid #ddd;&#13;&#10;                    border-bottom:1px solid #ddd;&#13;&#10;                    line-height:1.8;&#13;&#10;                 \">&#13;<br \/>\n                    A lire aussi :&#13;<br \/>\n                    <a href=\"https:\/\/www.tsa-algerie.com\/visas-diplomatiques-lalgerie-accuse-la-france-de-mauvaise-foi\/\" class=\"a-lire-link\" style=\"color:#000;text-decoration:none;font-weight:600;\" rel=\"nofollow noopener\" target=\"_blank\">&#13;<br \/>\n                        Visas diplomatiques : l\u2019Alg\u00e9rie accuse la France de \u00ab mauvaise foi \u00bb&#13;<br \/>\n                    <\/a>&#13;\n                <\/p>\n<p>Tebboune sur les incendies\u00a0: \u00ab\u00a0Pour que le feu d\u00e9marre avec cette force, ce n\u2019est pas normal\u00a0\u00bb<\/p>\n<p style=\"font-weight: 400;\">\u00a0<\/p>\n<p style=\"font-weight: 400;\">\u00ab Pour que le feu d\u00e9marre avec cette force, ce n\u2019est pas normal. Nous allons faire les enqu\u00eates n\u00e9cessaires \u00bb, a ajout\u00e9 le chef de l\u2019Etat, tout en souhaitant un prompt r\u00e9tablissement \u00e0 un bless\u00e9 originaire de Taher, dans la wilaya de Jijel.<\/p>\n<p class=\"a-lire-box\" style=\"&#13;&#10;                    margin:20px 0;&#13;&#10;                    padding:12px 0;&#13;&#10;                    border-top:1px solid #ddd;&#13;&#10;                    border-bottom:1px solid #ddd;&#13;&#10;                    line-height:1.8;&#13;&#10;                 \">&#13;<br \/>\n                    A lire aussi :&#13;<br \/>\n                    <a href=\"https:\/\/www.tsa-algerie.com\/lalgerie-instaure-un-triple-controle-des-importations\/\" class=\"a-lire-link\" style=\"color:#000;text-decoration:none;font-weight:600;\" rel=\"nofollow noopener\" target=\"_blank\">&#13;<br \/>\n                        L\u2019Alg\u00e9rie instaure\u00a0un triple contr\u00f4le\u00a0des\u00a0importations&#13;<br \/>\n                    <\/a>&#13;\n                <\/p>\n<p style=\"font-weight: 400;\">Jeudi, le ministre de l\u2019Int\u00e9rieur et des Transports, Sa\u00efd Sayoud, a annonc\u00e9 \u00e0 partir de Jijel le lancement d\u2019enqu\u00eates approfondies pour d\u00e9terminer les causes des incendies d\u00e9vastateurs qui ont fait plusieurs morts.<\/p>\n<p style=\"font-weight: 400;\">Cet \u00e9t\u00e9, l\u2019Alg\u00e9rie a connu deux vagues d\u2019incendies meurtriers. Du 8 au 28 juillet dernier, les pompiers ont lutt\u00e9 sans rel\u00e2che, pendant 20 jours, contre des feux de for\u00eat d\u2019une rare violence qui ont fait six morts.<\/p>\n<p style=\"font-weight: 400;\">Les enqu\u00eates lanc\u00e9es par les services de s\u00e9curit\u00e9 ont abouti \u00e0 l\u2019arrestation de\u00a0<a href=\"https:\/\/www.tsa-algerie.com\/incendies-en-algerie-sept-pyromanes-ecroues-leurs-noms-devoiles\/\" data-saferedirecturl=\"https:\/\/www.google.com\/url?q=https:\/\/www.tsa-algerie.com\/incendies-en-algerie-sept-pyromanes-ecroues-leurs-noms-devoiles\/&amp;source=gmail&amp;ust=1788108596635000&amp;usg=AOvVaw0tRsZ6cn_tzV2G8fPlrWDT\" rel=\"nofollow noopener\" target=\"_blank\">11 pyromanes<\/a> dont certains ont \u00e9t\u00e9 pris en flagrant d\u00e9lit alors qu\u2019ils mettaient le feu. La seconde vague d\u2019incendies a touch\u00e9 le pays mercredi et jeudi derniers.<\/p>\n","protected":false},"excerpt":{"rendered":"L\u2019Alg\u00e9rie a \u00e9t\u00e9 endeuill\u00e9e par des\u00a0incendies d\u00e9vastateurs qui ont touch\u00e9 notamment ces derniers jours les wilayas de Jijel,&hellip;\n","protected":false},"author":2,"featured_media":194798,"comment_status":"","ping_status":"","sticky":false,"template":"","format":"standard","meta":{"footnotes":"","_share_on_mastodon":"0"},"categories":[85],"tags":[116,34539,3754,3911],"class_list":["post-194797","post","type-post","status-publish","format-standard","has-post-thumbnail","category-algerie","tag-algerie","tag-feux-de-foret","tag-incendies","tag-tebboune"],"share_on_mastodon":{"url":"https:\/\/pubeurope.com\/@afrique\/117180000016912686","error":""},"_links":{"self":[{"href":"https:\/\/www.europesays.com\/afrique\/wp-json\/wp\/v2\/posts\/194797","targetHints":{"allow":["GET"]}}],"collection":[{"href":"https:\/\/www.europesays.com\/afrique\/wp-json\/wp\/v2\/posts"}],"about":[{"href":"https:\/\/www.europesays.com\/afrique\/wp-json\/wp\/v2\/types\/post"}],"author":[{"embeddable":true,"href":"https:\/\/www.europesays.com\/afrique\/wp-json\/wp\/v2\/users\/2"}],"replies":[{"embeddable":true,"href":"https:\/\/www.europesays.com\/afrique\/wp-json\/wp\/v2\/comments?post=194797"}],"version-history":[{"count":0,"href":"https:\/\/www.europesays.com\/afrique\/wp-json\/wp\/v2\/posts\/194797\/revisions"}],"wp:featuredmedia":[{"embeddable":true,"href":"https:\/\/www.europesays.com\/afrique\/wp-json\/wp\/v2\/media\/194798"}],"wp:attachment":[{"href":"https:\/\/www.europesays.com\/afrique\/wp-json\/wp\/v2\/media?parent=194797"}],"wp:term":[{"taxonomy":"category","embeddable":true,"href":"https:\/\/www.europesays.com\/afrique\/wp-json\/wp\/v2\/categories?post=194797"},{"taxonomy":"post_tag","embeddable":true,"href":"https:\/\/www.europesays.com\/afrique\/wp-json\/wp\/v2\/tags?post=194797"}],"curies":[{"name":"wp","href":"https:\/\/api.w.org\/{rel}","templated":true}]}}