{"id":194871,"date":"2026-08-29T19:23:21","date_gmt":"2026-08-29T19:23:21","guid":{"rendered":"https:\/\/www.europesays.com\/afrique\/194871\/"},"modified":"2026-08-29T19:23:21","modified_gmt":"2026-08-29T19:23:21","slug":"moodys-abaisse-le-senegal-a-caa2-les-10-red-flags-qui-plombent-sa-souverainete-financiere","status":"publish","type":"post","link":"https:\/\/www.europesays.com\/afrique\/194871\/","title":{"rendered":"Moody\u2019s abaisse le S\u00e9n\u00e9gal \u00e0 Caa2: les 10 red flags qui plombent sa souverainet\u00e9 financi\u00e8re"},"content":{"rendered":"<p class=\"default__StyledText-sc-10mj2vp-0 CxBBS body-paragraph\">Caa2. Quatre caract\u00e8res derri\u00e8re lesquels se cache un verdict cinglant: le S\u00e9n\u00e9gal n\u2019a plus droit \u00e0 l\u2019erreur. En rel\u00e9guant le S\u00e9n\u00e9gal de Caa1 \u00e0 Caa2, Moody\u2019s n\u2019a pas simplement ajust\u00e9 une note. Elle a dress\u00e9 une cartographie clinique des fragilit\u00e9s qui grippent la machine financi\u00e8re dakaroise. Premi\u00e8re alerte: la perspective reste n\u00e9gative, ce qui signifie que la d\u00e9gradation n\u2019est pas un point d\u2019arriv\u00e9e mais un palier vers de nouvelles sanctions.<\/p>\n<p class=\"interstitial-link block-margin-bottom\">Lire aussi : <a href=\"https:\/\/afrique.le360.ma\/economie\/senegal-degradation-de-la-note-souveraine-avec-perspective-negative_BWPTM4RZXRG33J4AZNIBAVG5O4\/\" aria-label=\"Ouvrir un article associ\u00e9\" class=\"default__StyledLink-sc-10mj2vp-1 kkYPzd\" rel=\"nofollow noopener\" target=\"_blank\">S\u00e9n\u00e9gal: d\u00e9gradation de la note souveraine avec perspective n\u00e9gative<\/a><\/p>\n<p class=\"default__StyledText-sc-10mj2vp-0 CxBBS body-paragraph\">Deuxi\u00e8me signal: le risque de d\u00e9faut est explicitement mentionn\u00e9, une formulation que les agences utilisent avec parcimonie et qui, dans le cas s\u00e9n\u00e9galais, refl\u00e8te des tensions persistantes sur les finances publiques. Troisi\u00e8me faille: ces tensions ne rel\u00e8vent pas d\u2019un choc conjoncturel ; elles s\u2019inscrivent dans la dur\u00e9e, \u00e9rodant la pr\u00e9visibilit\u00e9 budg\u00e9taire dont tout \u00c9tat a besoin pour attirer des capitaux longs. <\/p>\n<p class=\"default__StyledText-sc-10mj2vp-0 CxBBS body-paragraph\">Quatri\u00e8me alerte: les besoins de refinancement de l\u2019\u00c9tat sont jug\u00e9s \u00e9lev\u00e9s, exposant le Tr\u00e9sor \u00e0 un effet ciseau entre des \u00e9ch\u00e9ances lourdes et des marges budg\u00e9taires r\u00e9duites. Cinqui\u00e8me red flag: l\u2019absence prolong\u00e9e d\u2019un nouveau programme avec le FMI prive le pays d\u2019un parapluie financier et d\u2019un gage de cr\u00e9dibilit\u00e9, tout en limitant l\u2019acc\u00e8s aux financements concessionnels. <\/p>\n<p class=\"default__StyledText-sc-10mj2vp-0 CxBBS body-paragraph\">Sixi\u00e8me cons\u00e9quence directe: cette restriction pousse Dakar \u00e0 se tourner davantage vers le march\u00e9 financier r\u00e9gional, plus court et plus co\u00fbteux, ce qui transforme la liquidit\u00e9 domestique en variable d\u2019ajustement. Septi\u00e8me fragilit\u00e9: Moody\u2019s estime que les besoins de financement demeurent importants, entretenant une pression constante sur les ressources du secteur bancaire local.<\/p>\n<p class=\"default__StyledText-sc-10mj2vp-0 CxBBS body-paragraph\">Huiti\u00e8me point noir: le poids de la dette publique continuera de peser sur les marges de man\u0153uvre budg\u00e9taires, r\u00e9duisant la capacit\u00e9 de l\u2019\u00c9tat \u00e0 amortir les chocs externes et \u00e0 financer les priorit\u00e9s sociales. Neuvi\u00e8me alerte: malgr\u00e9 les efforts d\u2019assainissement engag\u00e9s par les autorit\u00e9s, l\u2019agence anticipe que le niveau d\u2019endettement restera \u00e9lev\u00e9 au cours des prochaines ann\u00e9es, un scepticisme qui d\u00e9cr\u00e9dibilise en creux la trajectoire de redressement annonc\u00e9e.<\/p>\n<p class=\"interstitial-link block-margin-bottom\">Lire aussi : <a href=\"https:\/\/fr.le360.ma\/economie\/moodys-releve-la-note-souveraine-du-maroc-et-ouvre-la-voie-a-linvestment-grade_AKE2IDATR5GWFIT5NABB37FD7Q\/\" aria-label=\"Ouvrir un article associ\u00e9\" class=\"default__StyledLink-sc-10mj2vp-1 kkYPzd\" rel=\"nofollow noopener\" target=\"_blank\">Moody\u2019s rel\u00e8ve la note souveraine du Maroc et ouvre la voie \u00e0 l\u2019\u00abInvestment Grade\u00bb<\/a><\/p>\n<p class=\"default__StyledText-sc-10mj2vp-0 CxBBS body-paragraph\">Dixi\u00e8me et dernier red flag: la note Caa2 place la dette souveraine s\u00e9n\u00e9galaise dans une cat\u00e9gorie associ\u00e9e \u00e0 un risque de cr\u00e9dit tr\u00e8s \u00e9lev\u00e9, ce qui \u00e9carte les investisseurs institutionnels et rench\u00e9rit le co\u00fbt du capital au moment o\u00f9 le pays a le plus besoin de financements. <\/p>\n<p class=\"default__StyledText-sc-10mj2vp-0 CxBBS body-paragraph\">La mission du FMI actuellement \u00e0 Dakar appara\u00eet d\u00e8s lors comme la variable d\u00e9cisive. Selon Moody\u2019s, la conclusion d\u2019un accord pourrait renforcer la cr\u00e9dibilit\u00e9 financi\u00e8re, faciliter l\u2019acc\u00e8s aux financements ext\u00e9rieurs et r\u00e9duire les risques li\u00e9s au refinancement. Mais tant que cet accord n\u2019est pas sign\u00e9, le S\u00e9n\u00e9gal reste suspendu \u00e0 un fil budg\u00e9taire que chaque tension de march\u00e9 peut fragiliser un peu plus. Loin d\u2019un simple signal technique, ce d\u00e9classement illustre combien la marge de man\u0153uvre d\u2019un \u00c9tat d\u00e9pend d\u00e9sormais de sa capacit\u00e9 \u00e0 obtenir un ancrage multilat\u00e9ral.<\/p>\n<p>Par Le360 (avec MAP)<\/p>\n<p>Le 29\/08\/2026 \u00e0 16h55<\/p>\n","protected":false},"excerpt":{"rendered":"Caa2. Quatre caract\u00e8res derri\u00e8re lesquels se cache un verdict cinglant: le S\u00e9n\u00e9gal n\u2019a plus droit \u00e0 l\u2019erreur. En&hellip;\n","protected":false},"author":2,"featured_media":194872,"comment_status":"","ping_status":"","sticky":false,"template":"","format":"standard","meta":{"footnotes":"","_share_on_mastodon":"0"},"categories":[84],"tags":[58863,12827,3030,58862,15482,2555,11],"class_list":["post-194871","post","type-post","status-publish","format-standard","has-post-thumbnail","category-senegal","tag-caa2","tag-endettement","tag-fmi","tag-moody-s","tag-notation-souveraine","tag-programme","tag-senegal"],"share_on_mastodon":{"url":"https:\/\/pubeurope.com\/@afrique\/117180432809029617","error":""},"_links":{"self":[{"href":"https:\/\/www.europesays.com\/afrique\/wp-json\/wp\/v2\/posts\/194871","targetHints":{"allow":["GET"]}}],"collection":[{"href":"https:\/\/www.europesays.com\/afrique\/wp-json\/wp\/v2\/posts"}],"about":[{"href":"https:\/\/www.europesays.com\/afrique\/wp-json\/wp\/v2\/types\/post"}],"author":[{"embeddable":true,"href":"https:\/\/www.europesays.com\/afrique\/wp-json\/wp\/v2\/users\/2"}],"replies":[{"embeddable":true,"href":"https:\/\/www.europesays.com\/afrique\/wp-json\/wp\/v2\/comments?post=194871"}],"version-history":[{"count":0,"href":"https:\/\/www.europesays.com\/afrique\/wp-json\/wp\/v2\/posts\/194871\/revisions"}],"wp:featuredmedia":[{"embeddable":true,"href":"https:\/\/www.europesays.com\/afrique\/wp-json\/wp\/v2\/media\/194872"}],"wp:attachment":[{"href":"https:\/\/www.europesays.com\/afrique\/wp-json\/wp\/v2\/media?parent=194871"}],"wp:term":[{"taxonomy":"category","embeddable":true,"href":"https:\/\/www.europesays.com\/afrique\/wp-json\/wp\/v2\/categories?post=194871"},{"taxonomy":"post_tag","embeddable":true,"href":"https:\/\/www.europesays.com\/afrique\/wp-json\/wp\/v2\/tags?post=194871"}],"curies":[{"name":"wp","href":"https:\/\/api.w.org\/{rel}","templated":true}]}}