{"id":195066,"date":"2026-08-30T02:28:18","date_gmt":"2026-08-30T02:28:18","guid":{"rendered":"https:\/\/www.europesays.com\/afrique\/195066\/"},"modified":"2026-08-30T02:28:18","modified_gmt":"2026-08-30T02:28:18","slug":"affaire-aziz-dabala-modou-lo-refuse-une-nouvelle-audition-nabou-leye-maintient-sa-version-des-faits","status":"publish","type":"post","link":"https:\/\/www.europesays.com\/afrique\/195066\/","title":{"rendered":"Affaire Aziz Dabala : Modou Lo refuse une nouvelle audition, Nabou Leye maintient sa version des faits"},"content":{"rendered":"<p>\t\t\t\t\t Dans le cadre de l\u2019instruction relative au double meurtre d\u2019Abdoul Aziz Ba, dit Aziz Dabala, et de Boubacar Gano, alias Wally, le juge d\u2019instruction du premier cabinet du tribunal de grande instance de Pikine-Gu\u00e9diawaye a proc\u00e9d\u00e9, ce vendredi, \u00e0 de nouvelles diligences concernant plusieurs personnes mises en cause.<\/p>\n<p>Contrairement \u00e0 la danseuse Mar\u00e8me Leye, dite Nabou Leye, qui a \u00e9t\u00e9 entendue par le magistrat instructeur, Mamadou Lamine Diaw, alias Modou Lo, pr\u00e9sent\u00e9 comme le principal suspect, a refus\u00e9 de r\u00e9pondre aux questions du juge. &#13;\t\t\t\t\t <\/p>\n<p>Extrait de son lieu de d\u00e9tention et conduit devant le doyen des juges, l\u2019int\u00e9ress\u00e9 aurait justifi\u00e9 son refus par une altercation survenue avec des agents p\u00e9nitentiaires. En cons\u00e9quence, son audition a \u00e9t\u00e9 renvoy\u00e9e \u00e0 une date ult\u00e9rieure.&#13;\t\t\t\t\t <\/p>\n<p>Entendue \u00e0 nouveau, Nabou Leye a, pour sa part, r\u00e9it\u00e9r\u00e9 sa version des faits concernant la nuit du double meurtre. Interrog\u00e9e sur ses d\u00e9placements au moment des faits, elle a maintenu n\u2019avoir jamais quitt\u00e9 son domicile. &#13;\t\t\t\t\t <\/p>\n<p>Cette affirmation serait, selon les \u00e9l\u00e9ments communiqu\u00e9s au cours de l\u2019audition, corrobor\u00e9e par les donn\u00e9es de g\u00e9olocalisation de son t\u00e9l\u00e9phone, lesquelles situeraient l\u2019appareil \u00e0 son domicile durant la p\u00e9riode concern\u00e9e.&#13;\t\t\t\t\t <\/p>\n<p>La mise en cause aurait en outre consenti \u00e0 une nouvelle exploitation de son t\u00e9l\u00e9phone portable et remis volontairement son code d\u2019acc\u00e8s aux enqu\u00eateurs afin de permettre des v\u00e9rifications compl\u00e9mentaires. &#13;\t\t\t\t\t <\/p>\n<p>L\u2019appareil avait d\u00e9j\u00e0 \u00e9t\u00e9 exploit\u00e9 par la Division des investigations criminelles lors de l\u2019enqu\u00eate pr\u00e9liminaire, laquelle avait notamment \u00e9tabli qu\u2019elle avait entretenu pendant plusieurs heures des communications avec une amie dont elle avait fourni l\u2019identit\u00e9 et les coordonn\u00e9es aux enqu\u00eateurs.&#13;\t\t\t\t\t <\/p>\n<p>Plac\u00e9e sous mandat de d\u00e9p\u00f4t depuis ao\u00fbt 2024 pour association de malfaiteurs, complicit\u00e9 d\u2019assassinat et actes de barbarie, Nabou Leye demeure ainsi au c\u0153ur de l\u2019instruction. &#13;\t\t\t\t\t <\/p>\n<p>Mamadou Lamine Diaw, alias Modou Lo, est \u00e9galement d\u00e9tenu dans le cadre de la m\u00eame proc\u00e9dure et sous les m\u00eames qualifications p\u00e9nales. &#13;\t\t\t\t\t <\/p>\n<p>L\u2019instruction se poursuit, le juge conservant la facult\u00e9 d\u2019ordonner toute mesure d\u2019investigation qu\u2019il estimera n\u00e9cessaire \u00e0 la manifestation de la v\u00e9rit\u00e9.&#13;\t\t\t\t\t <\/p>\n","protected":false},"excerpt":{"rendered":"Dans le cadre de l\u2019instruction relative au double meurtre d\u2019Abdoul Aziz Ba, dit Aziz Dabala, et de Boubacar&hellip;\n","protected":false},"author":2,"featured_media":195067,"comment_status":"","ping_status":"","sticky":false,"template":"","format":"standard","meta":{"footnotes":"","_share_on_mastodon":"0"},"categories":[84],"tags":[4142,4152,4156,4147,4148,3519,4157,4144,4154,4146,4138,4150,4153,4140,4151,199,2058,1875,4155,4139,4143,11,4149,4145,4141,1936],"class_list":["post-195066","post","type-post","status-publish","format-standard","has-post-thumbnail","category-senegal","tag-adji","tag-ale","tag-bassiroudiomaye-faye","tag-dakaractu","tag-dakarmatin","tag-depute","tag-diagne","tag-gendarmerie","tag-guy","tag-leral","tag-macky","tag-mariemefaye","tag-niang","tag-ousmane","tag-papa","tag-pastef","tag-police","tag-prison","tag-sagna","tag-sall","tag-sarr","tag-senegal","tag-senenews","tag-seneweb","tag-sonko","tag-tribunal"],"share_on_mastodon":{"url":"https:\/\/pubeurope.com\/@afrique\/117182103943674645","error":""},"_links":{"self":[{"href":"https:\/\/www.europesays.com\/afrique\/wp-json\/wp\/v2\/posts\/195066","targetHints":{"allow":["GET"]}}],"collection":[{"href":"https:\/\/www.europesays.com\/afrique\/wp-json\/wp\/v2\/posts"}],"about":[{"href":"https:\/\/www.europesays.com\/afrique\/wp-json\/wp\/v2\/types\/post"}],"author":[{"embeddable":true,"href":"https:\/\/www.europesays.com\/afrique\/wp-json\/wp\/v2\/users\/2"}],"replies":[{"embeddable":true,"href":"https:\/\/www.europesays.com\/afrique\/wp-json\/wp\/v2\/comments?post=195066"}],"version-history":[{"count":0,"href":"https:\/\/www.europesays.com\/afrique\/wp-json\/wp\/v2\/posts\/195066\/revisions"}],"wp:featuredmedia":[{"embeddable":true,"href":"https:\/\/www.europesays.com\/afrique\/wp-json\/wp\/v2\/media\/195067"}],"wp:attachment":[{"href":"https:\/\/www.europesays.com\/afrique\/wp-json\/wp\/v2\/media?parent=195066"}],"wp:term":[{"taxonomy":"category","embeddable":true,"href":"https:\/\/www.europesays.com\/afrique\/wp-json\/wp\/v2\/categories?post=195066"},{"taxonomy":"post_tag","embeddable":true,"href":"https:\/\/www.europesays.com\/afrique\/wp-json\/wp\/v2\/tags?post=195066"}],"curies":[{"name":"wp","href":"https:\/\/api.w.org\/{rel}","templated":true}]}}