{"id":195365,"date":"2026-08-30T12:56:14","date_gmt":"2026-08-30T12:56:14","guid":{"rendered":"https:\/\/www.europesays.com\/afrique\/195365\/"},"modified":"2026-08-30T12:56:14","modified_gmt":"2026-08-30T12:56:14","slug":"alerte-meteo-en-tunisie-pluies-intenses-et-vents-a-plus-de-70-km-h-ce-dimanche","status":"publish","type":"post","link":"https:\/\/www.europesays.com\/afrique\/195365\/","title":{"rendered":"Alerte m\u00e9t\u00e9o en Tunisie : pluies intenses et vents \u00e0 plus de 70 km\/h ce dimanche"},"content":{"rendered":"<p>                                    Alerte m\u00e9t\u00e9o en Tunisie : pluies intenses et vents \u00e0 plus de 70 km\/h ce dimanche<\/p>\n<p dir=\"LTR\">&#13;<br \/>\n\tLe temps conna\u00eetra, cet apr\u00e8s-midi dimanche 30 ao\u00fbt 2026, une situation instable, avec l\u2019apparition de cellules orageuses accompagn\u00e9es de pluies et de vents forts dans les r\u00e9gions occidentales du Nord et du Centre. Ces perturbations s\u2019\u00e9tendront progressivement \u00e0 plusieurs r\u00e9gions de l\u2019Est.<\/p>\n<p>&#13;<\/p>\n<p>                                    <img decoding=\"async\" style=\"max-width:100%;\" src=\"https:\/\/www.europesays.com\/afrique\/wp-content\/uploads\/2026\/03\/pluie-fr261225.jpg\" alt=\"Alerte m\u00e9t\u00e9o en Tunisie : pluies intenses et vents \u00e0 plus de 70 km\/h ce dimanche\"\/><\/p>\n<p dir=\"LTR\">&#13;<br \/>\n\tSiliana, Le Kef et Kasserine en premi\u00e8re ligne<\/p>\n<p>&#13;<\/p>\n<p dir=\"LTR\">&#13;<br \/>\n\tLes pr\u00e9cipitations seront parfois fortes, notamment dans les gouvernorats de Siliana, du Kef et de Kasserine, o\u00f9 les cumuls les plus importants devraient atteindre entre 20 et 40 millim\u00e8tres, avec un risque de gr\u00eale localis\u00e9e.<\/p>\n<p>&#13;<\/p>\n<p dir=\"LTR\">&#13;<br \/>\n\tDes rafales d\u00e9passant 70 km\/h<br \/>&#13;<br \/>\n\tLes cellules orageuses seront \u00e9galement accompagn\u00e9es de vents forts pouvant d\u00e9passer temporairement 70 km\/h en rafales, notamment lors du passage des nuages orageux, selon le bulletin de suivi publi\u00e9 par l\u2019Institut national de la m\u00e9t\u00e9orologie.<\/p>\n<p>&#13;<\/p>\n<p dir=\"LTR\">&#13;<br \/>\n\tLa situation instable se poursuit lundi<br \/>&#13;<br \/>\n\tLes conditions m\u00e9t\u00e9orologiques resteront, dans l\u2019apr\u00e8s-midi du lundi 31 ao\u00fbt 2026, favorables \u00e0 l\u2019apparition de nuages orageux localement accompagn\u00e9s de pluies dans le Nord et le Centre, prolongeant ainsi la p\u00e9riode d\u2019instabilit\u00e9 m\u00e9t\u00e9orologique.<\/p>\n<p>&#13;<\/p>\n","protected":false},"excerpt":{"rendered":"Alerte m\u00e9t\u00e9o en Tunisie : pluies intenses et vents \u00e0 plus de 70 km\/h ce dimanche &#13; Le&hellip;\n","protected":false},"author":2,"featured_media":34655,"comment_status":"","ping_status":"","sticky":false,"template":"","format":"standard","meta":{"footnotes":"","_share_on_mastodon":"0"},"categories":[120],"tags":[8201,109,25005,59058,59059,110,3805,2358,124,7047],"class_list":["post-195365","post","type-post","status-publish","format-standard","has-post-thumbnail","category-tunisie","tag-8201","tag-alerte","tag-dimanche","tag-intenses","tag-km-h","tag-meteo","tag-pluies","tag-plus","tag-tunisie","tag-vents"],"share_on_mastodon":{"url":"https:\/\/pubeurope.com\/@afrique\/117184573123340219","error":""},"_links":{"self":[{"href":"https:\/\/www.europesays.com\/afrique\/wp-json\/wp\/v2\/posts\/195365","targetHints":{"allow":["GET"]}}],"collection":[{"href":"https:\/\/www.europesays.com\/afrique\/wp-json\/wp\/v2\/posts"}],"about":[{"href":"https:\/\/www.europesays.com\/afrique\/wp-json\/wp\/v2\/types\/post"}],"author":[{"embeddable":true,"href":"https:\/\/www.europesays.com\/afrique\/wp-json\/wp\/v2\/users\/2"}],"replies":[{"embeddable":true,"href":"https:\/\/www.europesays.com\/afrique\/wp-json\/wp\/v2\/comments?post=195365"}],"version-history":[{"count":0,"href":"https:\/\/www.europesays.com\/afrique\/wp-json\/wp\/v2\/posts\/195365\/revisions"}],"wp:featuredmedia":[{"embeddable":true,"href":"https:\/\/www.europesays.com\/afrique\/wp-json\/wp\/v2\/media\/34655"}],"wp:attachment":[{"href":"https:\/\/www.europesays.com\/afrique\/wp-json\/wp\/v2\/media?parent=195365"}],"wp:term":[{"taxonomy":"category","embeddable":true,"href":"https:\/\/www.europesays.com\/afrique\/wp-json\/wp\/v2\/categories?post=195365"},{"taxonomy":"post_tag","embeddable":true,"href":"https:\/\/www.europesays.com\/afrique\/wp-json\/wp\/v2\/tags?post=195365"}],"curies":[{"name":"wp","href":"https:\/\/api.w.org\/{rel}","templated":true}]}}