{"id":195423,"date":"2026-08-30T14:17:12","date_gmt":"2026-08-30T14:17:12","guid":{"rendered":"https:\/\/www.europesays.com\/afrique\/195423\/"},"modified":"2026-08-30T14:17:12","modified_gmt":"2026-08-30T14:17:12","slug":"cote-divoire-liberia-corridor-ecologique-de-tai-derriere-la-conservation-un-vivier-dopportunites-economiques-encore-inexploite","status":"publish","type":"post","link":"https:\/\/www.europesays.com\/afrique\/195423\/","title":{"rendered":"C\u00f4te d\u2019Ivoire-Liberia: corridor \u00e9cologique de Ta\u00ef. Derri\u00e8re la conservation, un vivier d\u2019opportunit\u00e9s \u00e9conomiques encore inexploit\u00e9"},"content":{"rendered":"<p class=\"default__StyledText-sc-10mj2vp-0 CxBBS body-paragraph\">Les parties prenantes du Corridor \u00e9cologique de Ta\u00ef viennent de valider \u00e0 l\u2019unanimit\u00e9 le plan d\u2019am\u00e9nagement et de gestion (PAG) de cette R\u00e9serve naturelle volontaire (RNV), couvrant la p\u00e9riode 2026-2035, lors d\u2019un atelier de restitution organis\u00e9 par l\u2019Office ivoirien des parcs et r\u00e9serves (OIPR), les 27 et 28 ao\u00fbt 2026.<\/p>\n<p class=\"default__StyledText-sc-10mj2vp-0 CxBBS body-paragraph\">Le PAG s\u2019articule autour des m\u00e9canismes de gestion de cette aire prot\u00e9g\u00e9e, d\u00e9di\u00e9e \u00e0 la restauration de la connectivit\u00e9 \u00e9cologique et au maintien de la mixit\u00e9 g\u00e9n\u00e9tique de la biodiversit\u00e9 pr\u00e9sente dans les parcs nationaux ivoiriens et lib\u00e9riens du complexe transfrontalier Ta\u00ef-Grebo-Sapo.<\/p>\n<p class=\"interstitial-link block-margin-bottom\">Lire aussi : <a href=\"https:\/\/afrique.le360.ma\/economie\/agriculture-energie-trafic-ces-menaces-qui-continuent-de-planer-sur-la-canopee-des-forets-dafrique_JKVNVDCIBJF7VHHLDKP7EO7BSM\/\" aria-label=\"Ouvrir un article associ\u00e9\" class=\"default__StyledLink-sc-10mj2vp-1 kkYPzd\" rel=\"nofollow noopener\" target=\"_blank\">Agriculture, \u00e9nergie, trafic: ces menaces qui continuent de planer sur la canop\u00e9e des for\u00eats d\u2019Afrique<\/a><\/p>\n<p class=\"default__StyledText-sc-10mj2vp-0 CxBBS body-paragraph\">L\u2019am\u00e9nagement des 197,6 ha constituant la superficie du Corridor \u00e9cologique de Ta\u00ef et des bas-fonds, hors corridor, destin\u00e9s \u00e0 compenser la contribution des plantations \u00e0 la s\u00e9curit\u00e9 alimentaire des populations riveraines ayant \u00e9t\u00e9 pr\u00e9alablement assur\u00e9 par l\u2019Unit\u00e9 d\u2019ex\u00e9cution du projet (UEP), le PAG 2026-2035 devrait, selon les parties prenantes, permettre non seulement de pr\u00e9server les acquis, mais \u00e9galement de les consolider.<\/p>\n<p class=\"default__StyledText-sc-10mj2vp-0 CxBBS body-paragraph\">La validation \u00e0 l\u2019unanimit\u00e9 du Plan d\u2019am\u00e9nagement et de gestion (PAG) 2026-2035 de la R\u00e9serve naturelle volontaire (RNV) du Corridor \u00e9cologique ne cl\u00f4t pas seulement un processus administratif. Elle ouvre, pour qui sait lire entre les lignes, un champ d\u2019opportunit\u00e9s \u00e9conomiques largement sous-estim\u00e9, tout en rappelant la permanence de menaces qui, elles, pourraient co\u00fbter bien plus cher que les investissements aujourd\u2019hui consentis.<\/p>\n<p class=\"default__StyledText-sc-10mj2vp-0 CxBBS body-paragraph\">D\u2019un point de vue strictement financier, le PAG acte une r\u00e9alit\u00e9: la gestion de 197,6 hectares d\u00e9di\u00e9s \u00e0 la restauration de la connectivit\u00e9 \u00e9cologique entre les parcs nationaux ivoiriens et lib\u00e9riens du complexe Ta\u00ef-Grebo-Sapo ne peut reposer uniquement sur des fonds publics.<\/p>\n<p class=\"interstitial-link block-margin-bottom\">Lire aussi : <a href=\"https:\/\/fr.le360.ma\/economie\/changement-climatique-une-nouvelle-offensive-financiere-verte-au-maroc_4JUN33C5DZDSPBYGTTREO3NLZA\/\" aria-label=\"Ouvrir un article associ\u00e9\" class=\"default__StyledLink-sc-10mj2vp-1 kkYPzd\" rel=\"nofollow noopener\" target=\"_blank\">Changement climatique: une nouvelle offensive financi\u00e8re verte au Maroc<\/a><\/p>\n<p class=\"default__StyledText-sc-10mj2vp-0 CxBBS body-paragraph\">Louis Bally, pr\u00e9sident du Comit\u00e9 de gestion du corridor (CGC), est explicite: \u00abnous souhaitons une surveillance accrue pour minimiser les risques de braconnage et autres menaces. Pour y arriver, le soutien mat\u00e9riel, financier et logistique de tous les potentiels partenaires est attendu.\u00bb Une d\u00e9claration qui constitue un signal pour les op\u00e9rateurs priv\u00e9s, les bailleurs de fonds climat et les structures de finance verte. Le corridor a besoin de partenaires. Qui dit besoin dit march\u00e9.<\/p>\n<p class=\"default__StyledText-sc-10mj2vp-0 CxBBS body-paragraph\">Gisements d\u2019opportunit\u00e9s et vecteurs d\u2019affaires<\/p>\n<p class=\"default__StyledText-sc-10mj2vp-0 CxBBS body-paragraph\">Les opportunit\u00e9s insoup\u00e7onn\u00e9es se nichent d\u2019abord dans les bas-fonds situ\u00e9s hors corridor, express\u00e9ment destin\u00e9s \u00e0 \u00abcompenser la contribution des plantations \u00e0 la s\u00e9curit\u00e9 alimentaire des populations riveraines\u00bb. <\/p>\n<p class=\"default__StyledText-sc-10mj2vp-0 CxBBS body-paragraph\">Une mention, apparemment technique, qui r\u00e9v\u00e8le un enjeu de d\u00e9veloppement agricole durable: ces espaces pourraient devenir des vitrines pour des syst\u00e8mes agroforestiers rentables, o\u00f9 la production vivri\u00e8re coexiste avec des cultures de rente sous ombrage. Un investisseur avis\u00e9 y verrait un laboratoire grandeur nature pour des cr\u00e9dits carbone li\u00e9s \u00e0 l\u2019agroforesterie, un march\u00e9 encore balbutiant en Afrique de l\u2019Ouest mais en forte croissance.<\/p>\n<p class=\"default__StyledText-sc-10mj2vp-0 CxBBS body-paragraph\">Deuxi\u00e8me gisement: la surveillance elle-m\u00eame. La d\u00e9p\u00eache mentionne la \u00abmise en place de patrouilles conjointes r\u00e9guli\u00e8res associant les populations riveraines et l\u2019OIPR\u00bb, ainsi que des \u00abcontr\u00f4les inopin\u00e9s\u00bb. La surveillance communautaire, loin d\u2019\u00eatre une simple charge, peut \u00eatre structur\u00e9e comme un service \u00e9cosyst\u00e9mique mon\u00e9tisable. <\/p>\n<p class=\"interstitial-link block-margin-bottom\">Lire aussi : <a href=\"https:\/\/fr.le360.ma\/economie\/afrique-investissable-quand-le-potentiel-devient-marche_7XKXPUBVF5GQRFU2IEU6PBYG4M\/\" aria-label=\"Ouvrir un article associ\u00e9\" class=\"default__StyledLink-sc-10mj2vp-1 kkYPzd\" rel=\"nofollow noopener\" target=\"_blank\">Afrique investissable: quand le potentiel devient march\u00e9<\/a><\/p>\n<p class=\"default__StyledText-sc-10mj2vp-0 CxBBS body-paragraph\">Des m\u00e9canismes de Paiements pour Services \u00c9cosyst\u00e9miques ou Environnementaux (PSE) pourraient r\u00e9mun\u00e9rer les trois associations villageoises de gestion (AVGC de Ta\u00ef, Goul\u00e9ako 1 et Goul\u00e9ako 2) pour chaque patrouille effectu\u00e9e, chaque infraction document\u00e9e, chaque indicateur de pr\u00e9sence faunique relev\u00e9. Le PAG 2026-2035, en insistant sur la \u00abgestion concert\u00e9e et inclusive\u00bb, cr\u00e9e pr\u00e9cis\u00e9ment le cadre contractuel dans lequel de tels paiements deviennent l\u00e9gitimes.<\/p>\n<p class=\"default__StyledText-sc-10mj2vp-0 CxBBS body-paragraph\">Troisi\u00e8me vecteur d\u2019affaires, plus discret: l\u2019\u00e9cotourisme communautaire. La mixit\u00e9 g\u00e9n\u00e9tique de la biodiversit\u00e9, \u00e9voqu\u00e9e comme objectif central du corridor, repr\u00e9sente un capital visuel et exp\u00e9rientiel rare. Des visiteurs paient aujourd\u2019hui des sommes consid\u00e9rables pour observer, dans un espace relativement compact, des esp\u00e8ces circulant entre deux parcs nationaux. Les populations riveraines, si elles sont dot\u00e9es d\u2019infrastructures minimales d\u2019accueil et de guidage, pourraient capter une partie de cette valeur. Or, le PAG, en consolidant la connectivit\u00e9, s\u00e9curise pr\u00e9cis\u00e9ment le produit touristique: la faune visible \u00e0 Ta\u00ef.<\/p>\n<p class=\"default__StyledText-sc-10mj2vp-0 CxBBS body-paragraph\">Mais l\u2019analyse \u00e9conomique serait incompl\u00e8te sans une \u00e9valuation rigoureuse des menaces. Le braconnage, cit\u00e9 explicitement, est une fuite de valeur \u00e9conomique. Chaque animal pr\u00e9lev\u00e9 ill\u00e9galement est un actif d\u00e9truit, un potentiel d\u2019observation touristique perdu, une pression qui d\u00e9grade la r\u00e9putation du site et dissuade les investisseurs.<\/p>\n<p class=\"interstitial-link block-margin-bottom\">Lire aussi : <a href=\"https:\/\/afrique.le360.ma\/economie\/top-20-africain-de-la-prosperite-2026-les-ilots-dequilibre-et-les-pays-plombes-par-leurs-fractures_P37I3IOJKRDX5PFTFAFQTSLOTM\/\" aria-label=\"Ouvrir un article associ\u00e9\" class=\"default__StyledLink-sc-10mj2vp-1 kkYPzd\" rel=\"nofollow noopener\" target=\"_blank\">Top 20 africain de la prosp\u00e9rit\u00e9 2026: les \u00eelots d\u2019\u00e9quilibre et les pays plomb\u00e9s par leurs fractures<\/a><\/p>\n<p class=\"default__StyledText-sc-10mj2vp-0 CxBBS body-paragraph\">Les \u00abpressions anthropiques\u00bb mentionn\u00e9es dans la d\u00e9p\u00eache, sans \u00eatre d\u00e9taill\u00e9es, renvoient aux tentations d\u2019extension des plantations dans le corridor. La tension est structurelle: les bas-fonds compensatoires ne suffiront que si leur productivit\u00e9 r\u00e9elle est d\u00e9montr\u00e9e. Sinon, la pression migrera vers l\u2019int\u00e9rieur de la RNV, et avec elle, les conflits.<\/p>\n<p class=\"default__StyledText-sc-10mj2vp-0 CxBBS body-paragraph\">Le PAG 2026-2035 est donc bien plus qu\u2019un document administratif. C\u2019est un contrat implicite entre la conservation, le d\u00e9veloppement \u00e9conomique et la s\u00e9curit\u00e9 alimentaire. Sa r\u00e9ussite d\u00e9pendra de la capacit\u00e9 des gestionnaires \u00e0 transformer les recommandations en m\u00e9canismes financiers op\u00e9rationnels. <\/p>\n<p class=\"default__StyledText-sc-10mj2vp-0 CxBBS body-paragraph\">Les parties prenantes l\u2019ont compris, qui ont valid\u00e9 le plan \u00e0 l\u2019unanimit\u00e9. Reste \u00e0 savoir si les partenaires \u00abpotentiels\u00bb \u00e9voqu\u00e9s par Louis Bally r\u00e9pondront \u00e0 l\u2019appel. Car sans eux, le corridor risque de rester ce qu\u2019il est aujourd\u2019hui: une promesse \u00e9cologique dans un environnement \u00e9conomique qui n\u2019a pas encore appris \u00e0 la valoriser.<\/p>\n<p>Par Le360 (avec MAP)<\/p>\n<p>Le 30\/08\/2026 \u00e0 12h10<\/p>\n","protected":false},"excerpt":{"rendered":"Les parties prenantes du Corridor \u00e9cologique de Ta\u00ef viennent de valider \u00e0 l\u2019unanimit\u00e9 le plan d\u2019am\u00e9nagement et de&hellip;\n","protected":false},"author":2,"featured_media":195424,"comment_status":"","ping_status":"","sticky":false,"template":"","format":"standard","meta":{"footnotes":"","_share_on_mastodon":"0"},"categories":[154],"tags":[59086,216,59088,59089,640,2483,59087],"class_list":["post-195423","post","type-post","status-publish","format-standard","has-post-thumbnail","category-cote-divoire","tag-corridor-ecologique-de-tai","tag-cote-divoire","tag-ecobusiness","tag-gestion-concertee","tag-investissements","tag-liberia","tag-parcs-et-reserves"],"share_on_mastodon":{"url":"https:\/\/pubeurope.com\/@afrique\/117184891534320458","error":""},"_links":{"self":[{"href":"https:\/\/www.europesays.com\/afrique\/wp-json\/wp\/v2\/posts\/195423","targetHints":{"allow":["GET"]}}],"collection":[{"href":"https:\/\/www.europesays.com\/afrique\/wp-json\/wp\/v2\/posts"}],"about":[{"href":"https:\/\/www.europesays.com\/afrique\/wp-json\/wp\/v2\/types\/post"}],"author":[{"embeddable":true,"href":"https:\/\/www.europesays.com\/afrique\/wp-json\/wp\/v2\/users\/2"}],"replies":[{"embeddable":true,"href":"https:\/\/www.europesays.com\/afrique\/wp-json\/wp\/v2\/comments?post=195423"}],"version-history":[{"count":0,"href":"https:\/\/www.europesays.com\/afrique\/wp-json\/wp\/v2\/posts\/195423\/revisions"}],"wp:featuredmedia":[{"embeddable":true,"href":"https:\/\/www.europesays.com\/afrique\/wp-json\/wp\/v2\/media\/195424"}],"wp:attachment":[{"href":"https:\/\/www.europesays.com\/afrique\/wp-json\/wp\/v2\/media?parent=195423"}],"wp:term":[{"taxonomy":"category","embeddable":true,"href":"https:\/\/www.europesays.com\/afrique\/wp-json\/wp\/v2\/categories?post=195423"},{"taxonomy":"post_tag","embeddable":true,"href":"https:\/\/www.europesays.com\/afrique\/wp-json\/wp\/v2\/tags?post=195423"}],"curies":[{"name":"wp","href":"https:\/\/api.w.org\/{rel}","templated":true}]}}