{"id":195769,"date":"2026-08-31T00:16:12","date_gmt":"2026-08-31T00:16:12","guid":{"rendered":"https:\/\/www.europesays.com\/afrique\/195769\/"},"modified":"2026-08-31T00:16:12","modified_gmt":"2026-08-31T00:16:12","slug":"abdelli-touche-au-genou-avec-lom-face-a-las-monaco","status":"publish","type":"post","link":"https:\/\/www.europesays.com\/afrique\/195769\/","title":{"rendered":"Abdelli touch\u00e9 au genou avec l&rsquo;OM face \u00e0 l&rsquo;AS Monaco"},"content":{"rendered":"<p style=\"text-align: justify\">Ce soir, lors de la d\u00e9faite (2-0) de l\u2019Olympique de Marseille chez l\u2019AS Monaco, Himad Abdelli \u00e9tait titulaire. C\u2019est la bonne nouvelle. En revanche, il y a une qui est mauvaise. En effet, le milieu de terrain est sorti \u00e0 la pause. Ce n\u2019\u00e9tait pas un choix sanction puisque Bruno Genesio l\u2019a remplac\u00e9 en raison de douleurs au genou. Inqui\u00e9tant \u00e0 trois semaines du stage de septembre de l\u2019\u00e9quipe nationale.<\/p>\n<p style=\"text-align: justify\">Certes, il avait disparu des plans de Vladimir Petkovic, d\u00e9sormais ex-s\u00e9lectionneur, depuis la CAN 2025 m\u00eame s\u2019il avait donn\u00e9 satisfaction en d\u00e9barquant comme r\u00e9serviste. Abdelli n\u2019\u00e9tait pas l\u00e0 pour la Coupe du Monde 2026. Et c\u2019\u00e9tait logique car il a connu une deuxi\u00e8me partie de saison compliqu\u00e9e apr\u00e8s avoir sign\u00e9 \u00e0 l\u2019OM en f\u00e9vrier 2026.<\/p>\n<p>Gravit\u00e9 \u00e0 d\u00e9finir<\/p>\n<p style=\"text-align: justify\">Pour l\u2019exercice actuel, l\u2019ancien pensionnaire de l\u2019Angers SCO est reparti du bon pied puisqu\u2019il semble faire partie des plans p\u00e9rennes de Genesio. Ce qui n\u2019\u00e9tait pas le cas avec son pr\u00e9d\u00e9cesseur Habib Beye avec lequel il s\u2019\u00e9tait m\u00eame engueul\u00e9. Ce qui avait pourri leur relation ainsi que le d\u00e9but de l\u2019aventure marseillaise d\u2019Abdelli. A pr\u00e9sent, un nouveau chapitre commence.<\/p>\n<p style=\"text-align: justify\">S\u2019il donnait l\u2019air d\u2019\u00eatre moins sombre pour l\u2019Alg\u00e9rien, le premier contretemps n\u2019a pas tard\u00e9. Ce dimanche, le genou du Vert a signal\u00e9. Ses probl\u00e8mes de poids pourraient avoir laiss\u00e9 quelques s\u00e9quelles sur l\u2019articulation. Lui qui n\u2019\u00e9tait pas vraiment \u201cfit\u201d \u00e0 la reprise. D\u00e9sormais, il faudra voir ce que dira le diagnostic final. Est-ce une petite alerte ou un s\u00e9rieux probl\u00e8me ? Evolution de la donne m\u00e9dicale \u00e0 suivre.<\/p>\n","protected":false},"excerpt":{"rendered":"Ce soir, lors de la d\u00e9faite (2-0) de l\u2019Olympique de Marseille chez l\u2019AS Monaco, Himad Abdelli \u00e9tait titulaire.&hellip;\n","protected":false},"author":2,"featured_media":195770,"comment_status":"","ping_status":"","sticky":false,"template":"","format":"standard","meta":{"footnotes":"","_share_on_mastodon":"0"},"categories":[85],"tags":[59163,116,2815,6265,12715,12362,7099,1810],"class_list":["post-195769","post","type-post","status-publish","format-standard","has-post-thumbnail","category-algerie","tag-abdelli-can-2025","tag-algerie","tag-algu00e9rie","tag-as-monaco","tag-bruno-gu00e9nu00e9sio","tag-himad-abdelli","tag-olympique-de-marseille","tag-vladimir-petkovic"],"share_on_mastodon":{"url":"https:\/\/pubeurope.com\/@afrique\/117187247043407397","error":""},"_links":{"self":[{"href":"https:\/\/www.europesays.com\/afrique\/wp-json\/wp\/v2\/posts\/195769","targetHints":{"allow":["GET"]}}],"collection":[{"href":"https:\/\/www.europesays.com\/afrique\/wp-json\/wp\/v2\/posts"}],"about":[{"href":"https:\/\/www.europesays.com\/afrique\/wp-json\/wp\/v2\/types\/post"}],"author":[{"embeddable":true,"href":"https:\/\/www.europesays.com\/afrique\/wp-json\/wp\/v2\/users\/2"}],"replies":[{"embeddable":true,"href":"https:\/\/www.europesays.com\/afrique\/wp-json\/wp\/v2\/comments?post=195769"}],"version-history":[{"count":0,"href":"https:\/\/www.europesays.com\/afrique\/wp-json\/wp\/v2\/posts\/195769\/revisions"}],"wp:featuredmedia":[{"embeddable":true,"href":"https:\/\/www.europesays.com\/afrique\/wp-json\/wp\/v2\/media\/195770"}],"wp:attachment":[{"href":"https:\/\/www.europesays.com\/afrique\/wp-json\/wp\/v2\/media?parent=195769"}],"wp:term":[{"taxonomy":"category","embeddable":true,"href":"https:\/\/www.europesays.com\/afrique\/wp-json\/wp\/v2\/categories?post=195769"},{"taxonomy":"post_tag","embeddable":true,"href":"https:\/\/www.europesays.com\/afrique\/wp-json\/wp\/v2\/tags?post=195769"}],"curies":[{"name":"wp","href":"https:\/\/api.w.org\/{rel}","templated":true}]}}