{"id":195783,"date":"2026-08-31T00:43:25","date_gmt":"2026-08-31T00:43:25","guid":{"rendered":"https:\/\/www.europesays.com\/afrique\/195783\/"},"modified":"2026-08-31T00:43:25","modified_gmt":"2026-08-31T00:43:25","slug":"assilah-la-medina-livree-au-desordre-et-a-lanarchie-urbaine","status":"publish","type":"post","link":"https:\/\/www.europesays.com\/afrique\/195783\/","title":{"rendered":"Assilah : la m\u00e9dina livr\u00e9e au d\u00e9sordre et \u00e0 l\u2019anarchie urbaine"},"content":{"rendered":"<p>\t            \t\tAutrefois vitrine d\u2019ordre, de propret\u00e9 et d\u2019esth\u00e9tique urbaine, la m\u00e9dina d\u2019Assilah, haut lieu de dialogue et de culture, est aujourd\u2019hui gagn\u00e9e par les installations anarchiques, les occupations improvis\u00e9es de l\u2019espace public, le stationnement sauvage et la d\u00e9gradation de plusieurs lieux embl\u00e9matiques. Des habitants d\u00e9noncent un recul brutal apr\u00e8s l\u2019\u00e9poque de Mohamed Bena\u00efssa et s\u2019interrogent sur l\u2019absence d\u2019intervention des autorit\u00e9s.<br \/>\nCorrespondance <\/p>\n<p>La m\u00e9dina d\u2019Assilah traverse une p\u00e9riode de d\u00e9sordre au grand d\u00e9sespoir de ses habitants qui ont connu il n\u2019y a pas longtemps encore une ville ordonn\u00e9e et propre. Le laisser-aller s\u2019est install\u00e9 au point qu\u2019une grande tente a \u00e9t\u00e9 autoris\u00e9e sur la place menant au Palais de la culture pour y c\u00e9l\u00e9brer un mariage, donnant au lieu l\u2019allure d\u2019un march\u00e9 hebdomadaire rural.<\/p>\n<p>Les habitants d\u2019Assilah s\u2019interrogent sur les raisons de ce d\u00e9sordre et sur l\u2019autorit\u00e9 qui l\u2019autorise, d\u2019autant que le conseil municipal n\u2019est pas celui qui a permis cette alt\u00e9ration l\u2019esth\u00e9tique de la vieille ville.<\/p>\n<p>Apr\u00e8s le d\u00e9c\u00e8s Mohamed Bena\u00efssa, un changement brutal<\/p>\n<p>De nombreux habitants de la ville \u00e9voquent avec amertume ce qu\u2019est devenue leur cit\u00e9 apr\u00e8s la disparition de son ancien pr\u00e9sident du conseil municipal, mentor de la ville, le ministre Mohamed Bena\u00efssa.<\/p>\n<p><img loading=\"lazy\" decoding=\"async\" src=\"https:\/\/www.europesays.com\/afrique\/wp-content\/uploads\/2026\/08\/20260830_162222_1788106941438_ah.jpg\" alt=\"\" width=\"600\" height=\"460\"\/><\/p>\n<p>La superbe corniche r\u00e9alis\u00e9e par feu Mohamed Bena\u00efssa n\u2019a pas davantage \u00e9chapp\u00e9 au d\u00e9sordre<\/p>\n<p>De son vivant, personne n\u2019aurait os\u00e9 porter atteinte \u00e0 l\u2019esth\u00e9tique ou \u00e0 l\u2019environnement de la ville. Aujourd\u2019hui, la situation donne l\u2019impression d\u2019une revanche contre l\u2019\u00e9poque de \u00ab Mohamed Bena\u00efssa \u00bb, comme si une partie avait d\u00e9cid\u00e9 de remonter le temps et de ramener Assilah aux ann\u00e9es 1970 et \u00e0 l\u2019urbanisme anarchique.<\/p>\n<p>Plus \u00e9tonnant encore, certains commer\u00e7ants ont install\u00e9 des tables et des marchandises au milieu des ruelles \u00e9troites, cr\u00e9ant danger et nuisances pour les passants, sans que les responsables charg\u00e9s de prot\u00e9ger la ville et d\u2019en assurer la propret\u00e9 ne r\u00e9agissent. Le lieu offre d\u00e9sormais un visage d\u00e9solant, domin\u00e9 par un d\u00e9sordre qui n\u2019a rien de cr\u00e9atif.<\/p>\n<p>Des jardins transform\u00e9s en parkings improvis\u00e9s<\/p>\n<p>Non loin de la m\u00e9dina, et \u00e0 titre d\u2019exemple, les jardins Mohamed Abed Al-Jabri et Ahmed Abdessalam El Bakkali ont \u00e9t\u00e9 d\u00e9figur\u00e9s. Ils ont d\u2019abord \u00e9t\u00e9 transform\u00e9s en lieu de regroupement pour les vendeurs d\u2019escargots, avant de devenir un parking pour les chariots de vente de jus et de glaces.<\/p>\n<p>La corniche gagn\u00e9e par l\u2019anarchie<\/p>\n<p>La superbe corniche r\u00e9alis\u00e9e par feu Mohamed Bena\u00efssa n\u2019a pas davantage \u00e9chapp\u00e9 au d\u00e9sordre. Elle a \u00e9t\u00e9 envahie par des kiosques disgracieux et par des chariots install\u00e9s sur les passages r\u00e9serv\u00e9s aux pi\u00e9tons.<\/p>\n<p><img loading=\"lazy\" decoding=\"async\" src=\"https:\/\/www.europesays.com\/afrique\/wp-content\/uploads\/2026\/08\/20260830_162242_1788106960961_ai.jpg\" alt=\"\" width=\"600\" height=\"288\"\/><\/p>\n<p>On quitte Assilah avec un sentiment d\u2019amertume devant cette r\u00e9gression rapide, apr\u00e8s des d\u00e9cennies durant lesquelles la ville avait su pr\u00e9server son calme et son charme tout en attirant l\u2019attention gr\u00e2ce \u00e0 son festival culturel international.<\/p>\n<p>Le spectacle donne une image claire de la mentalit\u00e9 qui pr\u00e9side aujourd\u2019hui \u00e0 la gestion de la ville et qui semble vouloir en faire un terrain propice \u00e0 la rudesse et au chaos.<\/p>\n<p>Pendant longtemps, Assilah avan\u00e7ait selon une seule logique fond\u00e9e sur le respect de l\u2019environnement et de l\u2019esth\u00e9tique urbaine, perceptible notamment dans on ordre, sa propret\u00e9 et ses fresques murales. Aujourd\u2019hui, une autre logique a refait surface, celle du d\u00e9sordre et de la rudesse.<\/p>\n<p>La place Mohamed Melehi d\u00e9tourn\u00e9e de sa vocation<\/p>\n<p>La place de l\u2019artiste Mohamed Melehi, am\u00e9nag\u00e9e pr\u00e8s de l\u2019entr\u00e9e du port dans le respect de crit\u00e8res esth\u00e9tiques pr\u00e9cis, a malheureusement \u00e9t\u00e9 transform\u00e9e en espace de jeux pour enfants avec des voitures \u00e9lectriques. Elle est, en outre, devenue vuln\u00e9rable \u00e0 l\u2019accumulation des d\u00e9chets.<\/p>\n<p>Pendant des d\u00e9cennies, l\u2019acc\u00e8s des voitures et des camions \u00e0 la vieille ville \u00e9tait interdit. Seuls les habitants \u00e9taient autoris\u00e9s \u00e0 y faire entrer leur v\u00e9hicule pendant une courte dur\u00e9e, par exemple pour transporter un malade ou d\u00e9placer des objets lourds.<\/p>\n<p>Or, ces derniers temps, des automobilistes ont commenc\u00e9 \u00e0 laisser leurs v\u00e9hicules stationn\u00e9s \u00e0 l\u2019int\u00e9rieur de la m\u00e9dina, en d\u00e9fi manifeste aux usages et aux r\u00e8gles.<\/p>\n<p>Cette situation a fait grimper le niveau de \u00ab taharkouite\u00bb dans la ville \u00e0 des sommets.<\/p>\n<p>Une question se pose d\u00e8s lors : pourquoi la loi n\u2019est-elle pas appliqu\u00e9e afin d\u2019\u00e9viter que la m\u00e9dina ne se transforme en un souk anarchique ?<\/p>\n<p>Moustiques, salet\u00e9 et d\u00e9sillusion<\/p>\n<p>Parler d\u2019Assilah, c\u2019est ouvrir un dossier douloureux. Apr\u00e8s l\u2019intervention d\u2019une entit\u00e9 autre que \u00ab la municipalit\u00e9 \u00bb pour prendre en charge la propret\u00e9, les habitants de la m\u00e9dina esp\u00e8rent d\u00e9sormais que cette m\u00eame partie interviendra \u00e9galement pour lutter contre les moustiques, devenus ces derniers jours une v\u00e9ritable nuisance et un risque hygi\u00e9nique.<\/p>\n<p>On quitte Assilah avec un sentiment d\u2019amertume devant cette r\u00e9gression rapide, apr\u00e8s des d\u00e9cennies durant lesquelles la ville avait su pr\u00e9server son calme et son charme tout en attirant l\u2019attention gr\u00e2ce \u00e0 son festival culturel international.<\/p>\n<p>Il fait esp\u00e9rer que pour pallier l\u2019impuissance des ses habitants, L\u2019\u00c9tat interviendra prot\u00e9ger cette ville qui a largement contribu\u00e9 au rayonnement du Royaume du Maroc.<\/p>\n","protected":false},"excerpt":{"rendered":"Autrefois vitrine d\u2019ordre, de propret\u00e9 et d\u2019esth\u00e9tique urbaine, la m\u00e9dina d\u2019Assilah, haut lieu de dialogue et de culture,&hellip;\n","protected":false},"author":2,"featured_media":195784,"comment_status":"","ping_status":"","sticky":false,"template":"","format":"standard","meta":{"footnotes":"","_share_on_mastodon":"0"},"categories":[83],"tags":[281,59175,59176,6779,86,21305,59177,42167,53699,115],"class_list":["post-195783","post","type-post","status-publish","format-standard","has-post-thumbnail","category-maroc","tag-actualite","tag-assilah","tag-desordre-urbain","tag-espace-public","tag-maroc","tag-medina","tag-mohamed-benaissa","tag-patrimoine-urbain","tag-quid","tag-societe"],"share_on_mastodon":{"url":"https:\/\/pubeurope.com\/@afrique\/117187353715928230","error":""},"_links":{"self":[{"href":"https:\/\/www.europesays.com\/afrique\/wp-json\/wp\/v2\/posts\/195783","targetHints":{"allow":["GET"]}}],"collection":[{"href":"https:\/\/www.europesays.com\/afrique\/wp-json\/wp\/v2\/posts"}],"about":[{"href":"https:\/\/www.europesays.com\/afrique\/wp-json\/wp\/v2\/types\/post"}],"author":[{"embeddable":true,"href":"https:\/\/www.europesays.com\/afrique\/wp-json\/wp\/v2\/users\/2"}],"replies":[{"embeddable":true,"href":"https:\/\/www.europesays.com\/afrique\/wp-json\/wp\/v2\/comments?post=195783"}],"version-history":[{"count":0,"href":"https:\/\/www.europesays.com\/afrique\/wp-json\/wp\/v2\/posts\/195783\/revisions"}],"wp:featuredmedia":[{"embeddable":true,"href":"https:\/\/www.europesays.com\/afrique\/wp-json\/wp\/v2\/media\/195784"}],"wp:attachment":[{"href":"https:\/\/www.europesays.com\/afrique\/wp-json\/wp\/v2\/media?parent=195783"}],"wp:term":[{"taxonomy":"category","embeddable":true,"href":"https:\/\/www.europesays.com\/afrique\/wp-json\/wp\/v2\/categories?post=195783"},{"taxonomy":"post_tag","embeddable":true,"href":"https:\/\/www.europesays.com\/afrique\/wp-json\/wp\/v2\/tags?post=195783"}],"curies":[{"name":"wp","href":"https:\/\/api.w.org\/{rel}","templated":true}]}}