{"id":195841,"date":"2026-08-31T03:33:10","date_gmt":"2026-08-31T03:33:10","guid":{"rendered":"https:\/\/www.europesays.com\/afrique\/195841\/"},"modified":"2026-08-31T03:33:10","modified_gmt":"2026-08-31T03:33:10","slug":"algerie-le-president-algerien-veut-la-peine-de-mort-contre-les-pyromanes","status":"publish","type":"post","link":"https:\/\/www.europesays.com\/afrique\/195841\/","title":{"rendered":"Alg\u00e9rie. Le pr\u00e9sident alg\u00e9rien veut la peine de mort contre les pyromanes"},"content":{"rendered":"<p class=\"paragraph-1-base\">M. Tebboune a demand\u00e9 \u00e0 ce que le projet passe par le gouvernement puis que le Parlement l&rsquo;\u00e9tudie \u00ab\u00a0rapidement\u00a0\u00bb. \u00ab\u00a0On r\u00e9instaure la condamnation \u00e0 mort pour les pyromanes\u00a0\u00bb, a-t-il d\u00e9clar\u00e9.<\/p>\n<p class=\"paragraph-1-base\">\u00ab\u00a0Il y aura ex\u00e9cution\u00a0\u00bb une fois les voies de recours \u00e9puis\u00e9es pour les condamn\u00e9s, a-t-il insist\u00e9 dans des images retransmises \u00e0 la t\u00e9l\u00e9vision.<\/p>\n<p class=\"paragraph-1-base\">L&rsquo;Alg\u00e9rie a d\u00e9cr\u00e9t\u00e9 un deuil officiel de trois jours et l&rsquo;annulation de toutes les festivit\u00e9s culturelles et comp\u00e9titions sportives apr\u00e8s les incendies.<\/p>\n<p class=\"paragraph-1-base\">Selon les chiffres officiels communiqu\u00e9s jusqu&rsquo;ici, au moins 12 personnes sont mortes en lien avec de violents feux de for\u00eat pr\u00e8s de B\u00e9ja\u00efa, Jijel et Tizi-Ouzou, mais des sources locales craignent que le nombre de victimes ne soit beaucoup plus \u00e9lev\u00e9.<\/p>\n<p class=\"paragraph-1-base\">Le ministre de la Sant\u00e9, Mohamed Seddik A\u00eft Messaoud\u00e8ne, a indiqu\u00e9 vendredi que le bilan \u00e9tait \u00ab\u00a0tr\u00e8s lourd\u00a0\u00bb, sans pour autant donner un chiffre. Les autorit\u00e9s ont indiqu\u00e9 que plusieurs personnes soup\u00e7onn\u00e9es d&rsquo;avoir allum\u00e9 des feux avaient \u00e9t\u00e9 arr\u00eat\u00e9es.<\/p>\n<p class=\"paragraph-1-base\">\u00ab\u00a0Personne ne peut faire plier l&rsquo;Alg\u00e9rie\u00a0\u00bb, a lanc\u00e9 M. Tebboune, qui a par ailleurs promis que les victimes ayant perdu maisons, meubles, \u00e9lectrom\u00e9nager, cheptels ou arbres fruitiers seraient enti\u00e8rement indemnis\u00e9es par l&rsquo;Etat avant le 15 septembre.<\/p>\n<p class=\"paragraph-1-base\">Les incendies ont provoqu\u00e9 une vive \u00e9motion dans le pays. Une foule a assist\u00e9 \u00e0 l&rsquo;enterrement collectif de victimes dans un des cimeti\u00e8res de Jijel, selon des images diffus\u00e9es par la t\u00e9l\u00e9vision et des sites locaux.<\/p>\n<p class=\"paragraph-1-base\">Depuis mercredi soir, de nombreuses vid\u00e9os des incendies ont \u00e9t\u00e9 diffus\u00e9es sur les r\u00e9seaux sociaux, notamment par des citoyens bloqu\u00e9s par les flammes dans cette r\u00e9gion \u00e0 la fois c\u00f4ti\u00e8re et montagneuse connue pour ses paysages paradisiaques.<\/p>\n<p class=\"paragraph-1-base after:text-primary after:heading-2-xl after:relative after:top-[2px] after:pl-1 after:!leading-[18px] after:text-primary-300 after:content-[&quot;\u00bb&quot;] dark:after:text-primary-300\">Les feux de for\u00eat ont \u00e9t\u00e9 aliment\u00e9s par des vents violents et une intense canicule, des ph\u00e9nom\u00e8nes aggrav\u00e9s par des \u00e9pisodes de plus en plus fr\u00e9quents de s\u00e9cheresse favoris\u00e9s par le changement climatique. La Protection civile a d\u00e9ploy\u00e9 d&rsquo;importants moyens, dont des avions bombardiers d&rsquo;eau.<\/p>\n","protected":false},"excerpt":{"rendered":"M. Tebboune a demand\u00e9 \u00e0 ce que le projet passe par le gouvernement puis que le Parlement l&rsquo;\u00e9tudie&hellip;\n","protected":false},"author":2,"featured_media":195842,"comment_status":"","ping_status":"","sticky":false,"template":"","format":"standard","meta":{"footnotes":"","_share_on_mastodon":"0"},"categories":[85],"tags":[116,7682,29133,603,21145,39619,441,387,293,2226,3672],"class_list":["post-195841","post","type-post","status-publish","format-standard","has-post-thumbnail","category-algerie","tag-algerie","tag-application","tag-canicule","tag-eau","tag-enterrement","tag-foret","tag-justice","tag-mort","tag-sante","tag-secheresse","tag-television"],"share_on_mastodon":{"url":"https:\/\/pubeurope.com\/@afrique\/117188021843581772","error":""},"_links":{"self":[{"href":"https:\/\/www.europesays.com\/afrique\/wp-json\/wp\/v2\/posts\/195841","targetHints":{"allow":["GET"]}}],"collection":[{"href":"https:\/\/www.europesays.com\/afrique\/wp-json\/wp\/v2\/posts"}],"about":[{"href":"https:\/\/www.europesays.com\/afrique\/wp-json\/wp\/v2\/types\/post"}],"author":[{"embeddable":true,"href":"https:\/\/www.europesays.com\/afrique\/wp-json\/wp\/v2\/users\/2"}],"replies":[{"embeddable":true,"href":"https:\/\/www.europesays.com\/afrique\/wp-json\/wp\/v2\/comments?post=195841"}],"version-history":[{"count":0,"href":"https:\/\/www.europesays.com\/afrique\/wp-json\/wp\/v2\/posts\/195841\/revisions"}],"wp:featuredmedia":[{"embeddable":true,"href":"https:\/\/www.europesays.com\/afrique\/wp-json\/wp\/v2\/media\/195842"}],"wp:attachment":[{"href":"https:\/\/www.europesays.com\/afrique\/wp-json\/wp\/v2\/media?parent=195841"}],"wp:term":[{"taxonomy":"category","embeddable":true,"href":"https:\/\/www.europesays.com\/afrique\/wp-json\/wp\/v2\/categories?post=195841"},{"taxonomy":"post_tag","embeddable":true,"href":"https:\/\/www.europesays.com\/afrique\/wp-json\/wp\/v2\/tags?post=195841"}],"curies":[{"name":"wp","href":"https:\/\/api.w.org\/{rel}","templated":true}]}}