{"id":195889,"date":"2026-08-31T05:24:11","date_gmt":"2026-08-31T05:24:11","guid":{"rendered":"https:\/\/www.europesays.com\/afrique\/195889\/"},"modified":"2026-08-31T05:24:11","modified_gmt":"2026-08-31T05:24:11","slug":"manioc-face-a-un-interet-industriel-croissant-le-nigeria-renforce-son-systeme-semencier","status":"publish","type":"post","link":"https:\/\/www.europesays.com\/afrique\/195889\/","title":{"rendered":"Manioc : face \u00e0 un int\u00e9r\u00eat industriel croissant, le Nigeria renforce son syst\u00e8me semencier"},"content":{"rendered":"<p>Le Nigeria resserre la certification des boutures de manioc dans le cadre de PROSSIVA, alors que la fili\u00e8re est pouss\u00e9e vers des d\u00e9bouch\u00e9s industriels plus larges.<\/p>\n<p><img loading=\"lazy\" decoding=\"async\" width=\"353\" height=\"500\" alt=\"\" style=\"max-width:100%; height:auto;\" class=\"perfmatters-lazy\" src=\"https:\/\/www.europesays.com\/afrique\/wp-content\/uploads\/2026\/07\/Pigier-journee.webp\"\/><\/p>\n<p>Le National Agricultural Seeds Council a r\u00e9uni \u00e0 Abuja les 26 et 27 ao\u00fbt 2026 des inspecteurs semenciers agr\u00e9\u00e9s, des agents de certification et des producteurs et outgrowers de boutures de manioc, dans un nouveau resserrement du contr\u00f4le qualit\u00e9 de la fili\u00e8re au Nigeria.<\/p>\n<p>La formation s\u2019inscrit dans le programme PROSSIVA consacr\u00e9 \u00e0 l\u2019innovation des syst\u00e8mes semenciers pour les cultures \u00e0 multiplication v\u00e9g\u00e9tative en Afrique. En f\u00e9vrier 2026, l\u2019IITA pr\u00e9sentait cette nouvelle phase comme une mont\u00e9e en \u00e9chelle des innovations semenci\u00e8res du manioc pour soutenir la croissance industrielle au Nigeria, tandis que PROSSIVA indique que sa composante manioc y vise aussi des innovations technologiques, marketing et institutionnelles pour am\u00e9liorer l\u2019acc\u00e8s \u00e0 du mat\u00e9riel v\u00e9g\u00e9tal certifi\u00e9.<\/p>\n<p>Cette mont\u00e9e en puissance intervient alors que le Nigeria a lanc\u00e9 en janvier 2026 la phase op\u00e9rationnelle d\u2019un projet de bio\u00e9thanol \u00e0 base de manioc destin\u00e9 \u00e0 int\u00e9grer 14 millions de petits producteurs et \u00e0 porter la production nationale de 62 \u00e0 120 millions de tonnes en cinq ans.<\/p>\n<p>Selon le directeur g\u00e9n\u00e9ral du NASC, Fatuhu Muhammed, le conseil avait d\u00e9j\u00e0 fait inscrire au Journal officiel en 2025 trois textes r\u00e9glementaires sur l\u2019enregistrement et la diffusion des vari\u00e9t\u00e9s, la production de semences de base et la certification par des tiers.<\/p>\n","protected":false},"excerpt":{"rendered":"Le Nigeria resserre la certification des boutures de manioc dans le cadre de PROSSIVA, alors que la fili\u00e8re&hellip;\n","protected":false},"author":2,"featured_media":195890,"comment_status":"","ping_status":"","sticky":false,"template":"","format":"standard","meta":{"footnotes":"","_share_on_mastodon":"0"},"categories":[176],"tags":[22800,7,2569,978,32359,25000,192,1612,28841,8544],"class_list":["post-195889","post","type-post","status-publish","format-standard","has-post-thumbnail","category-nigeria","tag-croissant","tag-economie","tag-face","tag-industriel","tag-interet","tag-manioc","tag-nigeria","tag-renforce","tag-semencier","tag-systeme"],"share_on_mastodon":{"url":"https:\/\/pubeurope.com\/@afrique\/117188458610749209","error":""},"_links":{"self":[{"href":"https:\/\/www.europesays.com\/afrique\/wp-json\/wp\/v2\/posts\/195889","targetHints":{"allow":["GET"]}}],"collection":[{"href":"https:\/\/www.europesays.com\/afrique\/wp-json\/wp\/v2\/posts"}],"about":[{"href":"https:\/\/www.europesays.com\/afrique\/wp-json\/wp\/v2\/types\/post"}],"author":[{"embeddable":true,"href":"https:\/\/www.europesays.com\/afrique\/wp-json\/wp\/v2\/users\/2"}],"replies":[{"embeddable":true,"href":"https:\/\/www.europesays.com\/afrique\/wp-json\/wp\/v2\/comments?post=195889"}],"version-history":[{"count":0,"href":"https:\/\/www.europesays.com\/afrique\/wp-json\/wp\/v2\/posts\/195889\/revisions"}],"wp:featuredmedia":[{"embeddable":true,"href":"https:\/\/www.europesays.com\/afrique\/wp-json\/wp\/v2\/media\/195890"}],"wp:attachment":[{"href":"https:\/\/www.europesays.com\/afrique\/wp-json\/wp\/v2\/media?parent=195889"}],"wp:term":[{"taxonomy":"category","embeddable":true,"href":"https:\/\/www.europesays.com\/afrique\/wp-json\/wp\/v2\/categories?post=195889"},{"taxonomy":"post_tag","embeddable":true,"href":"https:\/\/www.europesays.com\/afrique\/wp-json\/wp\/v2\/tags?post=195889"}],"curies":[{"name":"wp","href":"https:\/\/api.w.org\/{rel}","templated":true}]}}