{"id":196018,"date":"2026-08-31T08:39:15","date_gmt":"2026-08-31T08:39:15","guid":{"rendered":"https:\/\/www.europesays.com\/afrique\/196018\/"},"modified":"2026-08-31T08:39:15","modified_gmt":"2026-08-31T08:39:15","slug":"contre-les-pyromanes-le-president-algerien-reclame-le-retablissement-de-la-peine-de-mort","status":"publish","type":"post","link":"https:\/\/www.europesays.com\/afrique\/196018\/","title":{"rendered":"Contre les pyromanes, le pr\u00e9sident alg\u00e9rien r\u00e9clame le r\u00e9tablissement de la peine de mort"},"content":{"rendered":"<p>        <img decoding=\"async\" loading=\"lazy\" src=\"https:\/\/www.europesays.com\/afrique\/wp-content\/uploads\/2026\/08\/ba486d8_upload-1-erjwlvm5r16s-design-sans-titre-12.png\"  width=\"728\" height=\"410\" alt=\"\u00c0 gauche de l\u2019image, une photo du pr\u00e9sident alg\u00e9rien Abdelmadjid Tebboune prise \u00e0 Berlin, le 16\u00a0juillet\u00a02026. \u00c0 droite, une photo du Beni Aicha, le 27\u00a0ao\u00fbt\u00a02026. \"\/>   <\/p>\n<p>\u00c0 gauche de l\u2019image, une photo du pr\u00e9sident alg\u00e9rien Abdelmadjid Tebboune prise \u00e0 Berlin, le 16\u00a0juillet\u00a02026. \u00c0 droite, une photo du Beni Aicha, le 27\u00a0ao\u00fbt\u00a02026. <\/p>\n<p class=\"asset asset-text\">Le pr\u00e9sident alg\u00e9rien <a href=\"https:\/\/www.huffingtonpost.fr\/international\/article\/crise-paris-alger-le-president-abdelmadjid-tebboune-calme-le-jeu-et-rappelle-que-son-seul-interlocuteur-c-est-macron_247820.html\" rel=\"nofollow noopener\" target=\"_blank\">Abdelmadjid Tebboune<\/a>, dont le pays observe un moratoire sur la peine de mort depuis 1993, a annonc\u00e9 dimanche 30\u00a0ao\u00fbt vouloir r\u00e9tablir son application contre les pyromanes. Cette d\u00e9claration intervient apr\u00e8s que <a href=\"https:\/\/www.huffingtonpost.fr\/france\/article\/la-ville-du-porge-delaissee-face-a-l-incendie-en-gironde-le-chef-des-pompiers-degaine-les-chiffres_312314.html\" rel=\"nofollow noopener\" target=\"_blank\">les incendies<\/a> meurtriers qui ont ravag\u00e9 l\u2019est et le nord du pays.<\/p>\n<p class=\"asset asset-text\">S\u2019adressant au ministre de la Justice lors d\u2019une r\u00e9union consacr\u00e9e aux feux en pr\u00e9sence de hauts responsables civils et militaires, le chef de l\u2019\u00c9tat alg\u00e9rien a ordonn\u00e9 \u00ab\u00a0une modification du Code p\u00e9nal\u00a0\u00bb avant le 15\u00a0septembre.<\/p>\n<p class=\"asset asset-text\">Le pr\u00e9sident alg\u00e9rien a demand\u00e9 que le projet passe par le gouvernement puis que le Parlement l\u2019\u00e9tudie \u00ab\u00a0rapidement\u00a0\u00bb. \u00ab\u00a0On r\u00e9instaure<a href=\"https:\/\/www.huffingtonpost.fr\/international\/article\/les-etats-unis-de-donald-trump-retablissent-la-peine-de-mort-par-peloton-d-execution_263062.html\" rel=\"nofollow noopener\" target=\"_blank\"> la condamnation \u00e0 mort <\/a>pour les pyromanes\u00a0\u00bb, a-t-il d\u00e9clar\u00e9. \u00ab\u00a0Il y aura ex\u00e9cution\u00a0\u00bb une fois les voies de recours \u00e9puis\u00e9es pour les condamn\u00e9s, a-t-il insist\u00e9 dans des images retransmises \u00e0 la t\u00e9l\u00e9vision.<\/p>\n<p>    Un bilan \u00ab\u00a0tr\u00e8s lourd\u00a0\u00bb apr\u00e8s d\u2019importants incendies    <\/p>\n<p class=\"asset asset-text\">L\u2019Alg\u00e9rie a d\u00e9cr\u00e9t\u00e9 un deuil officiel de trois jours et l\u2019annulation de toutes les festivit\u00e9s culturelles et comp\u00e9titions sportives apr\u00e8s les incendies. Selon les chiffres officiels communiqu\u00e9s jusqu\u2019ici, au moins 12\u00a0personnes sont mortes en lien avec de violents <a href=\"https:\/\/www.huffingtonpost.fr\/france\/article\/ce-triste-record-temoigne-de-l-ampleur-des-feux-cet-ete-en-france_292353.html\" rel=\"nofollow noopener\" target=\"_blank\">feux de for\u00eat<\/a> pr\u00e8s de B\u00e9ja\u00efa, Jijel et Tizi-Ouzou, mais des sources locales craignent que le nombre de victimes ne soit beaucoup plus \u00e9lev\u00e9.<\/p>\n<p class=\"asset asset-text\">Le ministre de la Sant\u00e9, Mohamed Seddik A\u00eft Messaoud\u00e8ne, a indiqu\u00e9 vendredi que le bilan \u00e9tait \u00ab\u00a0tr\u00e8s lourd\u00a0\u00bb, sans pour autant donner un chiffre. Les autorit\u00e9s ont indiqu\u00e9 que plusieurs personnes soup\u00e7onn\u00e9es d\u2019avoir allum\u00e9 des feux avaient \u00e9t\u00e9 arr\u00eat\u00e9es.<\/p>\n<p class=\"asset asset-text\">\u00ab\u00a0Personne ne peut faire plier l\u2019Alg\u00e9rie\u00a0\u00bb, a lanc\u00e9 Abdelmadjid Tebboune, qui a par ailleurs promis que les victimes ayant perdu maisons, meubles, \u00e9lectrom\u00e9nager, cheptels ou arbres fruitiers seraient enti\u00e8rement indemnis\u00e9es par l\u2019Etat avant le 15\u00a0septembre.<\/p>\n<p>    Des feux aliment\u00e9s par des vents violents et la canicule    <\/p>\n<p class=\"asset asset-text\">Les incendies ont provoqu\u00e9 une vive \u00e9motion dans le pays. Une foule a assist\u00e9 \u00e0 l\u2019enterrement collectif de victimes dans un des cimeti\u00e8res de Jijel, selon des images diffus\u00e9es par la t\u00e9l\u00e9vision et des sites locaux.<\/p>\n<p class=\"asset asset-text\">Depuis mercredi soir, de nombreuses vid\u00e9os des incendies ont \u00e9t\u00e9 diffus\u00e9es sur les r\u00e9seaux sociaux, notamment par des citoyens bloqu\u00e9s par les flammes dans cette r\u00e9gion \u00e0 la fois c\u00f4ti\u00e8re et montagneuse connue pour ses paysages paradisiaques.<\/p>\n<p class=\"asset asset-text\">Les feux de for\u00eat ont \u00e9t\u00e9 aliment\u00e9s par des vents violents et une intense canicule, des ph\u00e9nom\u00e8nes aggrav\u00e9s par des \u00e9pisodes de plus en plus fr\u00e9quents de s\u00e9cheresse favoris\u00e9s par le changement climatique. La Protection civile a d\u00e9ploy\u00e9 d\u2019importants moyens, dont des avions bombardiers d\u2019eau.<\/p>\n","protected":false},"excerpt":{"rendered":"\u00c0 gauche de l\u2019image, une photo du pr\u00e9sident alg\u00e9rien Abdelmadjid Tebboune prise \u00e0 Berlin, le 16\u00a0juillet\u00a02026. \u00c0 droite,&hellip;\n","protected":false},"author":2,"featured_media":196019,"comment_status":"","ping_status":"","sticky":false,"template":"","format":"standard","meta":{"footnotes":"","_share_on_mastodon":"0"},"categories":[85],"tags":[116,10455,127,1925],"class_list":["post-196018","post","type-post","status-publish","format-standard","has-post-thumbnail","category-algerie","tag-algerie","tag-incendie","tag-international","tag-peine-de-mort"],"share_on_mastodon":{"url":"https:\/\/pubeurope.com\/@afrique\/117189225508341464","error":""},"_links":{"self":[{"href":"https:\/\/www.europesays.com\/afrique\/wp-json\/wp\/v2\/posts\/196018","targetHints":{"allow":["GET"]}}],"collection":[{"href":"https:\/\/www.europesays.com\/afrique\/wp-json\/wp\/v2\/posts"}],"about":[{"href":"https:\/\/www.europesays.com\/afrique\/wp-json\/wp\/v2\/types\/post"}],"author":[{"embeddable":true,"href":"https:\/\/www.europesays.com\/afrique\/wp-json\/wp\/v2\/users\/2"}],"replies":[{"embeddable":true,"href":"https:\/\/www.europesays.com\/afrique\/wp-json\/wp\/v2\/comments?post=196018"}],"version-history":[{"count":0,"href":"https:\/\/www.europesays.com\/afrique\/wp-json\/wp\/v2\/posts\/196018\/revisions"}],"wp:featuredmedia":[{"embeddable":true,"href":"https:\/\/www.europesays.com\/afrique\/wp-json\/wp\/v2\/media\/196019"}],"wp:attachment":[{"href":"https:\/\/www.europesays.com\/afrique\/wp-json\/wp\/v2\/media?parent=196018"}],"wp:term":[{"taxonomy":"category","embeddable":true,"href":"https:\/\/www.europesays.com\/afrique\/wp-json\/wp\/v2\/categories?post=196018"},{"taxonomy":"post_tag","embeddable":true,"href":"https:\/\/www.europesays.com\/afrique\/wp-json\/wp\/v2\/tags?post=196018"}],"curies":[{"name":"wp","href":"https:\/\/api.w.org\/{rel}","templated":true}]}}