{"id":196026,"date":"2026-08-31T08:54:12","date_gmt":"2026-08-31T08:54:12","guid":{"rendered":"https:\/\/www.europesays.com\/afrique\/196026\/"},"modified":"2026-08-31T08:54:12","modified_gmt":"2026-08-31T08:54:12","slug":"ispa-polytechnique-lambition-ivoirienne-de-former-les-ingenieurs-africains-de-demain","status":"publish","type":"post","link":"https:\/\/www.europesays.com\/afrique\/196026\/","title":{"rendered":"ISPA Polytechnique, l\u2019ambition ivoirienne de former les ing\u00e9nieurs africains de demain"},"content":{"rendered":"<p>\n    \u00c0 Abidjan, ISPA Polytechnique mise sur l\u2019hybridation internationale de ses cursus pour s\u2019imposer comme une r\u00e9f\u00e9rence des classes pr\u00e9paratoires scientifiques en Afrique de l\u2019Ouest francophone.<\/p>\n<p class=\"fig-paragraph\">Depuis cinq ans, ISPA Polytechnique a fait un choix strat\u00e9gique clair\u00a0: abandonner le seul mod\u00e8le universitaire classique pour investir la niche, encore \u00e9mergente en Afrique francophone, des classes pr\u00e9paratoires scientifiques. L\u2019objectif est de pr\u00e9parer les \u00e9tudiants aux concours des grandes \u00e9coles d\u2019ing\u00e9nieurs, en France, au Canada ou ailleurs.<\/p>\n<p>    Le Centre Africain Doctoral d\u2019Excellence en Cybers\u00e9curit\u00e9 et IA, un levier d\u2019innovation et de recherche pour les \u00e9tudiants.<br \/>\n                DR<\/p>\n<p>                                            Une hybridation internationale comme signature<\/p>\n<p class=\"fig-paragraph\">La singularit\u00e9 de l\u2019universit\u00e9 tient \u00e0 la structure m\u00eame de ses parcours. Sur un cursus de type master en cinq ans, deux \u00e0 trois ann\u00e9es se d\u00e9roulent en C\u00f4te d\u2019Ivoire, le reste \u00e0 l\u2019\u00e9tranger, au sein d\u2019\u00e9coles partenaires. Cette hybridation, revendiqu\u00e9e comme un avantage concurrentiel, distingue ISPA Polytechnique de ses concurrents r\u00e9gionaux et nourrit son ambition affich\u00e9e\u00a0: devenir l\u2019une des \u00e9coles pr\u00e9paratoires les plus reconnues d\u2019Afrique de l\u2019Ouest francophone.<\/p>\n<p class=\"fig-paragraph\">L\u2019universit\u00e9 entend \u00e9galement d\u00e9passer les fronti\u00e8res ivoiriennes pour attirer des \u00e9tudiants venus du B\u00e9nin, du Togo, du Mali, du Niger, du Gabon ou du Congo. Un rayonnement r\u00e9gional qui s\u2019appuie sur le poids \u00e9conomique de la C\u00f4te d\u2019Ivoire, deuxi\u00e8me \u00e9conomie de la zone CEDEAO. Pour construire ce r\u00e9seau de partenariats \u00e0 l\u2019international, en Allemagne, \u00e0 Malte, au Canada ou en Turquie, ISPA Polytechnique s\u2019appuie sur le cabinet Yes Africa, fort de vingt ann\u00e9es d\u2019exp\u00e9rience dans l\u2019accompagnement des \u00e9tudiants ivoiriens \u00e0 l\u2019\u00e9tranger.<\/p>\n<p>    ISPA Polytechnique mise sur l\u2019excellence acad\u00e9mique et l\u2019ouverture internationale.<br \/>\n                DR<\/p>\n<p>                                            La recherche au service de la cr\u00e9dibilit\u00e9<\/p>\n<p class=\"fig-paragraph\">Cette strat\u00e9gie d\u2019ouverture s\u2019accompagne d\u2019un investissement soutenu dans les infrastructures scientifiques. ISPA Polytechnique se distingue en effet par un laboratoire de recherche en data et intelligence artificielle, une raret\u00e9 parmi les \u00e9tablissements d\u2019enseignement sup\u00e9rieur ivoiriens, dont l\u2019acc\u00e8s a \u00e9t\u00e9 ouvert aux \u00e9tudiants de l\u2019universit\u00e9 F\u00e9lix Houphou\u00ebt-Boigny dans le cadre d\u2019un accord de partenariat.<\/p>\n<p class=\"fig-paragraph\">Autour de ce laboratoire s\u2019est structur\u00e9 le Centre Africain Doctoral d\u2019Excellence en Cybers\u00e9curit\u00e9 et Intelligence Artificielle (CADECIA), con\u00e7u pour r\u00e9pondre aux nouvelles exigences du minist\u00e8re de l\u2019Enseignement sup\u00e9rieur, qui impose d\u00e9sormais aux \u00e9tablissements priv\u00e9s de s\u2019associer \u00e0 des entreprises et des universit\u00e9s publiques pour d\u00e9livrer des doctorats.<\/p>\n<p class=\"fig-paragraph\">Quant au corps professoral, il rassemble professeurs titulaires, ma\u00eetres assistants, professeurs agr\u00e9g\u00e9s et professionnels en exercice, compl\u00e9t\u00e9s par des intervenants internationaux venus renforcer le niveau acad\u00e9mique.<\/p>\n<p>    Une \u00e9cole tourn\u00e9e vers la recherche et l\u2019insertion professionnelle des ing\u00e9nieurs africains.<br \/>\n                DR<\/p>\n<p class=\"fig-paragraph\">Pour ISPA Polytechnique, l\u2019enjeu d\u00e9passe la seule p\u00e9dagogie. En misant sur des partenariats prestigieux, l\u2019\u00e9tablissement d\u2019enseignement sup\u00e9rieur cherche \u00e0 asseoir sa cr\u00e9dibilit\u00e9 aupr\u00e8s des employeurs comme des familles, en C\u00f4te d\u2019Ivoire et au-del\u00e0, et \u00e0 faciliter l\u2019insertion professionnelle de ses dipl\u00f4m\u00e9s, en Afrique comme \u00e0 l\u2019international.<\/p>\n<p>                                            Infos\u00a0:<\/p>\n","protected":false},"excerpt":{"rendered":"\u00c0 Abidjan, ISPA Polytechnique mise sur l\u2019hybridation internationale de ses cursus pour s\u2019imposer comme une r\u00e9f\u00e9rence des classes&hellip;\n","protected":false},"author":2,"featured_media":196027,"comment_status":"","ping_status":"","sticky":false,"template":"","format":"standard","meta":{"footnotes":"","_share_on_mastodon":"0"},"categories":[154],"tags":[13587,13588,13589,13590,759,207,591,6634,2784,13591,598,216,3404,7,533,277,3405,13592,3406,276,13593,592],"class_list":["post-196026","post","type-post","status-publish","format-standard","has-post-thumbnail","category-cote-divoire","tag-action","tag-actualite-bourse","tag-analyse-graphique","tag-analyse-technique","tag-assurance","tag-bourse","tag-bourse-de-paris","tag-cac-40","tag-consommation","tag-cotation","tag-cotations","tag-cote-divoire","tag-devises","tag-economie","tag-emploi","tag-entreprises","tag-fcp","tag-figaro","tag-immobilier","tag-impots","tag-indices","tag-investissement"],"share_on_mastodon":{"url":"https:\/\/pubeurope.com\/@afrique\/117189284043176740","error":""},"_links":{"self":[{"href":"https:\/\/www.europesays.com\/afrique\/wp-json\/wp\/v2\/posts\/196026","targetHints":{"allow":["GET"]}}],"collection":[{"href":"https:\/\/www.europesays.com\/afrique\/wp-json\/wp\/v2\/posts"}],"about":[{"href":"https:\/\/www.europesays.com\/afrique\/wp-json\/wp\/v2\/types\/post"}],"author":[{"embeddable":true,"href":"https:\/\/www.europesays.com\/afrique\/wp-json\/wp\/v2\/users\/2"}],"replies":[{"embeddable":true,"href":"https:\/\/www.europesays.com\/afrique\/wp-json\/wp\/v2\/comments?post=196026"}],"version-history":[{"count":0,"href":"https:\/\/www.europesays.com\/afrique\/wp-json\/wp\/v2\/posts\/196026\/revisions"}],"wp:featuredmedia":[{"embeddable":true,"href":"https:\/\/www.europesays.com\/afrique\/wp-json\/wp\/v2\/media\/196027"}],"wp:attachment":[{"href":"https:\/\/www.europesays.com\/afrique\/wp-json\/wp\/v2\/media?parent=196026"}],"wp:term":[{"taxonomy":"category","embeddable":true,"href":"https:\/\/www.europesays.com\/afrique\/wp-json\/wp\/v2\/categories?post=196026"},{"taxonomy":"post_tag","embeddable":true,"href":"https:\/\/www.europesays.com\/afrique\/wp-json\/wp\/v2\/tags?post=196026"}],"curies":[{"name":"wp","href":"https:\/\/api.w.org\/{rel}","templated":true}]}}