{"id":196172,"date":"2026-08-31T12:05:12","date_gmt":"2026-08-31T12:05:12","guid":{"rendered":"https:\/\/www.europesays.com\/afrique\/196172\/"},"modified":"2026-08-31T12:05:12","modified_gmt":"2026-08-31T12:05:12","slug":"algerie-tebboune-veut-retablir-la-peine-de-mort-contre-les-pyromanes","status":"publish","type":"post","link":"https:\/\/www.europesays.com\/afrique\/196172\/","title":{"rendered":"Alg\u00e9rie. Tebboune veut r\u00e9tablir la peine de mort contre les pyromanes"},"content":{"rendered":"<p>Suite aux incendies meurtriers, le pr\u00e9sident alg\u00e9rien Abdelmadjid Tebboune a ordonn\u00e9 le r\u00e9tablissement de la peine de mort contre les pyromanes.<\/p>\n<p>\u00a0<\/p>\n<p>En bref<a href=\"https:\/\/www.lecourrierdelatlas.com\/?s=Abdelmadjid+Tebboune\" target=\"_blank\" rel=\"noopener nofollow\">Abdelmadjid Tebboune<\/a> veut r\u00e9tablir la peine de mort contre les pyromanes.Le Code p\u00e9nal doit \u00eatre r\u00e9vis\u00e9 avant le 15 septembre.Plusieurs personnes soup\u00e7onn\u00e9es d\u2019avoir d\u00e9clench\u00e9 les <a href=\"https:\/\/www.lecourrierdelatlas.com\/tag\/incendies-algerie\/\" target=\"_blank\" rel=\"noopener nofollow\">incendies<\/a> ont \u00e9t\u00e9 arr\u00eat\u00e9es.Les feux ont frapp\u00e9 le nord-est de l\u2019Alg\u00e9rie depuis le 26 ao\u00fbt.Au moins 12 personnes sont mortes et 54 ont \u00e9t\u00e9 bless\u00e9es.<\/p>\n<p>\u00a0<\/p>\n<p class=\"isSelectedEnd\">\u00ab Il faut r\u00e9viser le Code p\u00e9nal avant le 15 septembre pour r\u00e9tablir l\u2019ex\u00e9cution de la peine de mort contre les pyromanes \u00bb, a clairement indiqu\u00e9, hier (30 ao\u00fbt), le pr\u00e9sident alg\u00e9rien en s\u2019adressant directement au ministre de la Justice, Lotfi Boudjemaa.<\/p>\n<p class=\"isSelectedEnd\">Une annonce faite hier, \u00e0 l\u2019occasion d\u2019une r\u00e9union, rassemblant des hauts responsables civils et militaires, sur les incendies meurtriers ayant frapp\u00e9 l\u2019Alg\u00e9rie ces derniers jours.<\/p>\n<p class=\"isSelectedEnd\">Depuis mercredi (26 ao\u00fbt), de violents feux de for\u00eat se sont abattus sur le Nord-est du pays, pr\u00e8s de B\u00e9ja\u00efa, Jijel et Tizi-Ouzou.<\/p>\n<p>Peine de mort<\/p>\n<p class=\"isSelectedEnd\">Les autorit\u00e9s ont d\u2019ores et d\u00e9j\u00e0 indiqu\u00e9 que, depuis mercredi, plusieurs personnes soup\u00e7onn\u00e9es d\u2019avoir d\u00e9marr\u00e9 ces feux avaient \u00e9t\u00e9 arr\u00eat\u00e9es. Abdelmadjid Tebboune l\u2019a bien r\u00e9p\u00e9t\u00e9, une fois toutes les voies de recours \u00e9puis\u00e9es, \u00ab il y aura ex\u00e9cution \u00bb.<\/p>\n<p class=\"isSelectedEnd\">Une d\u00e9cision qui intervient dans le cadre de la lutte men\u00e9e par les autorit\u00e9s alg\u00e9riennes contre la multiplication des incendies d\u00e9vastateurs observ\u00e9e ces derni\u00e8res ann\u00e9es. Si la peine de mort est bien inscrite dans le code p\u00e9nal alg\u00e9rien, le pays n\u2019a connu aucune ex\u00e9cution depuis 1993.<\/p>\n<p>Douze morts et 54 bless\u00e9s<\/p>\n<p>Vendredi (28 ao\u00fbt), Mohamed Seddik A\u00eft Messaoud\u00e8ne, ministre de la Sant\u00e9, d\u00e9plorait un bilan \u00ab tr\u00e8s lourd \u00bb, sans plus de pr\u00e9cisions.<\/p>\n<p>Selon les chiffres officiels, le bilan ferait \u00e9tat d\u2019au moins 12 morts et 54 bless\u00e9s, la plupart hospitalis\u00e9s pour des br\u00fblures. Parmi les bless\u00e9s, 6 seraient dans un \u00e9tat grave.<\/p>\n<p>Le chef de l\u2019Etat a indiqu\u00e9 que les victimes seraient indemnis\u00e9es par l\u2019Etat avant le 15 septembre. Par ailleurs, l\u2019Alg\u00e9rie a d\u00e9cr\u00e9t\u00e9 un deuil officiel de trois jours et l\u2019annulation de toutes les festivit\u00e9s culturelles et comp\u00e9titions sportives apr\u00e8s les incendies.<\/p>\n<p>\u00a0<\/p>\n<p>\u00a0<\/p>\n<p>Vos questions sur les incendies en Alg\u00e9riePourquoi Abdelmadjid Tebboune veut-il r\u00e9tablir la peine de mort ?<\/p>\n<p data-start=\"3398\" data-end=\"3517\">Le pr\u00e9sident alg\u00e9rien souhaite appliquer cette peine aux personnes reconnues coupables d\u2019avoir d\u00e9clench\u00e9 les incendies.<\/p>\n<p>Quand la r\u00e9vision du Code p\u00e9nal doit-elle intervenir ?<\/p>\n<p data-start=\"3579\" data-end=\"3659\">Abdelmadjid Tebboune a demand\u00e9 une r\u00e9vision du Code p\u00e9nal avant le 15 septembre.<\/p>\n<p>Combien de victimes les incendies ont-ils fait ?<\/p>\n<p data-start=\"3715\" data-end=\"3821\">Selon les chiffres officiels cit\u00e9s dans l\u2019article, les incendies ont fait au moins 12 morts et 54 bless\u00e9s.<\/p>\n<p>La peine de mort existe-t-elle encore en Alg\u00e9rie ?<\/p>\n<p data-start=\"3879\" data-end=\"3972\">Elle est inscrite dans le Code p\u00e9nal alg\u00e9rien, mais aucune ex\u00e9cution n\u2019a eu lieu depuis 1993.<\/p>\n","protected":false},"excerpt":{"rendered":"Suite aux incendies meurtriers, le pr\u00e9sident alg\u00e9rien Abdelmadjid Tebboune a ordonn\u00e9 le r\u00e9tablissement de la peine de mort&hellip;\n","protected":false},"author":2,"featured_media":196173,"comment_status":"","ping_status":"","sticky":false,"template":"","format":"standard","meta":{"footnotes":"","_share_on_mastodon":"0"},"categories":[85],"tags":[1017,116,17742,45584,34539,51224,51189,58060,1925,59303,58097],"class_list":["post-196172","post","type-post","status-publish","format-standard","has-post-thumbnail","category-algerie","tag-abdelmadjid-tebboune","tag-algerie","tag-bejaia","tag-charly-celinain","tag-feux-de-foret","tag-feux-de-foret-en-algerie","tag-incendies-algerie","tag-jijel","tag-peine-de-mort","tag-pyromanes","tag-tizi-ouzou"],"share_on_mastodon":{"url":"https:\/\/pubeurope.com\/@afrique\/117190034959946671","error":""},"_links":{"self":[{"href":"https:\/\/www.europesays.com\/afrique\/wp-json\/wp\/v2\/posts\/196172","targetHints":{"allow":["GET"]}}],"collection":[{"href":"https:\/\/www.europesays.com\/afrique\/wp-json\/wp\/v2\/posts"}],"about":[{"href":"https:\/\/www.europesays.com\/afrique\/wp-json\/wp\/v2\/types\/post"}],"author":[{"embeddable":true,"href":"https:\/\/www.europesays.com\/afrique\/wp-json\/wp\/v2\/users\/2"}],"replies":[{"embeddable":true,"href":"https:\/\/www.europesays.com\/afrique\/wp-json\/wp\/v2\/comments?post=196172"}],"version-history":[{"count":0,"href":"https:\/\/www.europesays.com\/afrique\/wp-json\/wp\/v2\/posts\/196172\/revisions"}],"wp:featuredmedia":[{"embeddable":true,"href":"https:\/\/www.europesays.com\/afrique\/wp-json\/wp\/v2\/media\/196173"}],"wp:attachment":[{"href":"https:\/\/www.europesays.com\/afrique\/wp-json\/wp\/v2\/media?parent=196172"}],"wp:term":[{"taxonomy":"category","embeddable":true,"href":"https:\/\/www.europesays.com\/afrique\/wp-json\/wp\/v2\/categories?post=196172"},{"taxonomy":"post_tag","embeddable":true,"href":"https:\/\/www.europesays.com\/afrique\/wp-json\/wp\/v2\/tags?post=196172"}],"curies":[{"name":"wp","href":"https:\/\/api.w.org\/{rel}","templated":true}]}}