{"id":196269,"date":"2026-08-31T13:49:10","date_gmt":"2026-08-31T13:49:10","guid":{"rendered":"https:\/\/www.europesays.com\/afrique\/196269\/"},"modified":"2026-08-31T13:49:10","modified_gmt":"2026-08-31T13:49:10","slug":"tunisie-jusqua-40-mm-de-pluie-de-la-grele-et-des-vents-a-plus-de-80-km-h-attendus","status":"publish","type":"post","link":"https:\/\/www.europesays.com\/afrique\/196269\/","title":{"rendered":"Tunisie : Jusqu\u2019\u00e0 40 mm de pluie, de la gr\u00eale et des vents \u00e0 plus de 80 km\/h attendus"},"content":{"rendered":"<p class=\"wp-block-paragraph\">Des cellules orageuses accompagn\u00e9es de pluies sont attendues cet apr\u00e8s-midi, lundi 31 ao\u00fbt, dans plusieurs r\u00e9gions de Tunisie, selon un bulletin de suivi de l\u2019Institut national de la m\u00e9t\u00e9orologie. Les perturbations toucheront d\u2019abord les r\u00e9gions ouest du Nord et du Centre avant de gagner progressivement l\u2019Est, avec des pluies parfois abondantes dans six gouvernorats. Des chutes de gr\u00eale et des rafales pouvant d\u00e9passer temporairement 80 km\/h sont \u00e9galement annonc\u00e9es.<\/p>\n<p>Six gouvernorats particuli\u00e8rement concern\u00e9s<\/p>\n<p class=\"wp-block-paragraph\">Les pluies devraient \u00eatre parfois abondantes dans les gouvernorats du Kef, de Siliana, de Kasserine, de Sidi Bouzid, de Kairouan et de Sfax.<\/p>\n<p class=\"wp-block-paragraph\">Les quantit\u00e9s les plus importantes devraient varier entre 20 et 40 millim\u00e8tres, selon le bulletin de suivi de l\u2019Institut national de la m\u00e9t\u00e9orologie.<\/p>\n<p class=\"wp-block-paragraph\">Les cellules orageuses appara\u00eetront d\u2019abord sur les r\u00e9gions occidentales du Nord et du Centre avant de s\u2019\u00e9tendre progressivement vers les r\u00e9gions orientales du pays.<\/p>\n<p>Risque de gr\u00eale et fortes rafales<\/p>\n<p class=\"wp-block-paragraph\">L\u2019\u00e9pisode orageux pourrait \u00e9galement s\u2019accompagner de chutes de gr\u00eale dans certaines zones.<\/p>\n<p class=\"wp-block-paragraph\">L\u2019INM met aussi en garde contre des vents forts lors du passage des cellules orageuses, avec des rafales pouvant d\u00e9passer temporairement les 80 km\/h.<\/p>\n<p class=\"wp-block-paragraph\">Ces ph\u00e9nom\u00e8nes devraient se produire localement lors de la formation et du d\u00e9placement des cellules orageuses.<\/p>\n<p>Des orages encore attendus mardi<\/p>\n<p class=\"wp-block-paragraph\">L\u2019instabilit\u00e9 m\u00e9t\u00e9orologique devrait se poursuivre mardi 1er septembre.<\/p>\n<p class=\"wp-block-paragraph\">Des cellules orageuses locales accompagn\u00e9es de pluies sont en effet encore attendues dans l\u2019apr\u00e8s-midi sur les r\u00e9gions occidentales du pays.<\/p>\n<p class=\"wp-block-paragraph\">Les autorit\u00e9s m\u00e9t\u00e9orologiques appellent ainsi \u00e0 la vigilance face aux fortes rafales et aux pr\u00e9cipitations parfois abondantes annonc\u00e9es dans plusieurs r\u00e9gions.<\/p>\n<p class=\"wp-block-paragraph\">Lire aussi :<\/p>\n","protected":false},"excerpt":{"rendered":"Des cellules orageuses accompagn\u00e9es de pluies sont attendues cet apr\u00e8s-midi, lundi 31 ao\u00fbt, dans plusieurs r\u00e9gions de Tunisie,&hellip;\n","protected":false},"author":2,"featured_media":117806,"comment_status":"","ping_status":"","sticky":false,"template":"","format":"standard","meta":{"footnotes":"","_share_on_mastodon":"0"},"categories":[120],"tags":[56919,2524,2400,628,124,629],"class_list":["post-196269","post","type-post","status-publish","format-standard","has-post-thumbnail","category-tunisie","tag-grle","tag-mto","tag-orages","tag-pluie","tag-tunisie","tag-vent"],"share_on_mastodon":{"url":"https:\/\/pubeurope.com\/@afrique\/117190443992724337","error":""},"_links":{"self":[{"href":"https:\/\/www.europesays.com\/afrique\/wp-json\/wp\/v2\/posts\/196269","targetHints":{"allow":["GET"]}}],"collection":[{"href":"https:\/\/www.europesays.com\/afrique\/wp-json\/wp\/v2\/posts"}],"about":[{"href":"https:\/\/www.europesays.com\/afrique\/wp-json\/wp\/v2\/types\/post"}],"author":[{"embeddable":true,"href":"https:\/\/www.europesays.com\/afrique\/wp-json\/wp\/v2\/users\/2"}],"replies":[{"embeddable":true,"href":"https:\/\/www.europesays.com\/afrique\/wp-json\/wp\/v2\/comments?post=196269"}],"version-history":[{"count":0,"href":"https:\/\/www.europesays.com\/afrique\/wp-json\/wp\/v2\/posts\/196269\/revisions"}],"wp:featuredmedia":[{"embeddable":true,"href":"https:\/\/www.europesays.com\/afrique\/wp-json\/wp\/v2\/media\/117806"}],"wp:attachment":[{"href":"https:\/\/www.europesays.com\/afrique\/wp-json\/wp\/v2\/media?parent=196269"}],"wp:term":[{"taxonomy":"category","embeddable":true,"href":"https:\/\/www.europesays.com\/afrique\/wp-json\/wp\/v2\/categories?post=196269"},{"taxonomy":"post_tag","embeddable":true,"href":"https:\/\/www.europesays.com\/afrique\/wp-json\/wp\/v2\/tags?post=196269"}],"curies":[{"name":"wp","href":"https:\/\/api.w.org\/{rel}","templated":true}]}}