{"id":196283,"date":"2026-08-31T14:01:33","date_gmt":"2026-08-31T14:01:33","guid":{"rendered":"https:\/\/www.europesays.com\/afrique\/196283\/"},"modified":"2026-08-31T14:01:33","modified_gmt":"2026-08-31T14:01:33","slug":"recherche-et-innovation-le-ghana-fixe-ses-priorites-pour-booster-leconomie-reelle","status":"publish","type":"post","link":"https:\/\/www.europesays.com\/afrique\/196283\/","title":{"rendered":"Recherche et innovation : le Ghana fixe ses priorit\u00e9s pour booster l\u2019\u00e9conomie r\u00e9elle"},"content":{"rendered":"<p>En prenant ses fonctions le 29 ao\u00fbt, la nouvelle ministre ghan\u00e9enne de l\u2019Environnement, de la Science et de la Technologie, Zanetor Agyeman-Rawlings, a \u00e9t\u00e9 charg\u00e9e par le pr\u00e9sident John Dramani Mahama de rapprocher recherche universitaire et besoins \u00e9conomiques du pays.<\/p>\n<p><img loading=\"lazy\" decoding=\"async\" width=\"353\" height=\"500\" alt=\"\" style=\"max-width:100%; height:auto;\" class=\"perfmatters-lazy\" src=\"https:\/\/www.europesays.com\/afrique\/wp-content\/uploads\/2026\/07\/Pigier-journee.webp\"\/><\/p>\n<p>Le pr\u00e9sident ghan\u00e9en John Dramani Mahama a charg\u00e9, samedi 29 ao\u00fbt, la nouvelle ministre de l\u2019Environnement, de la Science et de la Technologie, Zanetor Agyeman-Rawlings, de rendre son minist\u00e8re plus r\u00e9actif aux besoins du pays, en resserrant les liens entre universit\u00e9s, institutions scientifiques et entreprises. Lors de la c\u00e9r\u00e9monie de prestation de serment, le chef de l\u2019\u00c9tat a appel\u00e9 \u00e0 transformer la recherche en solutions concr\u00e8tes et en emplois, plut\u00f4t que de la laisser isol\u00e9e des besoins \u00e9conomiques.<\/p>\n<p>Le pr\u00e9sident souhaite que les jeunes Ghan\u00e9ens appliquent leurs comp\u00e9tences technologiques \u00e0 des secteurs jug\u00e9s prioritaires : l\u2019agriculture, la sant\u00e9, l\u2019\u00e9nergie, l\u2019industrie et l\u2019\u00e9conomie num\u00e9rique.<\/p>\n<p>Le Ghana a lanc\u00e9 en juin un Fonds national de recherche dot\u00e9 d\u2019un capital de d\u00e9part de 100 millions de cedis (environ 8 millions de dollars), destin\u00e9 \u00e0 financer des programmes doctoraux et postdoctoraux. En avril, le pays avait par ailleurs annonc\u00e9 un investissement de 250 millions de dollars pour la mise en place d\u2019un centre de calcul d\u00e9di\u00e9 \u00e0 la recherche en intelligence artificielle, dont 20 millions de dollars pour sa premi\u00e8re phase de mise en \u0153uvre.<\/p>\n<p>Ces annonces interviennent alors que les d\u00e9penses de recherche et d\u00e9veloppement du Ghana ne repr\u00e9sentaient que 0,39 % du produit int\u00e9rieur brut en 2024, loin de l\u2019objectif national de 1 % fix\u00e9 par les autorit\u00e9s.<\/p>\n<p>Une recherche encore peu valoris\u00e9e par l\u2019\u00e9conomie<\/p>\n<p>La m\u00eame ann\u00e9e, 125 r\u00e9sultats de recherche ont \u00e9t\u00e9 adopt\u00e9s par des entreprises et 32 technologies ont \u00e9t\u00e9 commercialis\u00e9es, un niveau jug\u00e9 insuffisant au regard du potentiel scientifique du pays, selon les donn\u00e9es cit\u00e9es par les autorit\u00e9s ghan\u00e9ennes.<\/p>\n<p>M\u00e9decin de formation et fille de l\u2019ancien pr\u00e9sident Jerry Rawlings, Zanetor Agyeman-Rawlings h\u00e9rite d\u2019un portefeuille rest\u00e9 vacant depuis la mort accidentelle de son pr\u00e9c\u00e9dent titulaire, Ibrahim Murtala Muhammed, tu\u00e9 avec sept autres personnes dans le crash d\u2019un h\u00e9licopt\u00e8re militaire le 6 ao\u00fbt 2025.<\/p>\n","protected":false},"excerpt":{"rendered":"En prenant ses fonctions le 29 ao\u00fbt, la nouvelle ministre ghan\u00e9enne de l\u2019Environnement, de la Science et de&hellip;\n","protected":false},"author":2,"featured_media":196284,"comment_status":"","ping_status":"","sticky":false,"template":"","format":"standard","meta":{"footnotes":"","_share_on_mastodon":"0"},"categories":[161],"tags":[21167,7,7806,278,2652,1188,1983,2951,59352],"class_list":["post-196283","post","type-post","status-publish","format-standard","has-post-thumbnail","category-ghana","tag-booster","tag-economie","tag-fixe","tag-ghana","tag-innovation","tag-leconomie","tag-priorites","tag-recherche","tag-reelle"],"share_on_mastodon":{"url":"https:\/\/pubeurope.com\/@afrique\/117190491348630250","error":""},"_links":{"self":[{"href":"https:\/\/www.europesays.com\/afrique\/wp-json\/wp\/v2\/posts\/196283","targetHints":{"allow":["GET"]}}],"collection":[{"href":"https:\/\/www.europesays.com\/afrique\/wp-json\/wp\/v2\/posts"}],"about":[{"href":"https:\/\/www.europesays.com\/afrique\/wp-json\/wp\/v2\/types\/post"}],"author":[{"embeddable":true,"href":"https:\/\/www.europesays.com\/afrique\/wp-json\/wp\/v2\/users\/2"}],"replies":[{"embeddable":true,"href":"https:\/\/www.europesays.com\/afrique\/wp-json\/wp\/v2\/comments?post=196283"}],"version-history":[{"count":0,"href":"https:\/\/www.europesays.com\/afrique\/wp-json\/wp\/v2\/posts\/196283\/revisions"}],"wp:featuredmedia":[{"embeddable":true,"href":"https:\/\/www.europesays.com\/afrique\/wp-json\/wp\/v2\/media\/196284"}],"wp:attachment":[{"href":"https:\/\/www.europesays.com\/afrique\/wp-json\/wp\/v2\/media?parent=196283"}],"wp:term":[{"taxonomy":"category","embeddable":true,"href":"https:\/\/www.europesays.com\/afrique\/wp-json\/wp\/v2\/categories?post=196283"},{"taxonomy":"post_tag","embeddable":true,"href":"https:\/\/www.europesays.com\/afrique\/wp-json\/wp\/v2\/tags?post=196283"}],"curies":[{"name":"wp","href":"https:\/\/api.w.org\/{rel}","templated":true}]}}