{"id":196303,"date":"2026-08-31T14:25:10","date_gmt":"2026-08-31T14:25:10","guid":{"rendered":"https:\/\/www.europesays.com\/afrique\/196303\/"},"modified":"2026-08-31T14:25:10","modified_gmt":"2026-08-31T14:25:10","slug":"kenya-nouveau-week-end-de-violences-politiques-a-un-an-des-elections-generales-de-2027","status":"publish","type":"post","link":"https:\/\/www.europesays.com\/afrique\/196303\/","title":{"rendered":"Kenya: nouveau week-end de violences politiques \u00e0 un an des \u00e9lections g\u00e9n\u00e9rales de 2027"},"content":{"rendered":"<p class=\"mb-4 text-lg md:leading-8 break-words\">Avec notre correspondante \u00e0 Nairobi, Ga\u00eblle Laleix<\/p>\n<p class=\"mb-4 text-lg md:leading-8 break-words\">Dans la ville de Meru, dans le centre du <a data-ylk=\"slk:Kenya;elm:context_link;itc:0;sec:content-canvas;\" data-yga=\"{&quot;yLinkElement&quot;:&quot;link&quot;,&quot;yLinkElementType&quot;:&quot;article_link&quot;}\" href=\"https:\/\/www.rfi.fr\/fr\/tag\/kenya\/\" rel=\"noopener noreferrer nofollow\" target=\"_blank\">Kenya<\/a>, s&rsquo;avan\u00e7ait un cort\u00e8ge de voitures. Sur leur toit, plusieurs leaders de l&rsquo;opposition, dont Edwin Sifuna. Soudain, des gaz lacrymog\u00e8nes, tir\u00e9s sans avertissement, ont dispers\u00e9 la foule : \u00ab Citoyens, ne fuyez pas ! Ils ne peuvent pas nous effrayer \u00bb, hurlait alors Edwin Sifuna, s\u00e9nateur de Nairobi et figure de proue du mouvement Linda Mwananchi.<\/p>\n<p class=\"mb-4 text-lg md:leading-8 break-words\">La veille, \u00e0 Migori, dans le sud-ouest du pays, c&rsquo;est la voiture du gouverneur James Orengo, aussi membre de Linda Mwananchi, qui est incendi\u00e9e, lors d&rsquo;un rassemblement. L&rsquo;opposant accuse des \u00ab goons \u00bb, des nervis politiques \u00e0 la solde des autorit\u00e9s, d&rsquo;\u00eatre les auteurs de ces violences.<\/p>\n<p class=\"mb-4 text-lg md:leading-8 break-words\">\u00ab Les libert\u00e9s d\u00e9mocratiques [\u2026] ne sauraient servir de pr\u00e9texte pour instrumentaliser la criminalit\u00e9 organis\u00e9e contre des personnes de convictions politiques diff\u00e9rentes \u00bb, s&rsquo;indigne Faith Odhiambo, ancienne pr\u00e9sidente de la Soci\u00e9t\u00e9 du droit k\u00e9nyan.<\/p>\n<p class=\"mb-4 text-lg md:leading-8 break-words\">\u00c0 lire aussi<a data-ylk=\"slk:Kenya: apr\u00e8s de nouveaux enl\u00e8vements de militants, les d\u00e9fenseurs des droits humains accusent les autorit\u00e9s;elm:context_link;itc:0;sec:content-canvas;\" data-yga=\"{&quot;yLinkElement&quot;:&quot;link&quot;,&quot;yLinkElementType&quot;:&quot;article_link&quot;}\" href=\"https:\/\/www.rfi.fr\/fr\/afrique\/20260629-kenya-apr\u00e8s-de-nouveaux-enl\u00e8vements-de-militants-les-d\u00e9fenseurs-des-droits-humains-accusent-les-autorit\u00e9s\" class=\"a-read-more__link\" rel=\"noopener noreferrer nofollow\" target=\"_blank\">Kenya: apr\u00e8s de nouveaux enl\u00e8vements de militants, les d\u00e9fenseurs des droits humains accusent les autorit\u00e9s<\/a><\/p>\n<p>Plus d&rsquo;une dizaine de cas de violences politiques recens\u00e9s cet \u00e9t\u00e9<\/p>\n<p class=\"mb-4 text-lg md:leading-8 break-words\">Jeudi pourtant, lors de l&rsquo;anniversaire de la Constitution de 2010, le pr\u00e9sident William Ruto a promis de prot\u00e9ger les libert\u00e9s civiques des citoyens k\u00e9nyans : selon Kalonzo Musyoka, ancien vice-pr\u00e9sident de Mwai Kibaki, les \u00e9v\u00e9nements de ce week-end \u00ab montrent la valeur qu&rsquo;il faut accorder \u00e0 cette promesse \u00bb.<\/p>\n<p class=\"mb-4 text-lg md:leading-8 break-words\">Pour rappel, la Commission nationale k\u00e9nyane des droits humains a d\u00e9j\u00e0 recens\u00e9 plus d&rsquo;une dizaine <a data-ylk=\"slk:d&#039;incidents de violences politiques;elm:context_link;itc:0;sec:content-canvas;\" data-yga=\"{&quot;yLinkElement&quot;:&quot;link&quot;,&quot;yLinkElementType&quot;:&quot;article_link&quot;}\" href=\"https:\/\/www.rfi.fr\/fr\/afrique\/20260816-kenya-nouvelles-violences-lors-d-un-rassemblement-de-l-opposition-dans-l-ouest-du-pays\" rel=\"noopener noreferrer nofollow\" target=\"_blank\">d&rsquo;incidents de violences politiques<\/a> entre juin et ao\u00fbt de cette ann\u00e9e.<\/p>\n<p class=\"mb-4 text-lg md:leading-8 break-words\">\u00c0 lire aussi<a data-ylk=\"slk:Kenya: la soci\u00e9t\u00e9 civile s&#039;inqui\u00e8te d&#039;une forte hausse du budget s\u00e9curitaire \u00e0 un an des \u00e9lections g\u00e9n\u00e9rales;elm:context_link;itc:0;sec:content-canvas;\" data-yga=\"{&quot;yLinkElement&quot;:&quot;link&quot;,&quot;yLinkElementType&quot;:&quot;article_link&quot;}\" href=\"https:\/\/www.rfi.fr\/fr\/afrique\/20260827-kenya-la-soci\u00e9t\u00e9-civile-s-inqui\u00e8te-d-une-forte-hausse-du-budget-s\u00e9curitaire-\u00e0-un-an-des-\u00e9lections-g\u00e9n\u00e9rales\" class=\"a-read-more__link\" rel=\"noopener noreferrer nofollow\" target=\"_blank\">Kenya: la soci\u00e9t\u00e9 civile s&rsquo;inqui\u00e8te d&rsquo;une forte hausse du budget s\u00e9curitaire \u00e0 un an des \u00e9lections g\u00e9n\u00e9rales<\/a><\/p>\n","protected":false},"excerpt":{"rendered":"Avec notre correspondante \u00e0 Nairobi, Ga\u00eblle Laleix Dans la ville de Meru, dans le centre du Kenya, s&rsquo;avan\u00e7ait&hellip;\n","protected":false},"author":2,"featured_media":196304,"comment_status":"","ping_status":"","sticky":false,"template":"","format":"standard","meta":{"footnotes":"","_share_on_mastodon":"0"},"categories":[165],"tags":[59369,11102,59366,58312,59360,59365,59354,59358,59364,48449,59363,230,59355,59359,5626,59367,59362,59361,59368,59356,59357,1546],"class_list":["post-196303","post","type-post","status-publish","format-standard","has-post-thumbnail","category-kenya","tag-accorder-a-cette","tag-ancien","tag-ancienne-presidente-de-la-societe-du","tag-avec-notre","tag-cest-la-voiture-du-gouverneur","tag-dune-forte-hausse","tag-edwin-sifuna","tag-entre-juin-et-aout-de-cette-annee","tag-faith-odhiambo","tag-james-orengo","tag-kalonzo-musyoka","tag-kenya","tag-linda-mwananchi","tag-migori","tag-nairobi","tag-nationale-kenyane-des-droits-humains","tag-senateur-de-nairobi","tag-servir-de-pretexte-pour","tag-soudain","tag-sur-leur-toit","tag-tires-sans-avertissement","tag-william-ruto"],"share_on_mastodon":{"url":"https:\/\/pubeurope.com\/@afrique\/117190585440935574","error":""},"_links":{"self":[{"href":"https:\/\/www.europesays.com\/afrique\/wp-json\/wp\/v2\/posts\/196303","targetHints":{"allow":["GET"]}}],"collection":[{"href":"https:\/\/www.europesays.com\/afrique\/wp-json\/wp\/v2\/posts"}],"about":[{"href":"https:\/\/www.europesays.com\/afrique\/wp-json\/wp\/v2\/types\/post"}],"author":[{"embeddable":true,"href":"https:\/\/www.europesays.com\/afrique\/wp-json\/wp\/v2\/users\/2"}],"replies":[{"embeddable":true,"href":"https:\/\/www.europesays.com\/afrique\/wp-json\/wp\/v2\/comments?post=196303"}],"version-history":[{"count":0,"href":"https:\/\/www.europesays.com\/afrique\/wp-json\/wp\/v2\/posts\/196303\/revisions"}],"wp:featuredmedia":[{"embeddable":true,"href":"https:\/\/www.europesays.com\/afrique\/wp-json\/wp\/v2\/media\/196304"}],"wp:attachment":[{"href":"https:\/\/www.europesays.com\/afrique\/wp-json\/wp\/v2\/media?parent=196303"}],"wp:term":[{"taxonomy":"category","embeddable":true,"href":"https:\/\/www.europesays.com\/afrique\/wp-json\/wp\/v2\/categories?post=196303"},{"taxonomy":"post_tag","embeddable":true,"href":"https:\/\/www.europesays.com\/afrique\/wp-json\/wp\/v2\/tags?post=196303"}],"curies":[{"name":"wp","href":"https:\/\/api.w.org\/{rel}","templated":true}]}}