{"id":196322,"date":"2026-08-31T14:51:20","date_gmt":"2026-08-31T14:51:20","guid":{"rendered":"https:\/\/www.europesays.com\/afrique\/196322\/"},"modified":"2026-08-31T14:51:20","modified_gmt":"2026-08-31T14:51:20","slug":"moodys-degrade-le-senegal-a-caa2-tandis-que-le-nigeria-voit-sa-perspective-relevee-a-positive","status":"publish","type":"post","link":"https:\/\/www.europesays.com\/afrique\/196322\/","title":{"rendered":"Moody\u2019s d\u00e9grade le S\u00e9n\u00e9gal \u00e0 Caa2, tandis que le Nigeria voit sa perspective relev\u00e9e \u00e0 positive"},"content":{"rendered":"<p>L\u2019agence de notation a pris, le 28 ao\u00fbt, deux d\u00e9cisions oppos\u00e9es pour ces poids lourds ouest-africains, illustrant le contraste entre le r\u00e9gime de change fixe du franc CFA et la flexibilit\u00e9 du naira nig\u00e9rian.<\/p>\n<p><img loading=\"lazy\" decoding=\"async\" width=\"353\" height=\"500\" alt=\"\" style=\"max-width:100%; height:auto;\" class=\"perfmatters-lazy\" src=\"https:\/\/www.europesays.com\/afrique\/wp-content\/uploads\/2026\/07\/Pigier-journee.webp\"\/><\/p>\n<p>Moody\u2019s Ratings a publi\u00e9, vendredi 28 ao\u00fbt, deux d\u00e9cisions aux trajectoires oppos\u00e9es pour deux des plus grandes \u00e9conomies d\u2019Afrique de l\u2019Ouest. L\u2019agence a d\u00e9grad\u00e9 la note souveraine du S\u00e9n\u00e9gal d\u2019un cran, de Caa1 \u00e0 Caa2, en maintenant une perspective n\u00e9gative, tandis qu\u2019elle a relev\u00e9 de \u00ab stable \u00bb \u00e0 \u00ab positive \u00bb la perspective de la note B3 du Nigeria.<\/p>\n<p>Pour le S\u00e9n\u00e9gal, Moody\u2019s justifie sa d\u00e9cision par la mont\u00e9e des pressions de refinancement et l\u2019affaiblissement de la capacit\u00e9 de l\u2019\u00c9tat \u00e0 assurer le service de sa dette. L\u2019agence souligne l\u2019absence prolong\u00e9e d\u2019un accord avec le Fonds mon\u00e9taire international (FMI), qui a accentu\u00e9 la d\u00e9pendance de Dakar au financement r\u00e9gional. Les besoins de financement du pays sont estim\u00e9s \u00e0 environ 25 % du produit int\u00e9rieur brut (PIB), pour une dette publique \u00e9valu\u00e9e \u00e0 108 % du PIB. Les paiements d\u2019int\u00e9r\u00eats sont pass\u00e9s de 16,1 % \u00e0 23,7 % des revenus de l\u2019\u00c9tat entre 2023 et 2026, selon l\u2019agence.<\/p>\n<p>Moody\u2019s \u00e9voque \u00e9galement des risques politiques et sociaux \u2014 tensions entre l\u2019ex\u00e9cutif et le pouvoir l\u00e9gislatif, pauvret\u00e9, ch\u00f4mage des jeunes, ins\u00e9curit\u00e9 \u2014 ainsi que des lacunes de gouvernance : des audits ont mis au jour des d\u00e9penses r\u00e9alis\u00e9es en dehors des proc\u00e9dures habituelles de contr\u00f4le.<\/p>\n<p>\u00c0 l\u2019inverse, le Nigeria a vu sa perspective relev\u00e9e en raison du renforcement de sa position ext\u00e9rieure. Moody\u2019s cite un exc\u00e9dent de la balance courante de 6,1 % du PIB attendu en 2026 et de 4,1 % en 2027, des r\u00e9serves de change brutes de 31,2 milliards de dollars \u2014 soit pr\u00e8s de six mois de couverture des importations \u2014 et une croissance du PIB estim\u00e9e \u00e0 environ 4 % en 2025, port\u00e9e par les activit\u00e9s non p\u00e9troli\u00e8res.<\/p>\n<p>Le franc CFA, un ancrage qui limite les marges de man\u0153uvre<\/p>\n<p>Le sort contrast\u00e9 des deux pays renvoie \u00e0 la nature de leurs r\u00e9gimes mon\u00e9taires. Le S\u00e9n\u00e9gal, comme les sept autres pays de l\u2019Union \u00e9conomique et mon\u00e9taire ouest-africaine (UEMOA), utilise le franc CFA, arrim\u00e9 \u00e0 taux fixe \u00e0 l\u2019euro. Ce r\u00e9gime garantit une stabilit\u00e9 mon\u00e9taire et une inflation g\u00e9n\u00e9ralement contenue, mais il prive Dakar de la possibilit\u00e9 d\u2019ajuster sa monnaie pour att\u00e9nuer le poids de sa dette ou soutenir ses exportations en cas de choc budg\u00e9taire \u2014 une marge de man\u0153uvre dont dispose le Nigeria avec le naira, monnaie \u00e0 taux flottant.<\/p>\n<p>Nigeria : la confiance retrouv\u00e9e des agences de notation<\/p>\n<p>La d\u00e9cision de Moody\u2019s confirme une tendance d\u00e9j\u00e0 observ\u00e9e par les autres grandes agences de notation. Les recettes publiques nig\u00e9rianes ont progress\u00e9 de 49 % sur les cinq premiers mois de 2026, pour atteindre 15 800 milliards de nairas, dans un contexte de cours du p\u00e9trole rest\u00e9s au-dessus du seuil de r\u00e9f\u00e9rence budg\u00e9taire de 64,85 dollars le baril. Ces r\u00e9sultats s\u2019inscrivent dans la continuit\u00e9 des r\u00e9formes macro\u00e9conomiques engag\u00e9es par le pr\u00e9sident Bola Tinubu, dont l\u2019unification du taux de change et la suppression progressive des subventions aux carburants.<\/p>\n<p>Selon Moody\u2019s, une r\u00e9vision \u00e0 la baisse de cette perspective interviendrait si la croissance nig\u00e9riane ralentissait brutalement ou si les r\u00e9serves de change venaient \u00e0 se r\u00e9duire de mani\u00e8re significative.<\/p>\n","protected":false},"excerpt":{"rendered":"L\u2019agence de notation a pris, le 28 ao\u00fbt, deux d\u00e9cisions oppos\u00e9es pour ces poids lourds ouest-africains, illustrant le&hellip;\n","protected":false},"author":2,"featured_media":196323,"comment_status":"","ping_status":"","sticky":false,"template":"","format":"standard","meta":{"footnotes":"","_share_on_mastodon":"0"},"categories":[176],"tags":[58863,59404,7,11094,192,59405,59406,11,57816,458],"class_list":["post-196322","post","type-post","status-publish","format-standard","has-post-thumbnail","category-nigeria","tag-caa2","tag-degrade","tag-economie","tag-moodys","tag-nigeria","tag-perspective","tag-relevee","tag-senegal","tag-tandis","tag-voit"],"share_on_mastodon":{"url":"https:\/\/pubeurope.com\/@afrique\/117190688091742063","error":""},"_links":{"self":[{"href":"https:\/\/www.europesays.com\/afrique\/wp-json\/wp\/v2\/posts\/196322","targetHints":{"allow":["GET"]}}],"collection":[{"href":"https:\/\/www.europesays.com\/afrique\/wp-json\/wp\/v2\/posts"}],"about":[{"href":"https:\/\/www.europesays.com\/afrique\/wp-json\/wp\/v2\/types\/post"}],"author":[{"embeddable":true,"href":"https:\/\/www.europesays.com\/afrique\/wp-json\/wp\/v2\/users\/2"}],"replies":[{"embeddable":true,"href":"https:\/\/www.europesays.com\/afrique\/wp-json\/wp\/v2\/comments?post=196322"}],"version-history":[{"count":0,"href":"https:\/\/www.europesays.com\/afrique\/wp-json\/wp\/v2\/posts\/196322\/revisions"}],"wp:featuredmedia":[{"embeddable":true,"href":"https:\/\/www.europesays.com\/afrique\/wp-json\/wp\/v2\/media\/196323"}],"wp:attachment":[{"href":"https:\/\/www.europesays.com\/afrique\/wp-json\/wp\/v2\/media?parent=196322"}],"wp:term":[{"taxonomy":"category","embeddable":true,"href":"https:\/\/www.europesays.com\/afrique\/wp-json\/wp\/v2\/categories?post=196322"},{"taxonomy":"post_tag","embeddable":true,"href":"https:\/\/www.europesays.com\/afrique\/wp-json\/wp\/v2\/tags?post=196322"}],"curies":[{"name":"wp","href":"https:\/\/api.w.org\/{rel}","templated":true}]}}