{"id":196338,"date":"2026-08-31T15:07:21","date_gmt":"2026-08-31T15:07:21","guid":{"rendered":"https:\/\/www.europesays.com\/afrique\/196338\/"},"modified":"2026-08-31T15:07:21","modified_gmt":"2026-08-31T15:07:21","slug":"culture-numerique-et-proximite-20-ans-de-moov-africa-la-fete-se-joue-sur-tous-les-terrains","status":"publish","type":"post","link":"https:\/\/www.europesays.com\/afrique\/196338\/","title":{"rendered":"Culture, num\u00e9rique et proximit\u00e9 : 20 ans de Moov Africa : la f\u00eate se joue sur tous les terrains"},"content":{"rendered":"<p>L\u2019Alliance Coup\u00e9-D\u00e9cal\u00e9-Biama s\u2019est impos\u00e9e au terme de la finale du Clash Musical 2026.<\/p>\n<p>                    \u00c0 l\u2019occasion de ses 20 ans en C\u00f4te d\u2019Ivoire, Moov Africa multiplie les initiatives \u00e0 travers le pays. Culture, formation num\u00e9rique, sport et animations de proximit\u00e9 ont rythm\u00e9, ces derniers jours, les activit\u00e9s de l\u2019op\u00e9rateur, notamment \u00e0 Abidjan et \u00e0 Soubr\u00e9.<br \/>\n        Le 20\u1d49 anniversaire de Moov Africa C\u00f4te d\u2019Ivoire ne se limite pas \u00e0 une c\u00e9l\u00e9bration institutionnelle.<\/p>\n<p>Pour marquer cette \u00e9tape, l\u2019op\u00e9rateur de t\u00e9l\u00e9communications a choisi d\u2019aller \u00e0 la rencontre des populations \u00e0 travers plusieurs activit\u00e9s m\u00ealant culture, num\u00e9rique, sport et loisirs.<\/p>\n<p>\t\t\t\t\t\t\t\t\t\t\t\t\t\t\t\t\t<img decoding=\"async\" class=\"lazy\" bad-src=\"https:\/\/cdn4.premiumread.com\/?url=https:\/\/www.fratmat.info\/uploads\/images\/2026\/08\/31\/292356.jpeg&amp;w=30&amp;q=100&amp;f=jpg\" src=\"https:\/\/www.fratmat.info\/uploads\/images\/2026\/08\/31\/292356.jpeg\" alt=\"A l\u2019Espace Maracana, les populations ont pris part aux diff\u00e9rentes activit\u00e9s ludiques du Moov Tour.\" onerror=\"this.src=\"\/><\/p>\n<p>A l\u2019Espace Maracana, les populations ont pris part aux diff\u00e9rentes activit\u00e9s ludiques du Moov Tour.<\/p>\n<p>\u00c0 Abidjan, le Palais de la Culture de Treichville a \u00e9t\u00e9, samedi 29 ao\u00fbt 2026, le th\u00e9\u00e2tre de la finale du Clash Musical 2026. Apr\u00e8s plusieurs semaines de comp\u00e9tition, plusieurs expressions de la musique ivoirienne se sont retrouv\u00e9es sur une m\u00eame sc\u00e8ne. Coup\u00e9-d\u00e9cal\u00e9, Biama, rap ivoire, Zigu\u00e9hi, zouglou et musique tradi-moderne ont ainsi rivalis\u00e9 de cr\u00e9ativit\u00e9 devant un public venu nombreux.<\/p>\n<p>Le Clash Musical c\u00e9l\u00e8bre la diversit\u00e9 musicale<\/p>\n<p>Au terme de la comp\u00e9tition, l\u2019Alliance Coup\u00e9-D\u00e9cal\u00e9-Biama s\u2019est hiss\u00e9e \u00e0 la premi\u00e8re place, devant l\u2019Alliance Rap Ivoire-Zigu\u00e9hi. Le Zouglou a occup\u00e9 la troisi\u00e8me marche du podium, tandis que l\u2019Alliance des artistes com\u00e9diens a termin\u00e9 quatri\u00e8me.<\/p>\n<p>Au-del\u00e0 du classement, cette comp\u00e9tition aura surtout offert une vitrine \u00e0 plusieurs univers artistiques ivoiriens.<\/p>\n<p>Elle a \u00e9galement permis de mettre en lumi\u00e8re la richesse et la diversit\u00e9 d\u2019une sc\u00e8ne musicale en constante \u00e9volution.<\/p>\n<p>Pendant ce temps, \u00e0 Soubr\u00e9, dans la r\u00e9gion de la Nawa, le Moov Tour 2026 a propos\u00e9, du 24 au 30 ao\u00fbt, une programmation associant activit\u00e9s num\u00e9riques, sport, loisirs et musique.<\/p>\n<p>Le num\u00e9rique au c\u0153ur du Moov Cyberlab<\/p>\n<p>L\u2019une des principales activit\u00e9s de cette \u00e9tape a \u00e9t\u00e9 le Moov Cyberlab, organis\u00e9 avec le concours de l\u2019UNESCO. Des ateliers gratuits ont permis \u00e0 des participants, notamment des jeunes, de mieux d\u00e9couvrir les outils informatiques et plusieurs applications de l\u2019intelligence artificielle.<\/p>\n<p>Les formations ont port\u00e9 notamment sur la cr\u00e9ation d\u2019images, la r\u00e9daction de prompts, la production de textes et de voix ainsi que la r\u00e9alisation de vid\u00e9os r\u00e9alistes. Une attestation de participation a \u00e9t\u00e9 remise aux b\u00e9n\u00e9ficiaires au terme des sessions.<\/p>\n<p>Dans un contexte marqu\u00e9 par la progression rapide des technologies num\u00e9riques et de l\u2019intelligence artificielle, ces apprentissages constituent un moyen pour les jeunes de renforcer leurs comp\u00e9tences et de mieux appr\u00e9hender les nouveaux usages professionnels du num\u00e9rique.<\/p>\n<p>Sport, jeux et musique pour rapprocher les populations<\/p>\n<p>Le Moov Tour a \u00e9galement investi le terrain des loisirs. \u00c0 l\u2019Espace Maracana de Soubr\u00e9, les populations ont particip\u00e9 \u00e0 des activit\u00e9s ludiques, notamment des chasses au tr\u00e9sor, des parties de baby-foot et des jeux vid\u00e9o.<\/p>\n<p>La semaine d\u2019activit\u00e9s s\u2019est achev\u00e9e samedi 29 ao\u00fbt par un concert gratuit de la Team 2 Poy, figure du Biama Dance. Une prestation qui a permis de cl\u00f4turer cette \u00e9tape sur une note musicale.<\/p>\n<p>Une c\u00e9l\u00e9bration tourn\u00e9e vers les communaut\u00e9s<\/p>\n<p>\u00c0 travers ces diff\u00e9rentes initiatives, la c\u00e9l\u00e9bration des 20 ans de Moov Africa C\u00f4te d\u2019Ivoire s\u2019articule autour de trois axes : la culture, le num\u00e9rique et la proximit\u00e9. L\u2019objectif affich\u00e9 est de partager cette \u00e9tape anniversaire avec les populations et de cr\u00e9er des espaces d\u2019\u00e9change autour des transformations technologiques et culturelles.<\/p>\n<p>La tourn\u00e9e se poursuivra \u00e0 San Pedro, dans la r\u00e9gion du Bas-Sassandra, du 1er au 3 septembre 2026. Cette nouvelle \u00e9tape devrait prolonger les activit\u00e9s engag\u00e9es \u00e0 Soubr\u00e9 et maintenir le cap d\u2019une c\u00e9l\u00e9bration organis\u00e9e au contact des communaut\u00e9s.<\/p>\n","protected":false},"excerpt":{"rendered":"L\u2019Alliance Coup\u00e9-D\u00e9cal\u00e9-Biama s\u2019est impos\u00e9e au terme de la finale du Clash Musical 2026. \u00c0 l\u2019occasion de ses 20&hellip;\n","protected":false},"author":2,"featured_media":196339,"comment_status":"","ping_status":"","sticky":false,"template":"","format":"standard","meta":{"footnotes":"","_share_on_mastodon":"0"},"categories":[4],"tags":[4769,263,6,1377,245,97,368,19017,49713,88,223,3650,416,59418,1629,99,59419,7629],"class_list":["post-196338","post","type-post","status-publish","format-standard","has-post-thumbnail","category-afrique","tag-4769","tag-africa","tag-afrique","tag-ans","tag-culture","tag-de","tag-et","tag-fete","tag-joue","tag-la","tag-les","tag-moov","tag-numerique","tag-proximite","tag-se","tag-sur","tag-terrains","tag-tous"],"share_on_mastodon":{"url":"https:\/\/pubeurope.com\/@afrique\/117190750850491459","error":""},"_links":{"self":[{"href":"https:\/\/www.europesays.com\/afrique\/wp-json\/wp\/v2\/posts\/196338","targetHints":{"allow":["GET"]}}],"collection":[{"href":"https:\/\/www.europesays.com\/afrique\/wp-json\/wp\/v2\/posts"}],"about":[{"href":"https:\/\/www.europesays.com\/afrique\/wp-json\/wp\/v2\/types\/post"}],"author":[{"embeddable":true,"href":"https:\/\/www.europesays.com\/afrique\/wp-json\/wp\/v2\/users\/2"}],"replies":[{"embeddable":true,"href":"https:\/\/www.europesays.com\/afrique\/wp-json\/wp\/v2\/comments?post=196338"}],"version-history":[{"count":0,"href":"https:\/\/www.europesays.com\/afrique\/wp-json\/wp\/v2\/posts\/196338\/revisions"}],"wp:featuredmedia":[{"embeddable":true,"href":"https:\/\/www.europesays.com\/afrique\/wp-json\/wp\/v2\/media\/196339"}],"wp:attachment":[{"href":"https:\/\/www.europesays.com\/afrique\/wp-json\/wp\/v2\/media?parent=196338"}],"wp:term":[{"taxonomy":"category","embeddable":true,"href":"https:\/\/www.europesays.com\/afrique\/wp-json\/wp\/v2\/categories?post=196338"},{"taxonomy":"post_tag","embeddable":true,"href":"https:\/\/www.europesays.com\/afrique\/wp-json\/wp\/v2\/tags?post=196338"}],"curies":[{"name":"wp","href":"https:\/\/api.w.org\/{rel}","templated":true}]}}