{"id":196346,"date":"2026-08-31T15:17:13","date_gmt":"2026-08-31T15:17:13","guid":{"rendered":"https:\/\/www.europesays.com\/afrique\/196346\/"},"modified":"2026-08-31T15:17:13","modified_gmt":"2026-08-31T15:17:13","slug":"les-images-a-peine-croyables-de-deux-avions-survolant-un-stade-en-afrique-du-sud","status":"publish","type":"post","link":"https:\/\/www.europesays.com\/afrique\/196346\/","title":{"rendered":"Les images \u00e0 peine croyables de deux avions survolant un stade en Afrique du Sud"},"content":{"rendered":"<p><a href=\"https:\/\/www.lalibre.be\/international\/afrique\/2026\/05\/21\/lafrique-du-sud-sombre-dans-la-xenophobie-anti-africaine-37RQWXNIBVDO7K75IKLYXLPFK4\/\" target=\"_self\" class=\"ap-StoryInterstitialLink ap-StoryElement ap-StoryElement--mb\" rel=\"nofollow noopener\">L&rsquo;Afrique du Sud sombre dans la x\u00e9nophobie anti-africaine<\/a><\/p>\n<p class=\"ap-StoryElement ap-StoryElement--mb ap-StoryText\">ont survol\u00e9 le stade avant le coup d&rsquo;envoi du match. Les images sont hallucinantes, car les deux appareils semblent voler \u00e0 quelques m\u00e8tres seulement au-dessus de la t\u00eate des 60 000 spectateurs. Les avions se trouvaient \u00e0 une si basse altitude que l&rsquo;un d&rsquo;eux semble avoir travers\u00e9 les fum\u00e9es des feux d&rsquo;artifice allum\u00e9s juste au moment de leur passage.<\/p>\n<p class=\"ap-StoryElement ap-StoryElement--mb ap-StoryText\">Lorsque l&rsquo;on voit ces vid\u00e9os, on peut l\u00e9gitimement se demander si elles n&rsquo;ont pas \u00e9t\u00e9 g\u00e9n\u00e9r\u00e9es par l&rsquo;intelligence artificielle. Mais il n&rsquo;en est rien. Les autorit\u00e9s a\u00e9riennes sudafricaines ont confirm\u00e9, selon Le Parisien, que les deux avions avaient bien survol\u00e9 le stade sud-africain \u00ab\u00a0\u00e0 basse altitude\u00a0\u00bb, soit 12 \u00e0 14 m\u00e8tres au-dessus du toit du DHL Stadium.<\/p>\n<p><a href=\"https:\/\/www.lalibre.be\/international\/europe\/2026\/08\/22\/croatie-deux-morts-dans-le-crash-dun-petit-avion-CGRV4UK6OFDOHHLQBXD4MHJ3OI\/\" target=\"_self\" class=\"ap-StoryInterstitialLink ap-StoryElement ap-StoryElement--mb\" rel=\"nofollow noopener\">Croatie: deux morts dans le crash d&rsquo;un petit avion<\/a>La compagnie a\u00e9rienne se d\u00e9fend<\/p>\n<p class=\"ap-StoryElement ap-StoryElement--mb ap-StoryText\">Les deux appareils \u2013 d\u00e9cor\u00e9s aux couleurs des deux \u00e9quipes \u2013 sont des Embraer qui appartiennent \u00e0 la compagnie Airlink. Cette derni\u00e8re a tenu \u00e0 rassurer les personnes qui ont eu l&rsquo;impression d&rsquo;assister \u00e0 erreur de pilotage. \u00ab\u00a0Les deux appareils \u00e9taient pilot\u00e9s par des \u00e9quipages tr\u00e8s exp\u00e9riment\u00e9s, compos\u00e9s chacun de trois commandants de bord chevronn\u00e9s occupant respectivement les fonctions de commandant de bord, de copilote et de responsable de la s\u00e9curit\u00e9 et des aspects techniques\u00a0\u00bb, pointe dans un communiqu\u00e9 Airlink, qui ajoute : \u00ab\u00a0Les donn\u00e9es de vol enregistr\u00e9es par les deux appareils confirment que les vols se sont d\u00e9roul\u00e9s dans le respect des limites d&rsquo;altitude et de vitesse de s\u00e9curit\u00e9 approuv\u00e9es et r\u00e9p\u00e9t\u00e9es par la SACAA (South African Civil Aviation Authority, ndlr) pour le survol\u00a0\u00bb.<\/p>\n<p><a href=\"https:\/\/www.lalibre.be\/regions\/bruxelles\/2026\/08\/11\/des-familles-en-justice-contre-une-route-aerienne-de-brussels-airport-un-avion-passe-au-dessus-deux-toutes-les-deux-a-trois-minutes-GSJQBF6S3NDKNI4XHPAKB4UGCQ\/\" target=\"_self\" class=\"ap-StoryInterstitialLink ap-StoryElement ap-StoryElement--mb\" rel=\"nofollow noopener\">Des familles en justice contre une route a\u00e9rienne de Brussels Airport: \u00ab\u00a0Un avion passe au-dessus d&rsquo;eux toutes les deux \u00e0 trois minutes\u00a0\u00bb<\/a><\/p>\n<p class=\"ap-StoryElement ap-StoryElement--mb ap-StoryText\">Le site <a href=\"https:\/\/www.capetownetc.com\/news\/\" target=\"_self\" rel=\"nofollow noopener\">capetownetc.com<\/a> rappelle de son c\u00f4t\u00e9 que ce survol de stade \u00e0 tr\u00e8s basse altitude est une vieille tradition sportive sud-africaine. Elle remonte \u00e0 la finale de la Coupe du monde 1995, ann\u00e9e o\u00f9 l&rsquo;Afrique du Sud avait l\u00e0 aussi affront\u00e9 la Nouvelle-Z\u00e9lande, mais \u00e0 Ellis Park cette fois.<\/p>\n","protected":false},"excerpt":{"rendered":"L&rsquo;Afrique du Sud sombre dans la x\u00e9nophobie anti-africaine ont survol\u00e9 le stade avant le coup d&rsquo;envoi du match.&hellip;\n","protected":false},"author":2,"featured_media":196347,"comment_status":"","ping_status":"","sticky":false,"template":"","format":"standard","meta":{"footnotes":"","_share_on_mastodon":"0"},"categories":[123],"tags":[140,59420,59421,59422,59423,24003,59424,59425,2277,59426,59427,59428,45956,59429,59430,59431,59432,5145,59433,59434,59435,33948,10517,42613,55823],"class_list":["post-196346","post","type-post","status-publish","format-standard","has-post-thumbnail","category-afrique-du-sud","tag-afrique-du-sud","tag-authority","tag-authority-symbol","tag-blue-jacket","tag-close-up","tag-croatia","tag-croatian-law","tag-croatian-police","tag-government","tag-jacket","tag-law-enforcement","tag-official-uniform","tag-outdoor","tag-police-emblem","tag-police-equipment","tag-police-force","tag-policija","tag-protection","tag-public-order","tag-public-safety","tag-public-service","tag-safety","tag-security","tag-uniform","tag-zagreb"],"share_on_mastodon":{"url":"https:\/\/pubeurope.com\/@afrique\/117190790041012910","error":""},"_links":{"self":[{"href":"https:\/\/www.europesays.com\/afrique\/wp-json\/wp\/v2\/posts\/196346","targetHints":{"allow":["GET"]}}],"collection":[{"href":"https:\/\/www.europesays.com\/afrique\/wp-json\/wp\/v2\/posts"}],"about":[{"href":"https:\/\/www.europesays.com\/afrique\/wp-json\/wp\/v2\/types\/post"}],"author":[{"embeddable":true,"href":"https:\/\/www.europesays.com\/afrique\/wp-json\/wp\/v2\/users\/2"}],"replies":[{"embeddable":true,"href":"https:\/\/www.europesays.com\/afrique\/wp-json\/wp\/v2\/comments?post=196346"}],"version-history":[{"count":0,"href":"https:\/\/www.europesays.com\/afrique\/wp-json\/wp\/v2\/posts\/196346\/revisions"}],"wp:featuredmedia":[{"embeddable":true,"href":"https:\/\/www.europesays.com\/afrique\/wp-json\/wp\/v2\/media\/196347"}],"wp:attachment":[{"href":"https:\/\/www.europesays.com\/afrique\/wp-json\/wp\/v2\/media?parent=196346"}],"wp:term":[{"taxonomy":"category","embeddable":true,"href":"https:\/\/www.europesays.com\/afrique\/wp-json\/wp\/v2\/categories?post=196346"},{"taxonomy":"post_tag","embeddable":true,"href":"https:\/\/www.europesays.com\/afrique\/wp-json\/wp\/v2\/tags?post=196346"}],"curies":[{"name":"wp","href":"https:\/\/api.w.org\/{rel}","templated":true}]}}