{"id":196367,"date":"2026-08-31T15:46:12","date_gmt":"2026-08-31T15:46:12","guid":{"rendered":"https:\/\/www.europesays.com\/afrique\/196367\/"},"modified":"2026-08-31T15:46:12","modified_gmt":"2026-08-31T15:46:12","slug":"vu-sur-les-reseaux-algerie-tunisie-lorsque-le-complotisme-peine-a-convaincre","status":"publish","type":"post","link":"https:\/\/www.europesays.com\/afrique\/196367\/","title":{"rendered":"Vu sur les r\u00e9seaux. Alg\u00e9rie\/Tunisie : lorsque le complotisme peine \u00e0 convaincre"},"content":{"rendered":"<p>Ce weekend a donn\u00e9 \u00e0 voir une s\u00e9quence historique similaire en Alg\u00e9rie et en Tunisie o\u00f9 des internautes des deux pays expriment leur ras le bol respectivement face aux explications complotistes du pouvoir alg\u00e9rien concernant les incendies meurtriers qui ravagent le pays, et face \u00e0 l\u2019argumentaire de Carthage s\u2019agissant de la p\u00e9nurie d\u2019eau min\u00e9rale qui continue de s\u00e9vir en Tunisie.<\/p>\n<p>Le pr\u00e9sident alg\u00e9rien Abdelmadjid Tebboune a ordonn\u00e9 dimanche 30 ao\u00fbt une modification du code p\u00e9nal avant le 15 septembre, afin d\u2019y inclure la peine de mort contre quiconque provoque d\u00e9lib\u00e9r\u00e9ment un incendie. Une d\u00e9cision qui fait suite aux <a href=\"https:\/\/www.lecourrierdelatlas.com\/algerie-tebboune-peine-mort-pyromanes-incendies\/\" target=\"_blank\" rel=\"noopener nofollow\">violents incendies qui ont ravag\u00e9 plusieurs wilayas<\/a>, causant des pertes humaines et d\u2019importants d\u00e9g\u00e2ts mat\u00e9riels.<\/p>\n<p>\u00ab\u00a0Vous r\u00e9introduisez la condamnation \u00e0 mort par les circuits normaux \u00bb, <a href=\"https:\/\/www.facebook.com\/reel\/4700188340256782\" target=\"_blank\" rel=\"noopener nofollow\">a somm\u00e9 le chef de l\u2019\u00c9tat au ministre de la Justice<\/a>, Lotfi Boudjemaa, qui \u00e9tait pr\u00e9sent \u00e0 une r\u00e9union au sommet consacr\u00e9e \u00e0 cette catastrophe.<\/p>\n<p>La veille, Tebboune qui s\u2019\u00e9tait rendu au chevet de victimes hospitalis\u00e9es <a href=\"https:\/\/www.facebook.com\/reel\/1084124717401189\" target=\"_blank\" rel=\"noopener nofollow\">avait d\u00e9clar\u00e9 devant les cam\u00e9ras<\/a>\u00a0: \u00ab\u00a0Il est vrai que la vitesse du vent n\u2019a pas permis aux avions d\u2019effectuer leur travail d\u2019extinction des flammes, mais je pense qu\u2019il y a quelque chose de criminel\u2026 Ce n\u2019est pas normal \u00bb.<\/p>\n<p>A la sortie de l\u2019h\u00f4pital, <a href=\"https:\/\/www.facebook.com\/reel\/1030636029801305\" target=\"_blank\" rel=\"noopener nofollow\">le pr\u00e9sident r\u00e9it\u00e8re encore la m\u00eame th\u00e8se<\/a> d\u2019un incendie pr\u00e9m\u00e9dit\u00e9, sans plus de pr\u00e9cisions\u00a0: \u00ab\u00a0Ceux qui ne croient pas en notre r\u00e9silience se trompent sur toute la ligne\u00a0\u00bb, a-t-il martel\u00e9.<\/p>\n<p>\u00a0<\/p>\n<p>Incr\u00e9dulit\u00e9 de nombreux alg\u00e9riens<\/p>\n<p>Sur la toile, les r\u00e9actions fusent aussit\u00f4t. Certains d\u00e9noncent une volont\u00e9 de faire diversion, en d\u00e9pla\u00e7ant le d\u00e9bat sur le front controvers\u00e9 de la peine de mort qui n\u2019a pas \u00e9t\u00e9 appliqu\u00e9e en Alg\u00e9rie depuis 1993. \u00ab\u00a0Maintenant plus personne ne parle de la responsabilit\u00e9 de l\u2019\u00c9tat dans les ravages qu\u2019ont provoqu\u00e9 ces incendies. Non. Maintenant on va d\u00e9battre de la peine de mort\u00a0\u00bb, ironise une internaute\u00a0:<\/p>\n<p>\u00a0<\/p>\n<p>M\u00eame constat pour Brahim Younessi qui d\u00e9plore la tentation d\u2019instrumentaliser l\u2019\u00e9motion populaire pour trouver un coupable\u00a0:<\/p>\n<p>\u00a0<\/p>\n<p>\u00ab\u00a0Apr\u00e8s les incendies de 2021, Tebboune avait promis de prendre des mesures pour que ce genre de catastrophe ne se reproduise plus. Quelles mesures concr\u00e8tes de pr\u00e9vention ont r\u00e9ellement \u00e9t\u00e9 mises en place depuis ?\u00a0\u00bb, s\u2019interroge pour sa part la page Intelligent analysis.<\/p>\n<p>\u00a0<\/p>\n<p>Le vid\u00e9aste Abdou Semmar pointe enfin le manque d\u2019anticipation et de d\u00e9broussaillage en amont\u00a0: \u00ab\u00a0Alors que le r\u00e9chauffement climatique et la fatalit\u00e9 sont souvent point\u00e9s du doigt, une question s\u2019impose : pourquoi l\u2019Alg\u00e9rie enregistre-t-elle une r\u00e9currence aussi \u00e9lev\u00e9e de saisons meurtri\u00e8res ? Si le climat d\u00e9clenche le feu, la gouvernance d\u00e9termine s\u2019il se transforme en trag\u00e9die humaine. Dans cette vid\u00e9o, nous analysons la formule scientifique du risque (Risque = Al\u00e9a \u00d7 Exposition \u00d7 Vuln\u00e9rabilit\u00e9 \/ Capacit\u00e9s) pour d\u00e9montrer comment l\u2019absence d\u2019anticipation, d\u2019alerte territorialis\u00e9e et de contr\u00f4les publics transforme des dangers connus en catastrophes nationales sous le r\u00e9gime Tebboune\u00a0\u00bb.<\/p>\n<p>\u00a0<\/p>\n<p>Un axe Tunis \u2013 Alger de l\u2019argumentaire conspirationniste\u00a0?<\/p>\n<p>Au m\u00eame moment, la p\u00e9nurie d\u2019eau min\u00e9rale en bouteille continue de s\u00e9vir en Tunisie. Le pr\u00e9sident Ka\u00efs Sa\u00efed avait visit\u00e9 la semaine derni\u00e8re une unit\u00e9 d\u2019embouteillage d\u2019eau dans le contexte d\u2019une crise d\u2019approvisionnement qui s\u2019est aggrav\u00e9e. Commentant la situation, il a employ\u00e9 une formule devenue famili\u00e8re dans son discours, rappelant mot pour mot celle de son homologue alg\u00e9rien : \u00ab Ce qui se passe n\u2019est pas normal \u00bb.<\/p>\n<p>Pour Tarak Kahlaoui, ancien directeur de l\u2019Institut tunisien des \u00e9tudes strat\u00e9giques relevant de la pr\u00e9sidence de la R\u00e9publique, cette formule exprime en r\u00e9alit\u00e9 \u00ab\u00a0l\u2019incapacit\u00e9 du pouvoir \u00e0 comprendre les causes des \u00e9v\u00e9nements, et son insistance \u00e0 substituer au diagnostic des hypoth\u00e8ses complotistes\u00a0\u00bb.<\/p>\n<p>\u00a0<\/p>\n<p>L\u2019ancien universitaire s\u2019\u00e9tonne qu\u2019\u00e0 la faveur de cette rh\u00e9torique, les experts sont \u00e9cart\u00e9s des m\u00e9canismes d\u2019interpr\u00e9tation\u00a0:<\/p>\n<p>\u00ab\u00a0Lors de cette m\u00eame visite, un responsable de l\u2019unit\u00e9 d\u2019embouteillage a tent\u00e9 d\u2019expliquer au pr\u00e9sident que les perturbations de production \u00e9taient dues aux coupures d\u2019\u00e9lectricit\u00e9 survenues dans le pays en juillet. Elles ont touch\u00e9 de nombreuses zones industrielles et nui au rythme de production dans plusieurs secteurs. Cette explication peut \u00eatre v\u00e9rifi\u00e9e sur le terrain : les observateurs proches du dossier confirment que les stocks d\u2019eau embouteill\u00e9e ont effectivement \u00e9t\u00e9 \u00e9puis\u00e9s durant la seconde moiti\u00e9 de juillet, au moment o\u00f9 l\u2019approvisionnement \u00e9lectrique \u00e9tait perturb\u00e9 dans plusieurs zones industrielles. Pourtant, ce type d\u2019explication \u2014 malgr\u00e9 sa pr\u00e9cision technique et sa v\u00e9rifiabilit\u00e9 \u2014 ne semble pas trouver une \u00e9coute attentive chez ceux qui sont cens\u00e9s fonder leurs d\u00e9cisions sur les faits plut\u00f4t que sur l\u2019intuition.<\/p>\n<p>Le paradoxe est double : lorsqu\u2019une explication rationnelle et v\u00e9rifiable est fournie au pouvoir par un agent de terrain qui conna\u00eet les d\u00e9tails de la production mieux que quiconque, elle est accueillie avec une quasi-indiff\u00e9rence. \u00c0 l\u2019inverse, l\u2019interpr\u00e9tation complotiste toute faite re\u00e7oit une confiance totale, sans devoir apporter la moindre preuve. C\u2019est pr\u00e9cis\u00e9ment ce qui fait que le v\u00e9ritable \u00ab anormal \u00bb ne r\u00e9side pas dans la panne, mais dans le m\u00e9canisme mis en \u0153uvre pour la traiter.\u00a0\u00bb<\/p>\n<p>Il explique enfin comment le complot est envisag\u00e9 comme une dispense de responsabilit\u00e9\u00a0:<\/p>\n<p>\u00ab\u00a0L\u2019interpr\u00e9tation complotiste n\u2019est pas une simple erreur d\u2019analyse passag\u00e8re : c\u2019est un choix fonctionnel qui remplit des r\u00f4les pr\u00e9cis. D\u2019abord, elle dispense de rendre des comptes : si la panne rel\u00e8ve d\u2019un complot, alors dispara\u00eet la question de la planification, notamment de l\u2019anticipation d\u2019une \u00e9ventuelle crise \u00e9lectrique estivale, de la maintenance r\u00e9guli\u00e8re et du calendrier des investissements dans les infrastructures hydrauliques. Ensuite, elle fournit un bouc \u00e9missaire tout d\u00e9sign\u00e9, vers lequel peut \u00eatre dirig\u00e9e la col\u00e8re populaire au lieu de viser ceux qui d\u00e9tiennent r\u00e9ellement le pouvoir de d\u00e9cision. Enfin, elle instaure un \u00e9tat d\u2019exception permanent, justifiant la suspension du d\u00e9bat rationnel : la \u00ab crise \u00bb devient alors une lutte existentielle plut\u00f4t qu\u2019une question de gestion\u00a0\u00bb.<\/p>\n<p>L\u2019analyste \u00e9conomique Abdelbasset Sammari pointe quant \u00e0 lui l\u2019opacit\u00e9 des autorit\u00e9s et la r\u00e9tention d\u2019information\u00a0:<\/p>\n<p>\u00a0<\/p>\n<p>\u00ab\u00a0S\u2019il existe un \u00ab complot \u00bb, comme l\u2019affirme le pr\u00e9sident Ka\u00efs Sa\u00efed, qu\u2019on commence donc par regarder du c\u00f4t\u00e9 du minist\u00e8re des Finances\u2026 les cons\u00e9quences de l\u2019opacit\u00e9, elles, sont bien r\u00e9elles. Politiquement, sans information \u00e0 temps, il n\u2019y a ni contr\u00f4le s\u00e9rieux, ni d\u00e9bat public \u00e9clair\u00e9, ni v\u00e9ritable reddition des comptes\u00a0\u00bb.<\/p>\n","protected":false},"excerpt":{"rendered":"Ce weekend a donn\u00e9 \u00e0 voir une s\u00e9quence historique similaire en Alg\u00e9rie et en Tunisie o\u00f9 des internautes&hellip;\n","protected":false},"author":2,"featured_media":196368,"comment_status":"","ping_status":"","sticky":false,"template":"","format":"standard","meta":{"footnotes":"","_share_on_mastodon":"0"},"categories":[120],"tags":[1017,3123,59437,59438,3754,52270,59439,124],"class_list":["post-196367","post","type-post","status-publish","format-standard","has-post-thumbnail","category-tunisie","tag-abdelmadjid-tebboune","tag-complot","tag-complotisme","tag-conspirationnisme","tag-incendies","tag-penuries","tag-theories","tag-tunisie"],"share_on_mastodon":{"url":"https:\/\/pubeurope.com\/@afrique\/117190905400979640","error":""},"_links":{"self":[{"href":"https:\/\/www.europesays.com\/afrique\/wp-json\/wp\/v2\/posts\/196367","targetHints":{"allow":["GET"]}}],"collection":[{"href":"https:\/\/www.europesays.com\/afrique\/wp-json\/wp\/v2\/posts"}],"about":[{"href":"https:\/\/www.europesays.com\/afrique\/wp-json\/wp\/v2\/types\/post"}],"author":[{"embeddable":true,"href":"https:\/\/www.europesays.com\/afrique\/wp-json\/wp\/v2\/users\/2"}],"replies":[{"embeddable":true,"href":"https:\/\/www.europesays.com\/afrique\/wp-json\/wp\/v2\/comments?post=196367"}],"version-history":[{"count":0,"href":"https:\/\/www.europesays.com\/afrique\/wp-json\/wp\/v2\/posts\/196367\/revisions"}],"wp:featuredmedia":[{"embeddable":true,"href":"https:\/\/www.europesays.com\/afrique\/wp-json\/wp\/v2\/media\/196368"}],"wp:attachment":[{"href":"https:\/\/www.europesays.com\/afrique\/wp-json\/wp\/v2\/media?parent=196367"}],"wp:term":[{"taxonomy":"category","embeddable":true,"href":"https:\/\/www.europesays.com\/afrique\/wp-json\/wp\/v2\/categories?post=196367"},{"taxonomy":"post_tag","embeddable":true,"href":"https:\/\/www.europesays.com\/afrique\/wp-json\/wp\/v2\/tags?post=196367"}],"curies":[{"name":"wp","href":"https:\/\/api.w.org\/{rel}","templated":true}]}}