{"id":196432,"date":"2026-08-31T17:00:11","date_gmt":"2026-08-31T17:00:11","guid":{"rendered":"https:\/\/www.europesays.com\/afrique\/196432\/"},"modified":"2026-08-31T17:00:11","modified_gmt":"2026-08-31T17:00:11","slug":"afrique-de-louest-la-dorsale-roa-bn-vise-une-meilleure-mutualisation-des-infrastructures-numeriques","status":"publish","type":"post","link":"https:\/\/www.europesays.com\/afrique\/196432\/","title":{"rendered":"Afrique de l&rsquo;Ouest : La dorsale ROA BN vise une meilleure mutualisation des infrastructures num\u00e9riques"},"content":{"rendered":"<p>[DIGITAL Business Africa] \u2013 La coop\u00e9ration num\u00e9rique en Afrique de l\u2019Ouest s\u2019appr\u00eate \u00e0 entrer dans une autre dimension. Le S\u00e9n\u00e9gal sert de point de raccordement. Le ministre des T\u00e9l\u00e9communications et du Num\u00e9rique, Samba Diouf, a re\u00e7u en audience, ce lundi 31 ao\u00fbt 2026, le pr\u00e9sident et le secr\u00e9taire g\u00e9n\u00e9ral du R\u00e9seau ouest-africain des Backbones nationaux (ROA BN). l\u2019interconnexion r\u00e9gionale pourrait entra\u00eener une baisse du co\u00fbt du transit <a href=\"https:\/\/www.digitalbusiness.africa\/il-faut-un-forfait-internet-illimite-a-bas-debit-pour-tous-plaide-pierre-francois-kamanou-reptic\/\" target=\"_blank\" rel=\"noopener nofollow\">internet<\/a> et une am\u00e9lioration de la communication.<\/p>\n<p>Les \u00e9changes ont port\u00e9 sur la n\u00e9cessit\u00e9 de renforcer la coop\u00e9ration entre les diff\u00e9rents acteurs afin d\u2019acc\u00e9l\u00e9rer le d\u00e9veloppement d\u2019infrastructures num\u00e9riques performantes et r\u00e9silientes.<\/p>\n<p>Le R\u00e9seau Ouest- Africain des Backbones nationaux (ROA BN) a pour mission de renforcer l\u2019interconnexion des infrastructures nationales de fibre optique, de mutualiser les capacit\u00e9s disponibles et de d\u00e9finir une strat\u00e9gie commune pour le d\u00e9veloppement et la valorisation des <a href=\"https:\/\/www.digitalbusiness.africa\/pmice-le-tchad-accelere-les-verifications-autour-du-data-center-et-des-infrastructures-numeriques\/\" target=\"_blank\" rel=\"noopener nofollow\">infrastructures num\u00e9riques<\/a> dans la sous-r\u00e9gion.<\/p>\n<p>Le Conseil interminist\u00e9riel des \u00c9tats membres du R\u00e9seau est pr\u00e9vu \u00e0 Dakar au d\u00e9but du mois d\u2019octobre 2026. Elle ouvre ainsi la voie \u00e0 de nouvelles perspectives de coop\u00e9ration r\u00e9gionale autour des infrastructures num\u00e9riques et de la connectivit\u00e9 en Afrique de l\u2019Ouest.<\/p>\n<p>Cette organisation r\u00e9gionale a \u00e9t\u00e9 cr\u00e9\u00e9e en d\u00e9cembre 2024. Elle regroupe les op\u00e9rateurs et institutions en charge des infrastructures num\u00e9riques dans plusieurs pays de la sous-r\u00e9gion. Le r\u00e9seau regroupe les membres tels que la Guin\u00e9e, le Burkina Faso, la C\u00f4te d\u2019Ivoire, le Mali, le Niger, la Sierra Leone, le S\u00e9n\u00e9gal et le Ghana.<\/p>\n<p>Par Jean Materne Zambo, source: MCTN\u00a0<\/p>\n<p>Avez-vous aim\u00e9 ce texte? Vous aimerez sans doute bien d&rsquo;autres. Rejoignez notre <a href=\"http:\/\/t.me\/digitalbusinessafrica\/\" target=\"_blank\" rel=\"nofollow\">canal Telegram<\/a> et <a href=\"https:\/\/whatsapp.com\/channel\/0029VaCr7QfBVJl2w18k8t41\" target=\"_blank\" rel=\"nofollow noopener\">notre cha\u00eene WhatsApp<\/a> pour ne rien manquer de nos infos strat\u00e9giques et de nos exclusivit\u00e9s. Aussi, merci de nous laisser un petit commentaire au bas de cet article.<\/p>\n<p>Vous souhaitez nous envoyer une info ou vous souhaitez publier une info sur Digital Business Africa ? Ecrivez-nous via mail <a href=\"http:\/\/www.digitalbusiness.africa\/cdn-cgi\/l\/email-protection#ddbeb2b3a9bcbea99db9b4bab4a9bcb1bfa8aeb4b3b8aeaef3bcbbafb4bebc\" rel=\"nofollow noopener\" target=\"_blank\">[email\u00a0protected]<\/a> ou encore via WhatsApp <a href=\"https:\/\/www.digitalbusiness.africa\/afrique-de-louest-la-dorsale-roa-bn-vise-une-meilleure-mutualisation-des-infrastructures-numeriques\/tel:+237674610168\" rel=\"nofollow noopener\" target=\"_blank\">+237 674 61 01 68<\/a><\/p>\n<p>Par ailleurs,\u00a0ne manquez pas la premi\u00e8re \u00e9dition du Salon de l\u2019e-Gouvernance et de l\u2019innovation digitale en Afrique (E-Gov\u2019A), qui se tiendra du 14 au 16 octobre 2026 \u00e0 Yaound\u00e9, sous le haut patronage du Minist\u00e8re camerounais des Postes et T\u00e9l\u00e9communications.<\/p>\n<p>Organis\u00e9 par l\u2019association Smart Click Africa et Digital Business Africa, cet \u00e9v\u00e9nement r\u00e9unira d\u00e9cideurs publics, organismes de d\u00e9veloppement, institutions publiques, entreprises, experts et acteurs priv\u00e9s de l\u2019Afrique autour du th\u00e8me : \u00ab Intelligence artificielle et e-gouvernance : b\u00e2tir des services publics efficaces dans une Afrique cashless et paperless \u00bb.<\/p>\n<p>Plus d\u2019infos sur <a href=\"https:\/\/e-gov.africa\" target=\"_blank\" rel=\"nofollow noopener\">www.e-gov.africa<\/a>\u00a0et via mail <a href=\"http:\/\/www.digitalbusiness.africa\/cdn-cgi\/l\/email-protection#d7b2a1b2b9a397b2fab0b8a1f9b6b1a5beb4b6\" rel=\"nofollow noopener\" target=\"_blank\">[email\u00a0protected].<\/a><\/p>\n<p>Bonne navigation !<\/p>\n","protected":false},"excerpt":{"rendered":"[DIGITAL Business Africa] \u2013 La coop\u00e9ration num\u00e9rique en Afrique de l\u2019Ouest s\u2019appr\u00eate \u00e0 entrer dans une autre dimension.&hellip;\n","protected":false},"author":2,"featured_media":196433,"comment_status":"","ping_status":"","sticky":false,"template":"","format":"standard","meta":{"footnotes":"","_share_on_mastodon":"0"},"categories":[4],"tags":[6,59474,452,2428,416,59475,48246],"class_list":["post-196432","post","type-post","status-publish","format-standard","has-post-thumbnail","category-afrique","tag-afrique","tag-backbones","tag-cooperation","tag-fibre-optique","tag-numerique","tag-roa-bn","tag-samba-diouf"],"share_on_mastodon":{"url":"https:\/\/pubeurope.com\/@afrique\/117191195223861248","error":""},"_links":{"self":[{"href":"https:\/\/www.europesays.com\/afrique\/wp-json\/wp\/v2\/posts\/196432","targetHints":{"allow":["GET"]}}],"collection":[{"href":"https:\/\/www.europesays.com\/afrique\/wp-json\/wp\/v2\/posts"}],"about":[{"href":"https:\/\/www.europesays.com\/afrique\/wp-json\/wp\/v2\/types\/post"}],"author":[{"embeddable":true,"href":"https:\/\/www.europesays.com\/afrique\/wp-json\/wp\/v2\/users\/2"}],"replies":[{"embeddable":true,"href":"https:\/\/www.europesays.com\/afrique\/wp-json\/wp\/v2\/comments?post=196432"}],"version-history":[{"count":0,"href":"https:\/\/www.europesays.com\/afrique\/wp-json\/wp\/v2\/posts\/196432\/revisions"}],"wp:featuredmedia":[{"embeddable":true,"href":"https:\/\/www.europesays.com\/afrique\/wp-json\/wp\/v2\/media\/196433"}],"wp:attachment":[{"href":"https:\/\/www.europesays.com\/afrique\/wp-json\/wp\/v2\/media?parent=196432"}],"wp:term":[{"taxonomy":"category","embeddable":true,"href":"https:\/\/www.europesays.com\/afrique\/wp-json\/wp\/v2\/categories?post=196432"},{"taxonomy":"post_tag","embeddable":true,"href":"https:\/\/www.europesays.com\/afrique\/wp-json\/wp\/v2\/tags?post=196432"}],"curies":[{"name":"wp","href":"https:\/\/api.w.org\/{rel}","templated":true}]}}