{"id":196478,"date":"2026-08-31T17:56:13","date_gmt":"2026-08-31T17:56:13","guid":{"rendered":"https:\/\/www.europesays.com\/afrique\/196478\/"},"modified":"2026-08-31T17:56:13","modified_gmt":"2026-08-31T17:56:13","slug":"conditionnement-neutre-des-produits-du-tabac-en-cote-divoire-la-societe-civile-fait-le-point","status":"publish","type":"post","link":"https:\/\/www.europesays.com\/afrique\/196478\/","title":{"rendered":"Conditionnement neutre des produits du tabac en C\u00f4te d\u2019Ivoire : La soci\u00e9t\u00e9 civile fait le point"},"content":{"rendered":"<p>L&rsquo;Ong Clucod ne l\u00e2che rien. (Ph: Dr)<\/p>\n<p>                    Au regard de l\u2019application de la mesure relative au conditionnement neutre des produits du tabac en C\u00f4te d\u2019Ivoire, entr\u00e9e en vigueur le 3 ao\u00fbt 2026, le Comit\u00e9\/Club Unesco universitaire pour la lutte contre la drogue et les autres pand\u00e9mies (Clucod) a exprim\u00e9 sa satisfaction au minist\u00e8re de la Sant\u00e9, de l\u2019Hygi\u00e8ne publique et de la Couverture maladie universelle. C\u2019\u00e9tait lors d\u2019une conf\u00e9rence de presse tenue le vendredi 28 ao\u00fbt 2026 \u00e0 son si\u00e8ge, sis \u00e0 Abobot\u00e9.<br \/>\n        \u00ab D\u00e9sormais d\u00e9pouill\u00e9s de leurs couleurs attrayantes, de leurs logos s\u00e9duisants et de tout \u00e9l\u00e9ment commercialement trompeur, les premiers paquets de cigarette standardis\u00e9s et neutres sont d\u00e9sormais pr\u00e9sents sur le march\u00e9 ivoirien \u00bb, s\u2019est r\u00e9joui Tall Lacina, coordonnateur de l\u2019Ong Clucod.<\/p>\n<p>Pour la soci\u00e9t\u00e9 civile, cette mesure confirme le leadership de la C\u00f4te d\u2019Ivoire et sa volont\u00e9 de s\u2019aligner sur les meilleures pratiques de la Convention-cadre de l\u2019Organisation mondiale de la sant\u00e9 (Oms) pour la lutte antitabac (Cclat).<\/p>\n<p>Poursuivant, il a indiqu\u00e9 qu\u2019apr\u00e8s observations et enqu\u00eates men\u00e9es depuis l\u2019entr\u00e9e en vigueur du conditionnement neutre des produits du tabac, quatre marques de cigarettes respectent scrupuleusement la r\u00e9glementation relative au paquet neutre.<\/p>\n<p>Cependant, la joie de la soci\u00e9t\u00e9 civile reste mesur\u00e9e et sa vigilance, maximale, car elle constate que les autres marques continuent d\u2019inonder les points de vente de paquets non conformes et attrayants. De plus, elle assiste \u00e0 la d\u00e9couverte de nouvelles marques qui ne respectent pas les exigences relatives au conditionnement standardis\u00e9.<\/p>\n<p>Face \u00e0 ce qui constitue une d\u00e9fiance envers l\u2019\u00c9tat ivoirien, la soci\u00e9t\u00e9 civile adresse un avertissement ferme et solennel. \u00ab La sant\u00e9 des Ivoiriennes et des Ivoiriens n\u2019est pas \u00e0 vendre, et nul n\u2019est au-dessus des lois de la R\u00e9publique&#8230; Le temps de la sensibilisation et des tol\u00e9rances est r\u00e9volu. Les man\u0153uvres dilatoires visant \u00e0 d\u00e9tourner les Ivoiriens de l\u2019essentiel ou \u00e0 retarder l\u2019\u00e9ch\u00e9ance ne seront plus tol\u00e9r\u00e9es&#8230; \u00bb, a martel\u00e9 Tall Lacina.<\/p>\n<p>Saluant le gouvernement, le minist\u00e8re de la Sant\u00e9 et l\u2019ensemble des institutions impliqu\u00e9es pour l\u2019adoption de cette mesure courageuse, la soci\u00e9t\u00e9 civile rappelle qu\u2019une loi n\u2019a de valeur que par la rigueur de son application.<\/p>\n<p>Raison pour laquelle elle demande instamment \u00e0 l\u2019\u00c9tat, premi\u00e8rement, d\u2019intensifier les contr\u00f4les sur toute la cha\u00eene de distribution (importateurs, grossistes et d\u00e9taillants) ; ensuite, d\u2019appliquer des sanctions exemplaires (saisies, amendes, retraits d\u2019agr\u00e9ment) contre les contrevenants ; enfin, de proc\u00e9der au retrait imm\u00e9diat du march\u00e9 de tous les paquets non conformes dans les limites du d\u00e9lai de carence.<\/p>\n<p>Pour Tall Lacina et son \u00e9quipe, la C\u00f4te d\u2019Ivoire doit maintenir le cap avec fermet\u00e9.<\/p>\n","protected":false},"excerpt":{"rendered":"L&rsquo;Ong Clucod ne l\u00e2che rien. (Ph: Dr) Au regard de l\u2019application de la mesure relative au conditionnement neutre&hellip;\n","protected":false},"author":2,"featured_media":196479,"comment_status":"","ping_status":"","sticky":false,"template":"","format":"standard","meta":{"footnotes":"","_share_on_mastodon":"0"},"categories":[154],"tags":[6,1215,28936,722,216,723,90,311,724,312,88,95,59488,13224,5644,115,8672],"class_list":["post-196478","post","type-post","status-publish","format-standard","has-post-thumbnail","category-cote-divoire","tag-afrique","tag-civile","tag-conditionnement","tag-cote","tag-cote-divoire","tag-divoire","tag-des","tag-du","tag-en","tag-fait","tag-la","tag-le","tag-neutre","tag-point","tag-produits","tag-societe","tag-tabac"],"share_on_mastodon":{"url":"https:\/\/pubeurope.com\/@afrique\/117191415008563962","error":""},"_links":{"self":[{"href":"https:\/\/www.europesays.com\/afrique\/wp-json\/wp\/v2\/posts\/196478","targetHints":{"allow":["GET"]}}],"collection":[{"href":"https:\/\/www.europesays.com\/afrique\/wp-json\/wp\/v2\/posts"}],"about":[{"href":"https:\/\/www.europesays.com\/afrique\/wp-json\/wp\/v2\/types\/post"}],"author":[{"embeddable":true,"href":"https:\/\/www.europesays.com\/afrique\/wp-json\/wp\/v2\/users\/2"}],"replies":[{"embeddable":true,"href":"https:\/\/www.europesays.com\/afrique\/wp-json\/wp\/v2\/comments?post=196478"}],"version-history":[{"count":0,"href":"https:\/\/www.europesays.com\/afrique\/wp-json\/wp\/v2\/posts\/196478\/revisions"}],"wp:featuredmedia":[{"embeddable":true,"href":"https:\/\/www.europesays.com\/afrique\/wp-json\/wp\/v2\/media\/196479"}],"wp:attachment":[{"href":"https:\/\/www.europesays.com\/afrique\/wp-json\/wp\/v2\/media?parent=196478"}],"wp:term":[{"taxonomy":"category","embeddable":true,"href":"https:\/\/www.europesays.com\/afrique\/wp-json\/wp\/v2\/categories?post=196478"},{"taxonomy":"post_tag","embeddable":true,"href":"https:\/\/www.europesays.com\/afrique\/wp-json\/wp\/v2\/tags?post=196478"}],"curies":[{"name":"wp","href":"https:\/\/api.w.org\/{rel}","templated":true}]}}