{"id":196537,"date":"2026-08-31T19:34:14","date_gmt":"2026-08-31T19:34:14","guid":{"rendered":"https:\/\/www.europesays.com\/afrique\/196537\/"},"modified":"2026-08-31T19:34:14","modified_gmt":"2026-08-31T19:34:14","slug":"meteo-lalerte-est-donnee-pour-ces-16-localites-la-pluie-arrive-pour-cette-nuit-du-lundi","status":"publish","type":"post","link":"https:\/\/www.europesays.com\/afrique\/196537\/","title":{"rendered":"M\u00e9t\u00e9o : L&rsquo;alerte est donn\u00e9e pour ces 16 localit\u00e9s, la pluie arrive pour cette nuit du lundi"},"content":{"rendered":"<p>Des pluies et des orages atteindront le Sud et le Sud-Est du S\u00e9n\u00e9gal ce lundi soir, avec une concentration notable des pr\u00e9cipitations sur K\u00e9dougou, Kolda, S\u00e9dhiou et Ziguinchor, incitant \u00e0 la vigilance jusqu\u2019au petit matin.<\/p>\n<p class=\"firstp\">Des pluies et des orages sont attendus dans plusieurs secteurs du S\u00e9n\u00e9gal \u00e0 partir de 21 heures ce lundi 31 ao\u00fbt, avec une activit\u00e9 pluvio-orageuse susceptible de se prolonger jusqu\u2019au petit matin. Les signaux les plus nets concernent le Sud et le Sud-Est du pays, o\u00f9 quatre localit\u00e9s apparaissent comme les principales zones \u00e0 surveiller.<\/p>\n<p>K\u00e9dougou, Kolda, S\u00e9dhiou et Ziguinchor concentrent les plus fortes probabilit\u00e9s de pr\u00e9cipitations au cours de la nuit. Les pr\u00e9visions font \u00e9tat d\u2019un risque d\u2019averses et d\u2019orages dans ces quatre secteurs, avec une activit\u00e9 qui pourrait se maintenir durant plusieurs heures. La situation reste n\u00e9anmoins susceptible d\u2019\u00e9voluer, les ph\u00e9nom\u00e8nes orageux pouvant \u00eatre tr\u00e8s localis\u00e9s et d\u2019intensit\u00e9 variable.        <\/p>\n<p>            <a class=\"snw-inpost-recirc__link\" href=\"https:\/\/www.senenews.com\/meteo\/meteo-du-senegal-dakar-mis-en-alerte-voici-la-liste-des-29-localites-avec-de-la-pluie-ce-lundi_598305.html\" aria-label=\"Sur le m\u00eame sujet : M\u00e9t\u00e9o du S\u00e9n\u00e9gal : Dakar mis en alerte, voici la liste des 29 localit\u00e9s avec de la pluie, ce lundi\" rel=\"nofollow noopener\" target=\"_blank\"><br \/>\n                                <img data-  width=\"800\" height=\"400\" src=\"https:\/\/www.europesays.com\/afrique\/wp-content\/uploads\/2026\/08\/hivernage-2019-pluie-et-orages-arrosent-le-senegal-1330844-800x400.jpg\" class=\"attachment-senenews-single-md size-senenews-single-md wp-post-image lazy\" alt=\"M\u00e9t\u00e9o du S\u00e9n\u00e9gal : Dakar mis en alerte, voici la liste des 29 localit\u00e9s avec de la pluie, ce lundi\" loading=\"lazy\" decoding=\"async\" style=\"width:100%;height:100%;object-fit:cover;object-position:center\" title=\"M\u00e9t\u00e9o du S\u00e9n\u00e9gal : Dakar mis en alerte, voici la liste des 29 localit\u00e9s avec de la pluie, ce lundi 2\"\/>M\u00e9t\u00e9o du S\u00e9n\u00e9gal : Dakar mis en alerte, voici la liste des 29 localit\u00e9s avec de la pluie, ce lundi<\/p>\n<p>                                        M\u00e9t\u00e9o du S\u00e9n\u00e9gal : Dakar mis en alerte, voici la liste des 29 localit\u00e9s avec de la pluie, ce lundi<\/p>\n<p>            <\/a><\/p>\n<p>D\u2019autres secteurs pourraient \u00e9galement conna\u00eetre des passages pluvieux. Tambacounda, Bakel, Kaffrine, Koungheul, Kaolack et Fatick pr\u00e9sentent des signaux moins marqu\u00e9s, mais restent sous surveillance en raison d\u2019une possible progression de l\u2019activit\u00e9 pluvio-orageuse vers l\u2019Est et le Centre-Sud. En Casamance et dans les zones voisines, Bignona, Oussouye, Cap Skirring, Goudomp, V\u00e9lingara et Koubanao sont \u00e9galement susceptibles d\u2019enregistrer des pr\u00e9cipitations. La <a href=\"https:\/\/www.senenews.com\/meteo\/meteo-du-senegal-dakar-mis-en-alerte-voici-la-liste-des-29-localites-avec-de-la-pluie-ce-lundi_598305.html\" rel=\"nofollow noopener\" target=\"_blank\">vigilance<\/a> reste donc recommand\u00e9e dans ces diff\u00e9rentes localit\u00e9s, particuli\u00e8rement durant la p\u00e9riode allant de la soir\u00e9e jusqu\u2019au petit matin.<\/p>\n<p>            <a class=\"snw-inpost-recirc__link\" href=\"https:\/\/www.senenews.com\/meteo\/alerte-meteo-la-pluie-arrive-fort-dans-ces-17-localites-dans-les-prochaines-heures_598258.html\" aria-label=\"Sur le m\u00eame sujet : Alerte m\u00e9t\u00e9o : La pluie arrive fort dans ces 17 localit\u00e9s dans les prochaines heures\" rel=\"nofollow noopener\" target=\"_blank\"><br \/>\n                                <img data-  width=\"800\" height=\"533\" src=\"https:\/\/www.europesays.com\/afrique\/wp-content\/uploads\/2026\/07\/8900319-pluie-la-nuit-fond-sombre-coup-de-pluie-tombant-gratuit-photo-scaled-800x533.jpeg\" class=\"attachment-senenews-single-md size-senenews-single-md wp-post-image lazy\" alt=\"Alerte m\u00e9t\u00e9o : La pluie arrive fort dans ces 17 localit\u00e9s dans les prochaines heures\" loading=\"lazy\" decoding=\"async\" style=\"width:100%;height:100%;object-fit:cover;object-position:center\" title=\"Alerte m\u00e9t\u00e9o : La pluie arrive fort dans ces 17 localit\u00e9s dans les prochaines heures 3\"\/>Alerte m\u00e9t\u00e9o : La pluie arrive fort dans ces 17 localit\u00e9s dans les prochaines heures<\/p>\n<p>                                        Alerte m\u00e9t\u00e9o : La pluie arrive fort dans ces 17 localit\u00e9s dans les prochaines heures<\/p>\n<p>            <\/a><\/p>\n","protected":false},"excerpt":{"rendered":"Des pluies et des orages atteindront le Sud et le Sud-Est du S\u00e9n\u00e9gal ce lundi soir, avec une&hellip;\n","protected":false},"author":2,"featured_media":161617,"comment_status":"","ping_status":"","sticky":false,"template":"","format":"standard","meta":{"footnotes":"","_share_on_mastodon":"0"},"categories":[84],"tags":[628,11],"class_list":["post-196537","post","type-post","status-publish","format-standard","has-post-thumbnail","category-senegal","tag-pluie","tag-senegal"],"share_on_mastodon":{"url":"https:\/\/pubeurope.com\/@afrique\/117191800539244947","error":""},"_links":{"self":[{"href":"https:\/\/www.europesays.com\/afrique\/wp-json\/wp\/v2\/posts\/196537","targetHints":{"allow":["GET"]}}],"collection":[{"href":"https:\/\/www.europesays.com\/afrique\/wp-json\/wp\/v2\/posts"}],"about":[{"href":"https:\/\/www.europesays.com\/afrique\/wp-json\/wp\/v2\/types\/post"}],"author":[{"embeddable":true,"href":"https:\/\/www.europesays.com\/afrique\/wp-json\/wp\/v2\/users\/2"}],"replies":[{"embeddable":true,"href":"https:\/\/www.europesays.com\/afrique\/wp-json\/wp\/v2\/comments?post=196537"}],"version-history":[{"count":0,"href":"https:\/\/www.europesays.com\/afrique\/wp-json\/wp\/v2\/posts\/196537\/revisions"}],"wp:featuredmedia":[{"embeddable":true,"href":"https:\/\/www.europesays.com\/afrique\/wp-json\/wp\/v2\/media\/161617"}],"wp:attachment":[{"href":"https:\/\/www.europesays.com\/afrique\/wp-json\/wp\/v2\/media?parent=196537"}],"wp:term":[{"taxonomy":"category","embeddable":true,"href":"https:\/\/www.europesays.com\/afrique\/wp-json\/wp\/v2\/categories?post=196537"},{"taxonomy":"post_tag","embeddable":true,"href":"https:\/\/www.europesays.com\/afrique\/wp-json\/wp\/v2\/tags?post=196537"}],"curies":[{"name":"wp","href":"https:\/\/api.w.org\/{rel}","templated":true}]}}