{"id":196570,"date":"2026-08-31T20:27:10","date_gmt":"2026-08-31T20:27:10","guid":{"rendered":"https:\/\/www.europesays.com\/afrique\/196570\/"},"modified":"2026-08-31T20:27:10","modified_gmt":"2026-08-31T20:27:10","slug":"ghana-nouvelle-subvention-de-2-gh%c2%a2-sur-le-litre-du-diesel","status":"publish","type":"post","link":"https:\/\/www.europesays.com\/afrique\/196570\/","title":{"rendered":"Ghana : Nouvelle subvention de 2 GH\u00a2 sur le litre du diesel"},"content":{"rendered":"<p>\u00a9 Koaci.com &#8211; lundi 31 ao\u00fbt 2026 &#8211; 19:39<\/p>\n<p>Une voiture dans une station (ph)<\/p>\n<p>Le<a href=\"https:\/\/www.koaci.com\/recherche?search=+gouvernement\" rel=\"nofollow noopener\" target=\"_blank\"> gouvernement<\/a> a d\u00e9cid\u00e9 de prolonger la<a href=\"https:\/\/www.koaci.com\/recherche?search=+r%C3%A9duction\" rel=\"nofollow noopener\" target=\"_blank\"> r\u00e9duction<\/a> de 2 GH\u00a2, soit 100 F CFA par litre sur le<a href=\"https:\/\/www.koaci.com\/recherche?search=+diesel\" rel=\"nofollow noopener\" target=\"_blank\"> diesel<\/a> au moins pour la prochaine p\u00e9riode de tarification afin de prot\u00e9ger les consommateurs contre la hausse des prix des carburants et d&rsquo;all\u00e9ger la pression sur le co\u00fbt de la vie.<\/p>\n<p>Cette d\u00e9cision soulagera les automobilistes, les transporteurs et les entreprises, d&rsquo;autant plus que le<a href=\"https:\/\/www.koaci.com\/recherche?search=+diesel\" rel=\"nofollow noopener\" target=\"_blank\"> diesel<\/a> se vend d\u00e9j\u00e0 autour de 17 GH\u00a2, soit 852. F CFA, le litre dans la plupart des stations-service.<\/p>\n<p>Avant la prise de cette mesure, la Chambre des consommateurs de produits p\u00e9troliers (COPEC) a exhort\u00e9 le<a href=\"https:\/\/www.koaci.com\/recherche?search=+gouvernement\" rel=\"nofollow noopener\" target=\"_blank\"> gouvernement<\/a> \u00e0 att\u00e9nuer l&rsquo;impact de la hausse des prix des carburants sur les automobilistes, les transporteurs et les entreprises pendant au moins les deux prochaines semaines.<\/p>\n<p><\/p>\n<p>Selon Duncan Amoah, le secr\u00e9taire ex\u00e9cutif de la COPEC, \u00ab le<a href=\"https:\/\/www.koaci.com\/recherche?search=+gouvernement\" rel=\"nofollow noopener\" target=\"_blank\"> gouvernement<\/a> a initialement indiqu\u00e9 que cette mesure ne sera appliqu\u00e9e que pendant deux p\u00e9riodes d&rsquo;un mois. Nous souhaiterions demander que les deux prochaines semaines soient \u00e0 nouveau prises en compte. Le<a href=\"https:\/\/www.koaci.com\/recherche?search=+diesel\" rel=\"nofollow noopener\" target=\"_blank\"> diesel<\/a> co\u00fbte d\u00e9j\u00e0 environ 17 GH\u20b5, soit 852. F CFA, le litre chez la plupart des compagnies p\u00e9troli\u00e8res \u00bb.<\/p>\n<p>La prolongation de cette mesure jusqu&rsquo;en septembre devra limiter l&rsquo;impact imm\u00e9diat de la hausse des prix internationaux du p\u00e9trole sur les consommateurs de<a href=\"https:\/\/www.koaci.com\/recherche?search=+diesel\" rel=\"nofollow noopener\" target=\"_blank\"> diesel<\/a> et \u00e9viter une augmentation des co\u00fbts de transport, de logistique et d&rsquo;exploitation pour les entreprises.<\/p>\n<p>Cette mesure, initialement mise en place \u00e0 titre temporaire pour deux p\u00e9riodes de tarification, devrait expirer en fin ao\u00fbt 2026. Cependant, le<a href=\"https:\/\/www.koaci.com\/recherche?search=+gouvernement\" rel=\"nofollow noopener\" target=\"_blank\"> gouvernement<\/a> a choisi de maintenir la<a href=\"https:\/\/www.koaci.com\/recherche?search=+r%C3%A9duction\" rel=\"nofollow noopener\" target=\"_blank\"> r\u00e9duction<\/a> au moins pour la prochaine p\u00e9riode de tarification, emp\u00eachant ainsi le r\u00e9tablissement de la marge r\u00e9glementaire compl\u00e8te de 2 GH\u00a2 par litre sur les prix du<a href=\"https:\/\/www.koaci.com\/recherche?search=+diesel\" rel=\"nofollow noopener\" target=\"_blank\"> diesel<\/a>.<\/p>\n<p>Mensah,<\/p>\n<p>Correspondant permanent de KOACI au <a href=\"https:\/\/www.koaci.com\/recherche?search=Ghana\" rel=\"nofollow noopener\" target=\"_blank\">Ghana<\/a>, Togo et Nigeria\u00a0<\/p>\n<p>&#8211; Joindre la r\u00e9daction de koaci.com (+228) 98\u00a095 28 38 ou koaci.ghana@gmail.com \u2013<\/p>\n<p><\/p>\n","protected":false},"excerpt":{"rendered":"\u00a9 Koaci.com &#8211; lundi 31 ao\u00fbt 2026 &#8211; 19:39 Une voiture dans une station (ph) Le gouvernement a&hellip;\n","protected":false},"author":2,"featured_media":196571,"comment_status":"","ping_status":"","sticky":false,"template":"","format":"standard","meta":{"footnotes":"","_share_on_mastodon":"0"},"categories":[161],"tags":[281,280,355,59543,278,1190,251,279,282,28695,5915,18391,115,5911],"class_list":["post-196570","post","type-post","status-publish","format-standard","has-post-thumbnail","category-ghana","tag-actualite","tag-article","tag-diesel","tag-gh","tag-ghana","tag-gouvernement","tag-info","tag-koaci","tag-koaci-ghana","tag-litre","tag-nouvelle","tag-reduction","tag-societe","tag-subvention"],"share_on_mastodon":{"url":"https:\/\/pubeurope.com\/@afrique\/117192008812738058","error":""},"_links":{"self":[{"href":"https:\/\/www.europesays.com\/afrique\/wp-json\/wp\/v2\/posts\/196570","targetHints":{"allow":["GET"]}}],"collection":[{"href":"https:\/\/www.europesays.com\/afrique\/wp-json\/wp\/v2\/posts"}],"about":[{"href":"https:\/\/www.europesays.com\/afrique\/wp-json\/wp\/v2\/types\/post"}],"author":[{"embeddable":true,"href":"https:\/\/www.europesays.com\/afrique\/wp-json\/wp\/v2\/users\/2"}],"replies":[{"embeddable":true,"href":"https:\/\/www.europesays.com\/afrique\/wp-json\/wp\/v2\/comments?post=196570"}],"version-history":[{"count":0,"href":"https:\/\/www.europesays.com\/afrique\/wp-json\/wp\/v2\/posts\/196570\/revisions"}],"wp:featuredmedia":[{"embeddable":true,"href":"https:\/\/www.europesays.com\/afrique\/wp-json\/wp\/v2\/media\/196571"}],"wp:attachment":[{"href":"https:\/\/www.europesays.com\/afrique\/wp-json\/wp\/v2\/media?parent=196570"}],"wp:term":[{"taxonomy":"category","embeddable":true,"href":"https:\/\/www.europesays.com\/afrique\/wp-json\/wp\/v2\/categories?post=196570"},{"taxonomy":"post_tag","embeddable":true,"href":"https:\/\/www.europesays.com\/afrique\/wp-json\/wp\/v2\/tags?post=196570"}],"curies":[{"name":"wp","href":"https:\/\/api.w.org\/{rel}","templated":true}]}}