{"id":196578,"date":"2026-08-31T20:37:13","date_gmt":"2026-08-31T20:37:13","guid":{"rendered":"https:\/\/www.europesays.com\/afrique\/196578\/"},"modified":"2026-08-31T20:37:13","modified_gmt":"2026-08-31T20:37:13","slug":"senegal-moodys-degrade-encore-la-note-a-caa2-labsence-daccord-avec-le-fmi-inquiete","status":"publish","type":"post","link":"https:\/\/www.europesays.com\/afrique\/196578\/","title":{"rendered":"S\u00e9n\u00e9gal : Moody\u2019s d\u00e9grade encore la note \u00e0 Caa2, l\u2019absence d\u2019accord avec le FMI inqui\u00e8te"},"content":{"rendered":"<p style=\"text-align: justify;\">L\u2019agence de notation Moody\u2019s a abaiss\u00e9, le 28 ao\u00fbt 2026, la note souveraine du S\u00e9n\u00e9gal de Caa1 \u00e0 Caa2, tout en maintenant une perspective n\u00e9gative. Cette nouvelle d\u00e9gradation intervient dans un contexte marqu\u00e9 par de fortes pressions sur le refinancement de la dette et l\u2019absence prolong\u00e9e d\u2019un nouveau programme avec le Fonds mon\u00e9taire international (FMI), rapporte le m\u00e9dia S\u00e9n\u00e9 Plus. <\/p>\n<p style=\"text-align: justify;\">Le S\u00e9n\u00e9gal fait face \u00e0 une nouvelle alerte sur le front de ses finances publiques. Moody\u2019s a d\u00e9cid\u00e9 de d\u00e9grader d\u2019un cran la note souveraine du pays, aussi bien en monnaie locale qu\u2019en devises \u00e9trang\u00e8res. La note passe ainsi de Caa1 \u00e0 Caa2, un niveau qui traduit, selon l\u2019agence, un risque de cr\u00e9dit particuli\u00e8rement \u00e9lev\u00e9.<\/p>\n<p style=\"text-align: justify;\">La perspective reste n\u00e9gative, laissant entrevoir la possibilit\u00e9 d\u2019une nouvelle d\u00e9gradation si les difficult\u00e9s financi\u00e8res du pays venaient \u00e0 s\u2019aggraver.<\/p>\n<p style=\"text-align: justify;\">Pour justifier sa d\u00e9cision, Moody\u2019s met notamment en avant la hausse des besoins de refinancement du S\u00e9n\u00e9gal, la fragilisation de sa capacit\u00e9 de remboursement et les perspectives limit\u00e9es de r\u00e9duction de la dette.<\/p>\n<p style=\"text-align: justify;\">L\u2019agence estime que l\u2019absence prolong\u00e9e d\u2019un nouveau programme avec le FMI contraint le S\u00e9n\u00e9gal \u00e0 davantage recourir au march\u00e9 financier r\u00e9gional pour couvrir ses besoins de financement. Ceux-ci repr\u00e9senteraient environ 25 % du PIB, accentuant les risques li\u00e9s au renouvellement de la dette et au co\u00fbt des emprunts.<\/p>\n<p>Lire \u00e9galement \ud83d\udc49<a href=\"https:\/\/burkina24.com\/2026\/08\/18\/senegal-sadio-mane-se-lance-dans-lagro-industrie\/\" target=\"_blank\" rel=\"noopener nofollow\">S\u00e9n\u00e9gal : Sadio Man\u00e9 se lance dans l\u2019agro-industrie<\/a><\/p>\n<p style=\"text-align: justify;\">Moody\u2019s estime par ailleurs que, m\u00eame en cas d\u2019ajustement budg\u00e9taire soutenu, la dette publique pourrait rester proche de 100 % du PIB jusqu\u2019en 2028. Dans le m\u00eame temps, le poids des int\u00e9r\u00eats dans les recettes de l\u2019\u00c9tat aurait fortement augment\u00e9, passant de 16,1 % en 2023 \u00e0 23,7 % actuellement.<\/p>\n<p style=\"text-align: justify;\">Au-del\u00e0 des indicateurs financiers, Moody\u2019s \u00e9voque \u00e9galement les tensions politiques et institutionnelles susceptibles de limiter la capacit\u00e9 du S\u00e9n\u00e9gal \u00e0 mettre en \u0153uvre les ajustements budg\u00e9taires n\u00e9cessaires.<\/p>\n<p style=\"text-align: justify;\">L\u2019agence cite notamment les tensions entre l\u2019ex\u00e9cutif et le l\u00e9gislatif, dans un contexte marqu\u00e9 par le limogeage de l\u2019ancien Premier ministre Ousmane Sonko, devenu par la suite pr\u00e9sident de l\u2019Assembl\u00e9e nationale.<\/p>\n<p style=\"text-align: justify;\">\u00c0 ces difficult\u00e9s s\u2019ajoutent, selon <a href=\"https:\/\/burkina24.com\/2014\/09\/04\/notation-moodys-donne-aaa-a-la-bad\/\" target=\"_blank\" rel=\"noopener nofollow\">Moody\u2019s<\/a>, un niveau \u00e9lev\u00e9 de pauvret\u00e9, un ch\u00f4mage important chez les jeunes ainsi que des risques s\u00e9curitaires r\u00e9gionaux, notamment li\u00e9s \u00e0 l\u2019activit\u00e9 des groupes extr\u00e9mistes dans l\u2019ouest du Mali.<\/p>\n<p style=\"text-align: justify;\">Moody\u2019s rel\u00e8ve toutefois certains \u00e9l\u00e9ments susceptibles de limiter les risques li\u00e9s \u00e0 la situation financi\u00e8re du S\u00e9n\u00e9gal. L\u2019appartenance du pays \u00e0 l\u2019Union \u00e9conomique et mon\u00e9taire ouest-africaine (UEMOA), l\u2019arrimage du franc CFA \u00e0 l\u2019euro ainsi que la mutualisation des r\u00e9serves de change constituent notamment des facteurs de soutien.<\/p>\n<p style=\"text-align: justify;\">Ces m\u00e9canismes r\u00e9duisent le risque d\u2019une forte d\u00e9pr\u00e9ciation de la monnaie et expliquent, selon l\u2019agence, pourquoi la d\u00e9gradation de la note s\u2019est limit\u00e9e \u00e0 un seul cran.<\/p>\n<p>Le spectre d\u2019une restructuration de la dette<\/p>\n<p style=\"text-align: justify;\">Avec une note d\u00e9sormais fix\u00e9e \u00e0 Caa2, Moody\u2019s estime qu\u2019un \u00e9ventuel traitement de la dette pourrait, dans un premier temps, viser \u00e0 r\u00e9duire les tensions de liquidit\u00e9, avec des pertes limit\u00e9es pour les cr\u00e9anciers priv\u00e9s.<\/p>\n<p style=\"text-align: justify;\">L\u2019agence pr\u00e9vient toutefois que la situation pourrait devenir plus pr\u00e9occupante si les discussions avec le FMI continuaient de s\u2019enliser. Une prolongation des difficult\u00e9s pourrait alors accro\u00eetre le risque d\u2019une restructuration plus globale de la dette.<\/p>\n<p style=\"text-align: justify;\">\u00c0 l\u2019inverse, la conclusion d\u2019un nouveau programme avec le FMI, sans traitement de la dette, pourrait contribuer \u00e0 am\u00e9liorer la perspective du S\u00e9n\u00e9gal. Une nouvelle d\u00e9gradation resterait toutefois possible en cas de restructuration plus large, de rupture des n\u00e9gociations avec le FMI ou de d\u00e9t\u00e9rioration significative du contexte social et s\u00e9curitaire r\u00e9gional.<\/p>\n<p style=\"text-align: justify;\">Cette nouvelle d\u00e9cision de Moody\u2019s intervient alors qu\u2019une mission du FMI s\u00e9journe actuellement \u00e0 Dakar pour discuter avec les autorit\u00e9s s\u00e9n\u00e9galaises des contours d\u2019un \u00e9ventuel nouveau programme financier.<\/p>\n","protected":false},"excerpt":{"rendered":"L\u2019agence de notation Moody\u2019s a abaiss\u00e9, le 28 ao\u00fbt 2026, la note souveraine du S\u00e9n\u00e9gal de Caa1 \u00e0&hellip;\n","protected":false},"author":2,"featured_media":196579,"comment_status":"","ping_status":"","sticky":false,"template":"","format":"standard","meta":{"footnotes":"","_share_on_mastodon":"0"},"categories":[84],"tags":[242,243,245,250,249,7,252,251,127,133,248,126,28,244,11,115,46,246,247],"class_list":["post-196578","post","type-post","status-publish","format-standard","has-post-thumbnail","category-senegal","tag-actualites","tag-burkina","tag-culture","tag-direct","tag-divertissement","tag-economie","tag-ibrahim-traore","tag-info","tag-international","tag-monde","tag-mondial-foot","tag-politique","tag-reportages","tag-securite","tag-senegal","tag-societe","tag-sport","tag-terrorisme","tag-world-cup"],"share_on_mastodon":{"url":"https:\/\/pubeurope.com\/@afrique\/117192048520259172","error":""},"_links":{"self":[{"href":"https:\/\/www.europesays.com\/afrique\/wp-json\/wp\/v2\/posts\/196578","targetHints":{"allow":["GET"]}}],"collection":[{"href":"https:\/\/www.europesays.com\/afrique\/wp-json\/wp\/v2\/posts"}],"about":[{"href":"https:\/\/www.europesays.com\/afrique\/wp-json\/wp\/v2\/types\/post"}],"author":[{"embeddable":true,"href":"https:\/\/www.europesays.com\/afrique\/wp-json\/wp\/v2\/users\/2"}],"replies":[{"embeddable":true,"href":"https:\/\/www.europesays.com\/afrique\/wp-json\/wp\/v2\/comments?post=196578"}],"version-history":[{"count":0,"href":"https:\/\/www.europesays.com\/afrique\/wp-json\/wp\/v2\/posts\/196578\/revisions"}],"wp:featuredmedia":[{"embeddable":true,"href":"https:\/\/www.europesays.com\/afrique\/wp-json\/wp\/v2\/media\/196579"}],"wp:attachment":[{"href":"https:\/\/www.europesays.com\/afrique\/wp-json\/wp\/v2\/media?parent=196578"}],"wp:term":[{"taxonomy":"category","embeddable":true,"href":"https:\/\/www.europesays.com\/afrique\/wp-json\/wp\/v2\/categories?post=196578"},{"taxonomy":"post_tag","embeddable":true,"href":"https:\/\/www.europesays.com\/afrique\/wp-json\/wp\/v2\/tags?post=196578"}],"curies":[{"name":"wp","href":"https:\/\/api.w.org\/{rel}","templated":true}]}}