{"id":196583,"date":"2026-08-31T20:43:14","date_gmt":"2026-08-31T20:43:14","guid":{"rendered":"https:\/\/www.europesays.com\/afrique\/196583\/"},"modified":"2026-08-31T20:43:14","modified_gmt":"2026-08-31T20:43:14","slug":"automobile-aeronautique-chimie-le-maroc-simpose-comme-hub-industriel-regional-en-afrique","status":"publish","type":"post","link":"https:\/\/www.europesays.com\/afrique\/196583\/","title":{"rendered":"Automobile, a\u00e9ronautique, chimie : le Maroc s&rsquo;impose comme hub industriel r\u00e9gional en Afrique"},"content":{"rendered":"<p>Un rapport du Groupe de la Banque mondiale publi\u00e9 fin ao\u00fbt 2026 identifie le Maroc comme l\u2019une des \u00e9conomies africaines les mieux int\u00e9gr\u00e9es aux cha\u00eenes de valeur industrielles r\u00e9gionales et mondiales, en particulier dans l\u2019automobile, l\u2019a\u00e9ronautique et la chimie.<\/p>\n<p>\t\t\t\t\t<a class=\"post-thumbnail open-lightbox\" href=\"https:\/\/atlasinfo.fr\/wp-content\/uploads\/2026\/08\/TWITTER-ATLASINFO-2026-08-31T192301.723.png\" rel=\"nofollow noopener\" target=\"_blank\"><img decoding=\"async\" src=\"https:\/\/www.europesays.com\/afrique\/wp-content\/uploads\/2026\/08\/TWITTER-ATLASINFO-2026-08-31T192301.723-750x430.png\" alt=\"\"\/>\t\t\t\t\t\t<\/a><\/p>\n<p dir=\"ltr\">Un rapport consacr\u00e9 \u00e0 l\u2019int\u00e9gration \u00e9conomique du continent<\/p>\n<p dir=\"ltr\">Le Groupe de la Banque mondiale a publi\u00e9 un rapport intitul\u00e9 \u00ab\u00a0Integrating Africa: From Threads to Hubs\u00a0\u00bb, consacr\u00e9 \u00e0 l\u2019int\u00e9gration \u00e9conomique du continent africain. Le document a \u00e9t\u00e9 lanc\u00e9 le 28 ao\u00fbt 2026 \u00e0 Addis-Abeba lors d\u2019un \u00e9v\u00e9nement coorganis\u00e9 par la Commission de l\u2019Union africaine, la Commission \u00e9conomique des Nations unies pour l\u2019Afrique (CEA) et le Groupe de la Banque mondiale. Il appelle les gouvernements africains \u00e0 transformer les engagements continentaux, notamment la Zone de libre-\u00e9change continentale africaine (ZLECAf), en march\u00e9s r\u00e9gionaux et p\u00f4les de production op\u00e9rationnels.<\/p>\n<p dir=\"ltr\">Le Maroc, moteur r\u00e9gional dans plusieurs fili\u00e8res industrielles<\/p>\n<p dir=\"ltr\">Sur la p\u00e9riode 2015-2019, le Maroc a g\u00e9n\u00e9r\u00e9 en moyenne 496 millions de dollars d\u2019exportations dans le cadre des cha\u00eenes de valeur r\u00e9gionales, selon les donn\u00e9es reprises par l\u2019agence MAP \u00e0 partir du rapport. Dans le secteur des produits chimiques transform\u00e9s \u2014 l\u2019une des fili\u00e8res r\u00e9gionales les plus actives avec 2,7 milliards de dollars de flux li\u00e9s notamment aux plastiques, aux engrais et aux produits chimiques \u2014 le Royaume est cit\u00e9 comme l\u2019un des principaux moteurs de cette dynamique.<\/p>\n<p dir=\"ltr\">Une participation notable aux cha\u00eenes de valeur mondiales<\/p>\n<p dir=\"ltr\">Le rapport s\u2019int\u00e9resse \u00e9galement \u00e0 la participation en amont aux cha\u00eenes de valeur mondiales, soit l\u2019importation de biens interm\u00e9diaires destin\u00e9s \u00e0 \u00eatre transform\u00e9s ou assembl\u00e9s localement. Dans ce domaine, le taux de participation du Maroc d\u00e9passe 10% des exportations brutes dans certains secteurs, faisant du Royaume l\u2019une des rares exceptions africaines \u00e0 franchir ce seuil.<\/p>\n<p dir=\"ltr\">Diversification vers l\u2019\u00e9lectronique, la pharmacie et l\u2019a\u00e9rospatial<\/p>\n<p dir=\"ltr\">Cette int\u00e9gration industrielle s\u2019accompagne d\u2019une diversification des activit\u00e9s. Le Maroc s\u2019est ainsi taill\u00e9 une place dans l\u2019\u00e9lectronique, les produits pharmaceutiques et les syst\u00e8mes de c\u00e2blage automobile, exportant souvent vers ses voisins r\u00e9gionaux et vers l\u2019Europe. Le Royaume dispose d\u00e9j\u00e0 de cha\u00eenes de valeur r\u00e9gionales dans des secteurs de complexit\u00e9 moyenne comme la chimie, l\u2019\u00e9lectronique et les composants automobiles. Le rapport souligne \u00e9galement l\u2019entr\u00e9e du Maroc dans les secteurs des composants a\u00e9rospatiaux et des syst\u00e8mes de c\u00e2blage automobile, en tirant parti de sa proximit\u00e9 avec les march\u00e9s europ\u00e9ens et de ses r\u00e9seaux de fournisseurs.<\/p>\n<p><a itemprop=\"url\" class=\"rohvzky-link\" href=\"https:\/\/www.youtube.com\/watch?v=x8XQAocYFhU\/?source=campagne-ep\" target=\"_blank\" rel=\"nofollow noopener\"><img decoding=\"async\" class=\"rohvzky-image\" src=\"https:\/\/www.europesays.com\/afrique\/wp-content\/uploads\/2026\/07\/300x250.jpg\" alt=\"onda-endpost-cdm-2026\"\/><\/a>\t\t\t<\/p>\n","protected":false},"excerpt":{"rendered":"Un rapport du Groupe de la Banque mondiale publi\u00e9 fin ao\u00fbt 2026 identifie le Maroc comme l\u2019une des&hellip;\n","protected":false},"author":2,"featured_media":196584,"comment_status":"","ping_status":"","sticky":false,"template":"","format":"standard","meta":{"footnotes":"","_share_on_mastodon":"0"},"categories":[4],"tags":[3933,6,49915,103,2014,988,7416,24442,59544,317,7,724,65,11118,1133,978,28128,127,95,86,23698,4499],"class_list":["post-196583","post","type-post","status-publish","format-standard","has-post-thumbnail","category-afrique","tag-aeronautique","tag-afrique","tag-atlas-eco","tag-atlasinfo","tag-automobile","tag-banque-mondiale","tag-chaines-de-valeur","tag-chimie","tag-chimie-le-maroc-simpose-comme-hub-industriel-regional-en-afrique","tag-comme","tag-economie","tag-en","tag-exportations","tag-hub","tag-industrie","tag-industriel","tag-integration-regionale","tag-international","tag-le","tag-maroc","tag-regional","tag-simpose"],"share_on_mastodon":{"url":"https:\/\/pubeurope.com\/@afrique\/117192072115870421","error":""},"_links":{"self":[{"href":"https:\/\/www.europesays.com\/afrique\/wp-json\/wp\/v2\/posts\/196583","targetHints":{"allow":["GET"]}}],"collection":[{"href":"https:\/\/www.europesays.com\/afrique\/wp-json\/wp\/v2\/posts"}],"about":[{"href":"https:\/\/www.europesays.com\/afrique\/wp-json\/wp\/v2\/types\/post"}],"author":[{"embeddable":true,"href":"https:\/\/www.europesays.com\/afrique\/wp-json\/wp\/v2\/users\/2"}],"replies":[{"embeddable":true,"href":"https:\/\/www.europesays.com\/afrique\/wp-json\/wp\/v2\/comments?post=196583"}],"version-history":[{"count":0,"href":"https:\/\/www.europesays.com\/afrique\/wp-json\/wp\/v2\/posts\/196583\/revisions"}],"wp:featuredmedia":[{"embeddable":true,"href":"https:\/\/www.europesays.com\/afrique\/wp-json\/wp\/v2\/media\/196584"}],"wp:attachment":[{"href":"https:\/\/www.europesays.com\/afrique\/wp-json\/wp\/v2\/media?parent=196583"}],"wp:term":[{"taxonomy":"category","embeddable":true,"href":"https:\/\/www.europesays.com\/afrique\/wp-json\/wp\/v2\/categories?post=196583"},{"taxonomy":"post_tag","embeddable":true,"href":"https:\/\/www.europesays.com\/afrique\/wp-json\/wp\/v2\/tags?post=196583"}],"curies":[{"name":"wp","href":"https:\/\/api.w.org\/{rel}","templated":true}]}}