{"id":196600,"date":"2026-08-31T21:21:50","date_gmt":"2026-08-31T21:21:50","guid":{"rendered":"https:\/\/www.europesays.com\/afrique\/196600\/"},"modified":"2026-08-31T21:21:50","modified_gmt":"2026-08-31T21:21:50","slug":"il-y-aura-execution-le-president-algerien-abdelmadjid-tebboune-veut-retablir-la-peine-de-mort-pour-les-pyromanes","status":"publish","type":"post","link":"https:\/\/www.europesays.com\/afrique\/196600\/","title":{"rendered":"\u00ab Il y aura ex\u00e9cution \u00bb : le pr\u00e9sident alg\u00e9rien Abdelmadjid Tebboune veut r\u00e9tablir la peine de mort pour les pyromanes"},"content":{"rendered":"<p>Des incendies ravagent plusieurs r\u00e9gions de l\u2019Alg\u00e9rie, faisant au moins douze morts et d\u00e9vastant des villages entiers. Le pr\u00e9sident Abdelmadjid Tebboune veut frapper fort : r\u00e9tablir l\u2019application de la peine de mort pour les pyromanes.<\/p>\n<p>                                MK<br \/>\n                                                                                                                Par <a href=\"https:\/\/www.valeursactuelles.com\/auteur\/mathilde-klotgen\" rel=\"nofollow noopener\" target=\"_blank\">Mathilde Kl\u00f6tgen<\/a><\/p>\n<p>                                        Publi\u00e9 le 31 ao\u00fbt 2026 \u00e0 12h00                                    <\/p>\n<p>                                    2 min \u00b7 lecture<\/p>\n<p>                                        \u00c9couter                                    <\/p>\n<p>Trente-trois ans de moratoire, et <a href=\"https:\/\/www.valeursactuelles.com\/monde\/algerie-tebboune-dement-avoir-reclame-un-quota-de-visas-a-la-france\" rel=\"nofollow noopener\" target=\"_blank\">Abdelmadjid Tebboune<\/a> a d\u00e9cid\u00e9 d\u2019y mettre fin. Dimanche, au lendemain d\u2019incendies meurtriers dans l\u2019est et le nord du pays, le pr\u00e9sident alg\u00e9rien a annonc\u00e9 le r\u00e9tablissement de l\u2019application de la <a href=\"https:\/\/www.valeursactuelles.com\/politique\/la-peine-de-mort-na-jamais-rendu-une-societe-plus-sure-emmanuel-macron-a-contre-courant-des-sondages-recents\" rel=\"nofollow noopener\" target=\"_blank\">peine de mort<\/a> contre les auteurs d\u2019incendies volontaires. \u00ab On r\u00e9instaure la condamnation \u00e0 mort pour les pyromanes \u00bb, a-t-il d\u00e9clar\u00e9. Et pour lever toute ambigu\u00eft\u00e9 : \u00ab Il y aura ex\u00e9cution \u00bb, a-t-il ajout\u00e9, une fois les voies de recours \u00e9puis\u00e9es pour les condamn\u00e9s.<\/p>\n<p><a href=\"https:\/\/www.valeursactuelles.com\/monde\/algerie-tebboune-dement-avoir-reclame-un-quota-de-visas-a-la-france\" class=\"va-alire\" rel=\"nofollow noopener\" target=\"_blank\">\u00c0 lireAlg\u00e9rie : Tebboune d\u00e9ment avoir r\u00e9clam\u00e9 un quota de visas \u00e0 la France<\/a><\/p>\n<p>La peine capitale n\u2019a jamais \u00e9t\u00e9 abolie en Alg\u00e9rie. Le pays vit depuis 1993 sous un moratoire de fait : des condamnations \u00e0 mort sont prononc\u00e9es, mais plus aucune ex\u00e9cution n\u2019a eu lieu depuis plus de trente ans. Tebboune ne ressuscite donc rien sur le papier. Il annonce la fin du gel, pour une cat\u00e9gorie de crimes pr\u00e9cise. Le pr\u00e9sident a ordonn\u00e9 une modification du Code p\u00e9nal, \u00e0 pr\u00e9senter en conseil des ministres puis \u00e0 faire examiner \u00ab rapidement \u00bb par le Parlement, avant le 15 septembre.<\/p>\n<p>\u00ab Personne ne peut faire plier l\u2019Alg\u00e9rie \u00bb<\/p>\n<p>Le bilan des incendies s\u2019\u00e9l\u00e8ve officiellement \u00e0 douze morts. Les r\u00e9gions de B\u00e9ja\u00efa, Jijel et Tizi-Ouzou ont \u00e9t\u00e9 particuli\u00e8rement touch\u00e9es. Cinquante-quatre personnes br\u00fbl\u00e9es ont \u00e9t\u00e9 hospitalis\u00e9es. Le ministre de la Sant\u00e9, Mohamed Seddik A\u00eft Messaoud\u00e8ne, a qualifi\u00e9 le bilan de \u00ab tr\u00e8s lourd \u00bb, sans avancer de chiffre suppl\u00e9mentaire. Des suspects ont \u00e9t\u00e9 arr\u00eat\u00e9s.<\/p>\n<p>Le gouvernement a d\u00e9cr\u00e9t\u00e9 trois jours de deuil national. Festivit\u00e9s culturelles et comp\u00e9titions sportives ont \u00e9t\u00e9 annul\u00e9es. \u00c0 Jijel, des obs\u00e8ques collectives ont rassembl\u00e9 une population sous le choc. Tebboune a promis une indemnisation int\u00e9grale des victimes ayant perdu leur maison, leurs meubles, leur \u00e9lectrom\u00e9nager, leur cheptel ou leurs arbres fruitiers, avant le 15 septembre lui aussi. \u00ab Personne ne peut faire plier l\u2019Alg\u00e9rie \u00bb, a-t-il conclu. Le Parlement alg\u00e9rien, convoqu\u00e9 dans l\u2019urgence, ira-t-il au bout de ce texte ? Et l\u2019ex\u00e9cutif ira-t-il, cette fois, jusqu\u2019\u00e0 l\u2019ex\u00e9cution ?<\/p>\n<p><a href=\"https:\/\/www.valeursactuelles.com\/politique\/la-peine-de-mort-na-jamais-rendu-une-societe-plus-sure-emmanuel-macron-a-contre-courant-des-sondages-recents\" class=\"va-alire\" rel=\"nofollow noopener\" target=\"_blank\">\u00c0 lire\u00ab La peine de mort n\u2019a jamais rendu une soci\u00e9t\u00e9 plus s\u00fbre \u00bb : Emmanuel Macron \u00e0 contre-courant des sondages r\u00e9cents<\/a>                                                    <\/p>\n","protected":false},"excerpt":{"rendered":"Des incendies ravagent plusieurs r\u00e9gions de l\u2019Alg\u00e9rie, faisant au moins douze morts et d\u00e9vastant des villages entiers. Le&hellip;\n","protected":false},"author":2,"featured_media":196601,"comment_status":"","ping_status":"","sticky":false,"template":"","format":"standard","meta":{"footnotes":"","_share_on_mastodon":"0"},"categories":[85],"tags":[1017,116,3754,1925,59553],"class_list":["post-196600","post","type-post","status-publish","format-standard","has-post-thumbnail","category-algerie","tag-abdelmadjid-tebboune","tag-algerie","tag-incendies","tag-peine-de-mort","tag-pyromane"],"share_on_mastodon":{"url":"https:\/\/pubeurope.com\/@afrique\/117192225285173685","error":""},"_links":{"self":[{"href":"https:\/\/www.europesays.com\/afrique\/wp-json\/wp\/v2\/posts\/196600","targetHints":{"allow":["GET"]}}],"collection":[{"href":"https:\/\/www.europesays.com\/afrique\/wp-json\/wp\/v2\/posts"}],"about":[{"href":"https:\/\/www.europesays.com\/afrique\/wp-json\/wp\/v2\/types\/post"}],"author":[{"embeddable":true,"href":"https:\/\/www.europesays.com\/afrique\/wp-json\/wp\/v2\/users\/2"}],"replies":[{"embeddable":true,"href":"https:\/\/www.europesays.com\/afrique\/wp-json\/wp\/v2\/comments?post=196600"}],"version-history":[{"count":0,"href":"https:\/\/www.europesays.com\/afrique\/wp-json\/wp\/v2\/posts\/196600\/revisions"}],"wp:featuredmedia":[{"embeddable":true,"href":"https:\/\/www.europesays.com\/afrique\/wp-json\/wp\/v2\/media\/196601"}],"wp:attachment":[{"href":"https:\/\/www.europesays.com\/afrique\/wp-json\/wp\/v2\/media?parent=196600"}],"wp:term":[{"taxonomy":"category","embeddable":true,"href":"https:\/\/www.europesays.com\/afrique\/wp-json\/wp\/v2\/categories?post=196600"},{"taxonomy":"post_tag","embeddable":true,"href":"https:\/\/www.europesays.com\/afrique\/wp-json\/wp\/v2\/tags?post=196600"}],"curies":[{"name":"wp","href":"https:\/\/api.w.org\/{rel}","templated":true}]}}