{"id":196631,"date":"2026-08-31T22:08:45","date_gmt":"2026-08-31T22:08:45","guid":{"rendered":"https:\/\/www.europesays.com\/afrique\/196631\/"},"modified":"2026-08-31T22:08:45","modified_gmt":"2026-08-31T22:08:45","slug":"jai-vecu-en-afrique-ici-cest-pire-dans-cette-agglomeration-de-louest-le-moustique-tigre-leur-pourrit-la-vie","status":"publish","type":"post","link":"https:\/\/www.europesays.com\/afrique\/196631\/","title":{"rendered":"\u00ab\u00a0J\u2019ai v\u00e9cu en Afrique, ici c\u2019est pire\u00a0\u00bb\u00a0: dans cette agglom\u00e9ration de l\u2019Ouest, le moustique-tigre leur pourrit la vie"},"content":{"rendered":"<p data-ofstats-scroll=\"read_depth_10\">Les t\u00e9moignages sont unanimes. De Tr\u00e9laz\u00e9 \u00e0 Avrill\u00e9 (Maine-et-Loire), en passant par Les Ponts-de-C\u00e9 et certains quartiers d\u2019Angers, le moustique-tigre a pourri l\u2019\u00e9t\u00e9 de nombreux habitants. Comme en t\u00e9moigne cette habitante de l\u2019agglom\u00e9ration Laetitia Sauvetre\u00a0: \u00e0 Tr\u00e9laz\u00e9, c\u2019est un enfer\u00a0! \u00c0 peine on tente d\u2019a\u00e9rer ou on ouvre les portes, ils se faufilent et on devient leur festin.<\/p>\n<p data-ofstats-scroll=\"read_depth_10\">Dans le c\u0153ur d\u2019Angers m\u00eame constat. C\u2019est le 2e \u00e9t\u00e9 o\u00f9 les moustiques nous emp\u00eachent de profiter de notre terrasse. Les enfants ne peuvent pas utiliser la balan\u00e7oire, relaie Julien Maurier.<\/p>\n<p data-ofstats-scroll=\"read_depth_10\">Yangui Saad, du quartier du grand Douzill\u00e9, au c\u0153ur de la Roseraie, a sond\u00e9 ses voisins et rapporte\u00a0: Tous les propri\u00e9taires ne profitent plus de leur jardin.<\/p>\n<p>Cet \u00e9t\u00e9, les \u00e9pisodes de canicule s\u2019achevaient g\u00e9n\u00e9ralement avec un orage. Le cocktail parfait pour la prolif\u00e9ration des moustiques. Car la femelle pond ses \u0153ufs \u00e0 la surface de l\u2019eau. L\u2019id\u00e9al, c\u2019est une p\u00e9riode de chaleur suivie d\u2019un orage, <a href=\"https:\/\/sante.ouest-france.fr\/moustique\/certains-vendent-leur-maison-a-cause-du-moustique-tigre-faut-il-craindre-sa-propagation-dans-louest-1840f284-6bd6-11f1-bda1-40414195e76f\" target=\"_self\" rel=\"nofollow noopener\">confiait avant l\u2019\u00e9t\u00e9,<\/a> le directeur du laboratoire de sant\u00e9 animale&#8230;<\/p>\n","protected":false},"excerpt":{"rendered":"Les t\u00e9moignages sont unanimes. De Tr\u00e9laz\u00e9 \u00e0 Avrill\u00e9 (Maine-et-Loire), en passant par Les Ponts-de-C\u00e9 et certains quartiers d\u2019Angers,&hellip;\n","protected":false},"author":2,"featured_media":196632,"comment_status":"","ping_status":"","sticky":false,"template":"","format":"standard","meta":{"footnotes":"","_share_on_mastodon":"0"},"categories":[4],"tags":[1012,6,5042,59560,7171,13,59559,7173,9766,59561,59558,10941,6276,293,7176,7175,115,20465,225],"class_list":["post-196631","post","type-post","status-publish","format-standard","has-post-thumbnail","category-afrique","tag-actualite-en-continu","tag-afrique","tag-angers","tag-avrille","tag-cholet","tag-environnement","tag-les-ponts-de-ce","tag-maine-et-loire","tag-maladies","tag-montreuil-juigne","tag-moustique","tag-nature","tag-pays-de-la-loire","tag-sante","tag-saumur","tag-segre-en-anjou-bleu","tag-societe","tag-trelaze","tag-une"],"share_on_mastodon":{"url":"https:\/\/pubeurope.com\/@afrique\/117192406256740676","error":""},"_links":{"self":[{"href":"https:\/\/www.europesays.com\/afrique\/wp-json\/wp\/v2\/posts\/196631","targetHints":{"allow":["GET"]}}],"collection":[{"href":"https:\/\/www.europesays.com\/afrique\/wp-json\/wp\/v2\/posts"}],"about":[{"href":"https:\/\/www.europesays.com\/afrique\/wp-json\/wp\/v2\/types\/post"}],"author":[{"embeddable":true,"href":"https:\/\/www.europesays.com\/afrique\/wp-json\/wp\/v2\/users\/2"}],"replies":[{"embeddable":true,"href":"https:\/\/www.europesays.com\/afrique\/wp-json\/wp\/v2\/comments?post=196631"}],"version-history":[{"count":0,"href":"https:\/\/www.europesays.com\/afrique\/wp-json\/wp\/v2\/posts\/196631\/revisions"}],"wp:featuredmedia":[{"embeddable":true,"href":"https:\/\/www.europesays.com\/afrique\/wp-json\/wp\/v2\/media\/196632"}],"wp:attachment":[{"href":"https:\/\/www.europesays.com\/afrique\/wp-json\/wp\/v2\/media?parent=196631"}],"wp:term":[{"taxonomy":"category","embeddable":true,"href":"https:\/\/www.europesays.com\/afrique\/wp-json\/wp\/v2\/categories?post=196631"},{"taxonomy":"post_tag","embeddable":true,"href":"https:\/\/www.europesays.com\/afrique\/wp-json\/wp\/v2\/tags?post=196631"}],"curies":[{"name":"wp","href":"https:\/\/api.w.org\/{rel}","templated":true}]}}