{"id":196667,"date":"2026-08-31T23:23:02","date_gmt":"2026-08-31T23:23:02","guid":{"rendered":"https:\/\/www.europesays.com\/afrique\/196667\/"},"modified":"2026-08-31T23:23:02","modified_gmt":"2026-08-31T23:23:02","slug":"algerie-apres-les-incendies-meurtriers-le-president-veut-retablir-la-peine-de-mort-contre-les-pyromanes","status":"publish","type":"post","link":"https:\/\/www.europesays.com\/afrique\/196667\/","title":{"rendered":"Alg\u00e9rie\u00a0: Apr\u00e8s les incendies meurtriers, le pr\u00e9sident veut r\u00e9tablir la peine de mort contre les pyromanes"},"content":{"rendered":"<p> \u00abPersonne ne peut faire plier l\u2019<a href=\"https:\/\/www.20minutes.fr\/dossier\/algerie\" class=\"c-link c-link--is-underlined\" rel=\"nofollow noopener\" target=\"_blank\">Alg\u00e9rie<\/a>\u00a0\u00bb, a lanc\u00e9 dimanche le pr\u00e9sident alg\u00e9rien <a href=\"https:\/\/www.20minutes.fr\/societe\/4231795-20260629-christophe-gleizes-rsf-reitere-appel-liberation-immediate-journaliste-detenu-depuis-an-algerie\" target=\"_blank\" class=\"c-link c-link--is-underlined\" rel=\"nofollow noopener\">Abdelmadjid Tebboune<\/a>, qui compte r\u00e9tablir <a href=\"https:\/\/www.20minutes.fr\/monde\/4241182-20260827-incendies-forets-font-moins-12-morts-algerie\" target=\"_blank\" class=\"c-link c-link--is-underlined\" rel=\"nofollow noopener\">la peine de mort pour les pyromanes<\/a>. \u00ab\u00a0On r\u00e9instaure la condamnation \u00e0 mort pour les pyromanes\u00a0\u00bb, a-t-il d\u00e9clar\u00e9. \u00ab\u00a0Il y aura ex\u00e9cution\u00a0\u00bb une fois les voies de <a href=\"https:\/\/www.20minutes.fr\/monde\/4235019-20260717-algerie-incendie-fait-11-morts-orphelinat-probablement-climatiseur\" target=\"_blank\" class=\"c-link c-link--is-underlined\" rel=\"nofollow noopener\">recours \u00e9puis\u00e9es pour les condamn\u00e9s<\/a>, a-t-il insist\u00e9 dans des images retransmises \u00e0 la t\u00e9l\u00e9vision.<\/p>\n<p>La raison de ce retour de la peine capitale\u00a0? Le pays, qui observe un moratoire sur la peine de mort depuis\u00a01993, est touch\u00e9 par des incendies meurtriers qui ont ravag\u00e9 l\u2019est et le nord du pays. Depuis mercredi soir, de nombreuses vid\u00e9os des incendies ont \u00e9t\u00e9 diffus\u00e9es sur les r\u00e9seaux sociaux, notamment par des citoyens bloqu\u00e9s par les flammes dans cette r\u00e9gion \u00e0 la fois c\u00f4ti\u00e8re et montagneuse connue pour ses paysages paradisiaques. <a href=\"https:\/\/www.20minutes.fr\/monde\/4199339-20260202-plus-grands-projets-pays-algerie-inaugure-ligne-ferroviaire-vers-mine-strategique\" target=\"_blank\" class=\"c-link c-link--is-underlined\" rel=\"nofollow noopener\">L\u2019Alg\u00e9rie a d\u2019ailleurs d\u00e9cr\u00e9t\u00e9<\/a> un deuil officiel de trois jours et l\u2019annulation de toutes les festivit\u00e9s culturelles et comp\u00e9titions sportives apr\u00e8s les incendies.<\/p>\n<p>Les autorit\u00e9s ont indiqu\u00e9 que plusieurs personnes soup\u00e7onn\u00e9es d\u2019avoir allum\u00e9 des feux avaient \u00e9t\u00e9 arr\u00eat\u00e9es. Le pr\u00e9sident alg\u00e9rien a par ailleurs promis que les <a href=\"https:\/\/www.20minutes.fr\/societe\/4191515-20251215-toute-info-2-minutes-crise-dermatose-francais-tue-sydney-mobilisation-christophe-gleizes\" target=\"_blank\" class=\"c-link c-link--is-underlined\" rel=\"nofollow noopener\">victimes ayant perdu<\/a> maisons, meubles, \u00e9lectrom\u00e9nager, cheptels ou arbres fruitiers seraient enti\u00e8rement indemnis\u00e9es par l\u2019Etat avant le 15\u00a0septembre.<\/p>\n<p>De nombreux morts et des dizaines de bless\u00e9s<\/p>\n<p>Jusqu\u2019ici, au moins 12 personnes sont mortes en Alg\u00e9rie en lien avec de violents feux de for\u00eat pr\u00e8s de B\u00e9ja\u00efa, Jijel et Tizi-Ouzou. Mais des sources locales craignent que le nombre de victimes ne soit beaucoup plus \u00e9lev\u00e9 tout comme lle laisserait \u00e0 penser le ministre de la Sant\u00e9, Mohamed Seddik A\u00eft Messaoud\u00e8ne, qui a indiqu\u00e9 vendredi que le bilan \u00e9tait \u00ab\u00a0tr\u00e8s lourd\u00a0\u00bb, sans pour autant donner un chiffre. Ces incendies ont provoqu\u00e9 une vive \u00e9motion dans le pays. Une foule a assist\u00e9 \u00e0 l\u2019enterrement collectif de victimes dans un des cimeti\u00e8res de Jijel, selon des images diffus\u00e9es par la t\u00e9l\u00e9vision et des sites locaux.<\/p>\n<p><a href=\"https:\/\/www.20minutes.fr\/monde\/peine-de-mort\/\" class=\"c-link c-btn c-btn--primary\" rel=\"nofollow noopener\" target=\"_blank\">Nos articles sur la peine de mort<\/a><\/p>\n<p>S\u2019adressant au ministre de la Justice lors d\u2019une r\u00e9union consacr\u00e9e aux feux en pr\u00e9sence de hauts responsables civils et militaires, le chef de l\u2019Etat alg\u00e9rien a ordonn\u00e9 \u00ab\u00a0une modification du <a href=\"https:\/\/www.20minutes.fr\/dossier\/code_penal\" class=\"c-link c-link--is-underlined\" rel=\"nofollow noopener\" target=\"_blank\">Code p\u00e9nal<\/a>\u00a0\u00bb avant le 15\u00a0septembre. Le pr\u00e9sident alg\u00e9rien Abdelmadjid Tebboune a demand\u00e9 que le projet pour la <a href=\"https:\/\/www.20minutes.fr\/monde\/peine-de-mort\/\" class=\"c-link c-link--is-underlined\" rel=\"nofollow noopener\" target=\"_blank\">peine de mort<\/a> passe par le gouvernement puis que le Parlement l\u2019\u00e9tudie \u00ab\u00a0rapidement\u00a0\u00bb.<\/p>\n","protected":false},"excerpt":{"rendered":"\u00abPersonne ne peut faire plier l\u2019Alg\u00e9rie\u00a0\u00bb, a lanc\u00e9 dimanche le pr\u00e9sident alg\u00e9rien Abdelmadjid Tebboune, qui compte r\u00e9tablir la&hellip;\n","protected":false},"author":2,"featured_media":196668,"comment_status":"","ping_status":"","sticky":false,"template":"","format":"standard","meta":{"footnotes":"","_share_on_mastodon":"0"},"categories":[85],"tags":[281,116,20524,3176,10455,59585,133,1925,2538,2238,2226,2503],"class_list":["post-196667","post","type-post","status-publish","format-standard","has-post-thumbnail","category-algerie","tag-actualite","tag-algerie","tag-code-penal","tag-droits-humains","tag-incendie","tag-incendie-criminel","tag-monde","tag-peine-de-mort","tag-president","tag-rechauffement-climatique","tag-secheresse","tag-victime"],"share_on_mastodon":{"url":"https:\/\/pubeurope.com\/@afrique\/117192700931542749","error":""},"_links":{"self":[{"href":"https:\/\/www.europesays.com\/afrique\/wp-json\/wp\/v2\/posts\/196667","targetHints":{"allow":["GET"]}}],"collection":[{"href":"https:\/\/www.europesays.com\/afrique\/wp-json\/wp\/v2\/posts"}],"about":[{"href":"https:\/\/www.europesays.com\/afrique\/wp-json\/wp\/v2\/types\/post"}],"author":[{"embeddable":true,"href":"https:\/\/www.europesays.com\/afrique\/wp-json\/wp\/v2\/users\/2"}],"replies":[{"embeddable":true,"href":"https:\/\/www.europesays.com\/afrique\/wp-json\/wp\/v2\/comments?post=196667"}],"version-history":[{"count":0,"href":"https:\/\/www.europesays.com\/afrique\/wp-json\/wp\/v2\/posts\/196667\/revisions"}],"wp:featuredmedia":[{"embeddable":true,"href":"https:\/\/www.europesays.com\/afrique\/wp-json\/wp\/v2\/media\/196668"}],"wp:attachment":[{"href":"https:\/\/www.europesays.com\/afrique\/wp-json\/wp\/v2\/media?parent=196667"}],"wp:term":[{"taxonomy":"category","embeddable":true,"href":"https:\/\/www.europesays.com\/afrique\/wp-json\/wp\/v2\/categories?post=196667"},{"taxonomy":"post_tag","embeddable":true,"href":"https:\/\/www.europesays.com\/afrique\/wp-json\/wp\/v2\/tags?post=196667"}],"curies":[{"name":"wp","href":"https:\/\/api.w.org\/{rel}","templated":true}]}}