{"id":196818,"date":"2026-09-01T04:53:35","date_gmt":"2026-09-01T04:53:35","guid":{"rendered":"https:\/\/www.europesays.com\/afrique\/196818\/"},"modified":"2026-09-01T04:53:35","modified_gmt":"2026-09-01T04:53:35","slug":"maroc-senegal-walid-regragui-revele-ce-quil-a-dit-a-brahim-diaz-apres-le-penalty-rate-video","status":"publish","type":"post","link":"https:\/\/www.europesays.com\/afrique\/196818\/","title":{"rendered":"Maroc-S\u00e9n\u00e9gal : Walid Regragui r\u00e9v\u00e8le ce qu&rsquo;il a dit \u00e0 Brahim Diaz apr\u00e8s le penalty rat\u00e9 (VIDEO)"},"content":{"rendered":"<p>\t\t<img width=\"1200\" height=\"600\" src=\"https:\/\/www.europesays.com\/afrique\/wp-content\/uploads\/2026\/09\/BRAHIM-1.jpg\" class=\"attachment-full size-full wp-post-image\" alt=\"\" data-main-img=\"1\" decoding=\"async\" fetchpriority=\"high\"   data-attachment-id=\"680825\" data-permalink=\"https:\/\/www.lesiteinfo.com\/sport\/680824-maroc-senegal-walid-regragui-revele-ce-quil-a-dit-a-brahim-diaz-apres-le-penalty-rate-video.html\/attachment\/fbl-afr-2025-match-52-sen-mar\" data-orig-file=\"https:\/\/www.europesays.com\/afrique\/wp-content\/uploads\/2026\/09\/BRAHIM-1.jpg\" data-orig-size=\"1200,600\" data-comments-opened=\"0\" data-image-meta=\"{&quot;aperture&quot;:&quot;0&quot;,&quot;credit&quot;:&quot;AFP&quot;,&quot;camera&quot;:&quot;&quot;,&quot;caption&quot;:&quot;Senegal's goalkeeper #16 Edouard Mendy speaks to Morocco's forward #10 Brahim Diaz before a penalty kick during the Africa Cup of Nations (CAN) final football match between Senegal and Morocco at the Prince Moulay Abdellah Stadium in Rabat on January 18, 2026. (Photo by Paul ELLIS \\\/ AFP)&quot;,&quot;created_timestamp&quot;:&quot;1768770734&quot;,&quot;copyright&quot;:&quot;AFP or licensors&quot;,&quot;focal_length&quot;:&quot;0&quot;,&quot;iso&quot;:&quot;0&quot;,&quot;shutter_speed&quot;:&quot;0&quot;,&quot;title&quot;:&quot;FBL-AFR-2025-MATCH 52-SEN-MAR&quot;,&quot;orientation&quot;:&quot;1&quot;,&quot;alt&quot;:&quot;&quot;}\" data-image-title=\"FBL-AFR-2025-MATCH 52-SEN-MAR\" data-image-description=\"\" data-image-caption=\"&lt;p&gt;AFP&lt;\/p&gt;&#10;\" data-medium-file=\"https:\/\/www.lesiteinfo.com\/wp-content\/uploads\/2026\/08\/BRAHIM-1-200x100.jpg\" data-large-file=\"https:\/\/www.lesiteinfo.com\/wp-content\/uploads\/2026\/08\/BRAHIM-1-660x330.jpg\"\/><\/p>\n<p>\t\t\t\t\t\t\t AFP<\/p>\n<p class=\"isSelectedEnd\">L\u2019ancien s\u00e9lectionneur national, Walid Regragui, est revenu sur l\u2019\u00e9pisode du penalty manqu\u00e9 par la star marocaine, Brahim Diaz, dans les derni\u00e8res minutes de la finale de la Coupe d\u2019Afrique des Nations, disput\u00e9e entre le Maroc et le S\u00e9n\u00e9gal.<\/p>\n<p class=\"isSelectedEnd\">Invit\u00e9 du podcast \u00ab Maghreb \u00bb diffus\u00e9 sur \u00ab Atheer \u00bb, Regragui a \u00e9voqu\u00e9 plusieurs exp\u00e9riences et \u00e9v\u00e9nements marquants de son parcours, notamment l\u2019\u00e9pisode du penalty manqu\u00e9 par Brahim Diaz dans les ultimes instants de la rencontre.<\/p>\n<p class=\"isSelectedEnd\">L\u2019ancien s\u00e9lectionneur a affirm\u00e9 qu\u2019il se consid\u00e8re comme un vainqueur de la Coupe d\u2019Afrique des Nations, pr\u00e9cisant que sa d\u00e9cision de d\u00e9missionner aurait \u00e9t\u00e9 prise dans tous les cas apr\u00e8s la CAN.<\/p>\n<p class=\"isSelectedEnd\">Regragui a \u00e9galement r\u00e9v\u00e9l\u00e9 les mots qu\u2019il avait adress\u00e9s \u00e0 Diaz apr\u00e8s son penalty manqu\u00e9. Il a expliqu\u00e9 ne pas avoir reproch\u00e9 quoi que ce soit au joueur : \u00ab Je ne lui ai rien dit. Je lui ai simplement dit une fois : \u201cMon fils, ce qui s\u2019est pass\u00e9 va t\u2019apprendre beaucoup de choses et te rendre plus fort en tant que joueur. Tu dois apprendre de toutes les exp\u00e9riences.\u201d \u00bb<\/p>\n<p>Walid Regragui a quitt\u00e9 son poste de s\u00e9lectionneur de l\u2019\u00e9quipe nationale marocaine \u00e0 l\u2019issue de la Coupe d\u2019Afrique des Nations 2025.<\/p>\n<p>A regarder aussi<\/p>\n<p>                              <img class=\"ytsponso-v46-side-showlogo\" src=\"https:\/\/www.europesays.com\/afrique\/wp-content\/uploads\/2026\/05\/logo-chebka.png\" alt=\"CHEBKA\" loading=\"lazy\" decoding=\"async\"\/><\/p>\n<p>                          <img class=\"ytsponso-v46-side-brand\" src=\"https:\/\/www.europesays.com\/afrique\/wp-content\/uploads\/2026\/05\/logo-1.png\" alt=\"LeSiteInfo\" loading=\"lazy\" decoding=\"async\"\/><\/p>\n<p>&#13;<br \/>\n&#13;<\/p>\n<p><a dir=\"LTR\" class=\"alert-main\" href=\"https:\/\/www.lesiteinfo.com\/maroc\/680283-carburants-au-maroc-du-changement-dans-les-prix-de-lessence-et-du-gasoil.html\" target=\"_blank\" rel=\"nofollow noopener\">&#13;<br \/>\n    &#13;<br \/>\n        &#13;<br \/>\n        &#13;<br \/>\n        &#13;<br \/>\n<\/a><\/p>\n<p><\/p>\n","protected":false},"excerpt":{"rendered":"AFP L\u2019ancien s\u00e9lectionneur national, Walid Regragui, est revenu sur l\u2019\u00e9pisode du penalty manqu\u00e9 par la star marocaine, Brahim&hellip;\n","protected":false},"author":2,"featured_media":196819,"comment_status":"","ping_status":"","sticky":false,"template":"","format":"standard","meta":{"footnotes":"","_share_on_mastodon":"0"},"categories":[84],"tags":[906,1176,86,11,1608],"class_list":["post-196818","post","type-post","status-publish","format-standard","has-post-thumbnail","category-senegal","tag-brahim-diaz","tag-can-2025","tag-maroc","tag-senegal","tag-walid-regragui"],"share_on_mastodon":{"url":"https:\/\/pubeurope.com\/@afrique\/117193999013110024","error":""},"_links":{"self":[{"href":"https:\/\/www.europesays.com\/afrique\/wp-json\/wp\/v2\/posts\/196818","targetHints":{"allow":["GET"]}}],"collection":[{"href":"https:\/\/www.europesays.com\/afrique\/wp-json\/wp\/v2\/posts"}],"about":[{"href":"https:\/\/www.europesays.com\/afrique\/wp-json\/wp\/v2\/types\/post"}],"author":[{"embeddable":true,"href":"https:\/\/www.europesays.com\/afrique\/wp-json\/wp\/v2\/users\/2"}],"replies":[{"embeddable":true,"href":"https:\/\/www.europesays.com\/afrique\/wp-json\/wp\/v2\/comments?post=196818"}],"version-history":[{"count":0,"href":"https:\/\/www.europesays.com\/afrique\/wp-json\/wp\/v2\/posts\/196818\/revisions"}],"wp:featuredmedia":[{"embeddable":true,"href":"https:\/\/www.europesays.com\/afrique\/wp-json\/wp\/v2\/media\/196819"}],"wp:attachment":[{"href":"https:\/\/www.europesays.com\/afrique\/wp-json\/wp\/v2\/media?parent=196818"}],"wp:term":[{"taxonomy":"category","embeddable":true,"href":"https:\/\/www.europesays.com\/afrique\/wp-json\/wp\/v2\/categories?post=196818"},{"taxonomy":"post_tag","embeddable":true,"href":"https:\/\/www.europesays.com\/afrique\/wp-json\/wp\/v2\/tags?post=196818"}],"curies":[{"name":"wp","href":"https:\/\/api.w.org\/{rel}","templated":true}]}}