{"id":196840,"date":"2026-09-01T05:18:52","date_gmt":"2026-09-01T05:18:52","guid":{"rendered":"https:\/\/www.europesays.com\/afrique\/196840\/"},"modified":"2026-09-01T05:18:52","modified_gmt":"2026-09-01T05:18:52","slug":"cest-le-plus-gros-contrat-de-notre-histoire-bull-selectionne-par-leurope-pour-fournir-une-ai-factory-a-388-millions-deuros-en-finlande","status":"publish","type":"post","link":"https:\/\/www.europesays.com\/afrique\/196840\/","title":{"rendered":"\u00abC\u2019est le plus gros contrat de notre histoire\u00bb : Bull s\u00e9lectionn\u00e9 par l\u2019Europe pour fournir une AI factory \u00e0 388 millions d\u2019euros en Finlande"},"content":{"rendered":"<p>Le fabricant fran\u00e7ais Bull (ex-Eviden) a \u00e9t\u00e9 choisi par l\u2019Europe pour fournir un supercalculateur d\u2019IA d\u2019une valeur de 387,8 millions d\u2019euros. Co-d\u00e9velopp\u00e9e avec l\u2019am\u00e9ricain AMD, cette AI factory sera d\u00e9ploy\u00e9e en 2027 en Finlande. Un signal fort pour Bull, alors que l\u2019Europe a lanc\u00e9 son appel \u00e0 projet pour des infrastructures encore plus puissantes, les gigafactories d\u2019IA.<\/p>\n<p class=\"c-paragraph\">Bull (ex-Eviden) confirme sa perc\u00e9e sur le march\u00e9 de l\u2019IA. L\u2019unique fabricant europ\u00e9en de supercalculateurs, historiquement positionn\u00e9 sur le march\u00e9 du calcul haute performance, a \u00e9t\u00e9 s\u00e9lectionn\u00e9 par l\u2019Europe* pour fournir une AI factory \u00e0 la Finlande. Une machine \u00e0 387,8 millions d\u2019euros. <\/p>\n<p class=\"c-paragraph\">\u00abC\u2019est le plus gros contrat de notre histoire\u00bb, a r\u00e9agi Emmanuel Le Roux, le directeur g\u00e9n\u00e9ral de Bull, du nom de l\u2019ancienne marque informatique fran\u00e7aise, <a href=\"https:\/\/www.usinenouvelle.com\/electronique-informatique\/informatique\/nationalise-bull-accelere-avec-lobjectif-de-prendre-le-leadership-mondial-des-supercalculateurs.CZTBDF7BD5PE5JHTFLRM2VTEVA.html\" rel=\"nofollow noopener\" target=\"_blank\">ressuscit\u00e9e \u00e0 l\u2019occasion du rachat par l\u2019Etat en mars des activit\u00e9s supercalcul d\u2019Eviden<\/a>, filiale du groupe Atos. <\/p>\n<p class=\"c-paragraph\">\u00abCe sera la plus grosse AI factory europ\u00e9enne impl\u00e9ment\u00e9e jusqu\u2019alors, une machine plus importante encore qu\u2019Alice Recoque\u00bb, a poursuivi aupr\u00e8s de L\u2019Usine Nouvelle le dirigeant, en r\u00e9f\u00e9rence au <a href=\"https:\/\/www.usinenouvelle.com\/editorial\/a-quoi-va-servir-l-ai-factory-de-la-france-soutenue-par-l-europe.N2230196\" rel=\"nofollow noopener\" target=\"_blank\">second supercalculateur exaflopique d\u2019Europe, dont le chantier doit d\u00e9marrer cette ann\u00e9e en France<\/a> et que va aussi \u00e9quiper Bull. <\/p>\n<p>Une infrastructure parmi les plus sobres au monde<\/p>\n<p class=\"c-paragraph\">Le supercalculateur Lumi-AI \u2013 qui sera d\u00e9ploy\u00e9 courant 2027 dans le centre de donn\u00e9es du Centre finlandais pour la science (CSC), \u00e0 Kajaani \u2013 a \u00e9t\u00e9 con\u00e7u par Bull en partenariat avec AMD. Le groupe am\u00e9ricain des puces, <a href=\"https:\/\/www.usinenouvelle.com\/editorial\/amd-google-qualcomm-dans-les-puces-pour-l-intelligence-artificielle-la-concurrence-a-nvidia-emerge-lentement.N2240392\" rel=\"nofollow noopener\" target=\"_blank\">challenger du leader Nvidia<\/a>, fournira les cartes graphiques (GPU) et les microprocesseurs (CPU). Preuve que sur les semi-conducteurs, la qu\u00eate de souverainet\u00e9 de l\u2019Europe patine encore. <\/p>\n<p><a class=\"c-link b-index-quotes__list-item\" href=\"https:\/\/www.usinenouvelle.com\/indices\/cours-mensuel-de-letain-settlement-h4002c\" rel=\"nofollow noopener\" target=\"_blank\"><\/p>\n<p class=\"c-text-wrapper c-text-wrapper--md-regular b-index-quotes__card-date\">Juillet 2026<\/p>\n<p>Cours mensuel de l&rsquo;\u00e9tain &#8211; settlement<\/p>\n<p><\/a><a class=\"c-link b-index-quotes__list-item\" href=\"https:\/\/www.usinenouvelle.com\/indices\/yuan-chinois-cny-quotidien-d133\" rel=\"nofollow noopener\" target=\"_blank\"><\/p>\n<p class=\"c-text-wrapper c-text-wrapper--md-regular b-index-quotes__card-date\">31 Ao\u00fbt 2026<\/p>\n<p>Yuan chinois (CNY) &#8211; quotidien<\/p>\n<p><\/a><a title=\"Tous les indices\" data-testid=\"link-all-indexes\" class=\"c-link c-link-with-arrow b-index-quotes__link \" href=\"https:\/\/www.usinenouvelle.com\/indices\/tableaudebord\" rel=\"nofollow noopener\" target=\"_blank\">Tous les indices<\/a><\/p>\n<p class=\"c-paragraph\">Mais la machine int\u00e9grera tout de m\u00eame une nouvelle technologie de Bull, commercialis\u00e9e d\u00e9but 2026 : le syst\u00e8me r\u00e9seau, qui permet l\u2019interconnexion des processeurs. De quoi valider sa strat\u00e9gie sur la cha\u00eene de valeur, alors que cette brique technologique est aujourd\u2019hui domin\u00e9e par Nvidia. <\/p>\n<p class=\"c-paragraph\">Le supercalculateur Lumi-AI va \u00e9galement int\u00e9grer une autre technologie brevet\u00e9e par Bull : son syst\u00e8me de refroidissement liquide direct, qui utilise de l\u2019eau chaude pour refroidir le syst\u00e8me. De quoi augmenter la quantit\u00e9 de chaleur r\u00e9cup\u00e9rable, qui viendra alimenter le r\u00e9seau de chauffage urbain de Kajaani. \u00abAliment\u00e9 exclusivement par de l\u2019\u00e9lectricit\u00e9 renouvelable et h\u00e9berg\u00e9 dans une installation r\u00e9pondant aux normes environnementales les plus exigeantes, Lumi-AI figurera parmi les infrastructures d\u2019IA \u00e0 grande \u00e9chelle les plus sobres en \u00e9nergie au monde\u00bb, \u00e9crit le communiqu\u00e9.<\/p>\n<p>D\u00e9cupler la puissance de calcul disponible en Europe<\/p>\n<p class=\"c-paragraph\">Lumi-AI va permettre \u00e0 l\u2019Europe de se doter d\u2019une septi\u00e8me AI factory sur son sol. Au total, le programme pilot\u00e9 par la structure EuroHPC, sous tutelle de la Commission europ\u00e9enne, doit en faire \u00e9merger 13, dans le but de d\u00e9cupler la puissance de calcul disponible sur le territoire et de favoriser le d\u00e9veloppement de l\u2019IA. <\/p>\n<p class=\"c-paragraph\">Et une seconde vague doit succ\u00e9der \u00e0 la premi\u00e8re : la Commission europ\u00e9enne a lanc\u00e9 en ao\u00fbt <a href=\"https:\/\/www.usine-digitale.fr\/intelligence-artificielle\/lunion-europeenne-lance-un-appel-doffres-historique-de-30-milliards-deuros-pour-batir-sept-gigafactories.EUBIJ2624BGLRKJMVV5ECEJ67Q.html\" target=\"_blank\" rel=\"nofollow noopener\" title=\"https:\/\/www.usine-digitale.fr\/intelligence-artificielle\/lunion-europeenne-lance-un-appel-doffres-historique-de-30-milliards-deuros-pour-batir-sept-gigafactories.EUBIJ2624BGLRKJMVV5ECEJ67Q.html\">son appel \u00e0 projet afin de cr\u00e9er jusqu\u2019\u00e0 sept AI gigafactories<\/a>, des infrastructures de calcul encore plus puissantes. Et sur lesquelles Bull esp\u00e8re bien se positionner, \u00e0 travers diff\u00e9rents consortiums actuellement \u00e0 l\u2019\u00e9tude. <\/p>\n<p class=\"c-paragraph\">* Pr\u00e9cis\u00e9ment, Bull a \u00e9t\u00e9 s\u00e9lectionn\u00e9 par la structure EuroHPC JU (une entreprise publique-priv\u00e9e cr\u00e9\u00e9e par l\u2019Union europ\u00e9enne) et par le consortium Lumi AI Factory, qui r\u00e9unit la Finlande, la R\u00e9publique tch\u00e8que, le Danemark, l\u2019Estonie, la Norv\u00e8ge et la Pologne.<\/p>\n","protected":false},"excerpt":{"rendered":"Le fabricant fran\u00e7ais Bull (ex-Eviden) a \u00e9t\u00e9 choisi par l\u2019Europe pour fournir un supercalculateur d\u2019IA d\u2019une valeur de&hellip;\n","protected":false},"author":2,"featured_media":196841,"comment_status":"","ping_status":"","sticky":false,"template":"","format":"standard","meta":{"footnotes":"","_share_on_mastodon":"0"},"categories":[2],"tags":[41008,18,1765,684,7710,31353,8555,8716,59658],"class_list":["post-196840","post","type-post","status-publish","format-standard","has-post-thumbnail","category-europe","tag-electronique-informatique","tag-europe","tag-finlande","tag-ia","tag-informatique","tag-lindustrie-dans-le-monde","tag-nvidia","tag-semi-conducteurs","tag-technos-et-innovations"],"share_on_mastodon":{"url":"https:\/\/pubeurope.com\/@afrique\/117194100744596447","error":""},"_links":{"self":[{"href":"https:\/\/www.europesays.com\/afrique\/wp-json\/wp\/v2\/posts\/196840","targetHints":{"allow":["GET"]}}],"collection":[{"href":"https:\/\/www.europesays.com\/afrique\/wp-json\/wp\/v2\/posts"}],"about":[{"href":"https:\/\/www.europesays.com\/afrique\/wp-json\/wp\/v2\/types\/post"}],"author":[{"embeddable":true,"href":"https:\/\/www.europesays.com\/afrique\/wp-json\/wp\/v2\/users\/2"}],"replies":[{"embeddable":true,"href":"https:\/\/www.europesays.com\/afrique\/wp-json\/wp\/v2\/comments?post=196840"}],"version-history":[{"count":0,"href":"https:\/\/www.europesays.com\/afrique\/wp-json\/wp\/v2\/posts\/196840\/revisions"}],"wp:featuredmedia":[{"embeddable":true,"href":"https:\/\/www.europesays.com\/afrique\/wp-json\/wp\/v2\/media\/196841"}],"wp:attachment":[{"href":"https:\/\/www.europesays.com\/afrique\/wp-json\/wp\/v2\/media?parent=196840"}],"wp:term":[{"taxonomy":"category","embeddable":true,"href":"https:\/\/www.europesays.com\/afrique\/wp-json\/wp\/v2\/categories?post=196840"},{"taxonomy":"post_tag","embeddable":true,"href":"https:\/\/www.europesays.com\/afrique\/wp-json\/wp\/v2\/tags?post=196840"}],"curies":[{"name":"wp","href":"https:\/\/api.w.org\/{rel}","templated":true}]}}