{"id":196860,"date":"2026-09-01T06:01:26","date_gmt":"2026-09-01T06:01:26","guid":{"rendered":"https:\/\/www.europesays.com\/afrique\/196860\/"},"modified":"2026-09-01T06:01:26","modified_gmt":"2026-09-01T06:01:26","slug":"jeux-mediterraneens-2026-le-maroc-decroche-un-double-de-bronze-avec-ses-selections-u17-feminine-et-u20-masculine","status":"publish","type":"post","link":"https:\/\/www.europesays.com\/afrique\/196860\/","title":{"rendered":"Jeux m\u00e9diterran\u00e9ens 2026: le Maroc d\u00e9croche un doubl\u00e9 de bronze avec ses s\u00e9lections U17 f\u00e9minine et U20 masculine"},"content":{"rendered":"<p>Les s\u00e9lections marocaines masculine U20 et f\u00e9minine U17 de football ont chacune remport\u00e9 la m\u00e9daille de bronze des Jeux m\u00e9diterran\u00e9ens de Tarente 2026, respectivement face \u00e0 l\u2019Italie (4-1) et \u00e0 la Slov\u00e9nie (3-1).<\/p>\n<p>\t\t\t\t\t<a class=\"post-thumbnail open-lightbox\" href=\"https:\/\/atlasinfo.fr\/wp-content\/uploads\/2026\/08\/TWITTER-ATLASINFO-2026-08-31T161131.840.png\" rel=\"nofollow noopener\" target=\"_blank\"><img decoding=\"async\" src=\"https:\/\/www.europesays.com\/afrique\/wp-content\/uploads\/2026\/09\/TWITTER-ATLASINFO-2026-08-31T161131.840-750x430.png\" alt=\"\"\/>\t\t\t\t\t\t<\/a><\/p>\n<p dir=\"ltr\">Le Maroc masculin U20 sur la troisi\u00e8me marche du podium<\/p>\n<p dir=\"ltr\">La s\u00e9lection nationale marocaine masculine U20 a remport\u00e9 la m\u00e9daille de bronze de la 20e \u00e9dition des Jeux m\u00e9diterran\u00e9ens de Tarente 2026, en Italie. Sous la direction de Ludovic Batelli, les jeunes Lions de l\u2019Atlas se sont impos\u00e9s dimanche 30 ao\u00fbt face \u00e0 l\u2019Italie, pays h\u00f4te, sur le score de 4 buts \u00e0 1, au stade Iacovone. Les buts marocains ont \u00e9t\u00e9 inscrits par Mohammed Mounssef (9e), Abdelali Eddaoudi (47e), Karim Essaadi (50e) et Anass Benomar (75e).<\/p>\n<p dir=\"ltr\">Cette distinction constitue la quatri\u00e8me m\u00e9daille de bronze de l\u2019histoire du Maroc aux Jeux m\u00e9diterran\u00e9ens dans cette discipline, apr\u00e8s celles obtenues \u00e0 Ath\u00e8nes en 1991, Tarragone en 2018 et Oran en 2022. Les jeunes Lions ont ainsi conclu leur parcours sur une note positive, apr\u00e8s leur \u00e9limination en demi-finale.<\/p>\n<p dir=\"ltr\">Une premi\u00e8re m\u00e9daille pour les U17 f\u00e9minines<\/p>\n<p dir=\"ltr\">Quelques heures plus tard, la s\u00e9lection nationale f\u00e9minine marocaine des moins de 17 ans a d\u00e9croch\u00e9 \u00e0 son tour le bronze, en s\u2019imposant face \u00e0 la Slov\u00e9nie sur le score de 3 buts \u00e0 1. Plac\u00e9es dans une poule unique de cinq \u00e9quipes, les Marocaines avaient d\u00e9j\u00e0 domin\u00e9 les Slov\u00e8nes 4-0 lors de la phase de groupes.<\/p>\n<p dir=\"ltr\">Sous la direction de Youness Rabie, les jeunes Lionnes de l\u2019Atlas ont ainsi couronn\u00e9 un tournoi jug\u00e9 tr\u00e8s abouti, offrant au Maroc un doubl\u00e9 de m\u00e9dailles de bronze en football le m\u00eame jour \u00e0 Tarente.<\/p>\n<p><a itemprop=\"url\" class=\"rohvzky-link\" href=\"https:\/\/www.youtube.com\/watch?v=x8XQAocYFhU\/?source=campagne-ep\" target=\"_blank\" rel=\"nofollow noopener\"><img decoding=\"async\" class=\"rohvzky-image\" src=\"https:\/\/www.europesays.com\/afrique\/wp-content\/uploads\/2026\/07\/300x250.jpg\" alt=\"onda-endpost-cdm-2026\"\/><\/a>\t\t\t<\/p>\n","protected":false},"excerpt":{"rendered":"Les s\u00e9lections marocaines masculine U20 et f\u00e9minine U17 de football ont chacune remport\u00e9 la m\u00e9daille de bronze des&hellip;\n","protected":false},"author":2,"featured_media":196861,"comment_status":"","ping_status":"","sticky":false,"template":"","format":"standard","meta":{"footnotes":"","_share_on_mastodon":"0"},"categories":[83],"tags":[58,103,1589,8667,446,97,18286,17310,368,12004,308,893,19073,59668,59666,95,52680,86,59667,57129,56284,371,46,21080,15219,697],"class_list":["post-196860","post","type-post","status-publish","format-standard","has-post-thumbnail","category-maroc","tag-58","tag-atlasinfo","tag-avec","tag-bronze","tag-caf","tag-de","tag-decroche","tag-double","tag-et","tag-feminine","tag-football","tag-italie","tag-jeux","tag-jeux-mediterraneens-2026","tag-jeux-mediterraneens-2026-le-maroc-decroche-un-double-de-bronze-avec-ses-selections-u17-feminine-et-u20-masculine","tag-le","tag-lionnes-de-l","tag-maroc","tag-masculine","tag-mediterraneens","tag-selections","tag-ses","tag-sport","tag-u17","tag-u20","tag-un"],"share_on_mastodon":{"url":"https:\/\/pubeurope.com\/@afrique\/117194266588119933","error":""},"_links":{"self":[{"href":"https:\/\/www.europesays.com\/afrique\/wp-json\/wp\/v2\/posts\/196860","targetHints":{"allow":["GET"]}}],"collection":[{"href":"https:\/\/www.europesays.com\/afrique\/wp-json\/wp\/v2\/posts"}],"about":[{"href":"https:\/\/www.europesays.com\/afrique\/wp-json\/wp\/v2\/types\/post"}],"author":[{"embeddable":true,"href":"https:\/\/www.europesays.com\/afrique\/wp-json\/wp\/v2\/users\/2"}],"replies":[{"embeddable":true,"href":"https:\/\/www.europesays.com\/afrique\/wp-json\/wp\/v2\/comments?post=196860"}],"version-history":[{"count":0,"href":"https:\/\/www.europesays.com\/afrique\/wp-json\/wp\/v2\/posts\/196860\/revisions"}],"wp:featuredmedia":[{"embeddable":true,"href":"https:\/\/www.europesays.com\/afrique\/wp-json\/wp\/v2\/media\/196861"}],"wp:attachment":[{"href":"https:\/\/www.europesays.com\/afrique\/wp-json\/wp\/v2\/media?parent=196860"}],"wp:term":[{"taxonomy":"category","embeddable":true,"href":"https:\/\/www.europesays.com\/afrique\/wp-json\/wp\/v2\/categories?post=196860"},{"taxonomy":"post_tag","embeddable":true,"href":"https:\/\/www.europesays.com\/afrique\/wp-json\/wp\/v2\/tags?post=196860"}],"curies":[{"name":"wp","href":"https:\/\/api.w.org\/{rel}","templated":true}]}}