{"id":196939,"date":"2026-09-01T08:31:16","date_gmt":"2026-09-01T08:31:16","guid":{"rendered":"https:\/\/www.europesays.com\/afrique\/196939\/"},"modified":"2026-09-01T08:31:16","modified_gmt":"2026-09-01T08:31:16","slug":"la-presidente-de-miss-monde-vietnam-met-aux-encheres-des-articles-du-pays-hote-de-2027","status":"publish","type":"post","link":"https:\/\/www.europesays.com\/afrique\/196939\/","title":{"rendered":"La pr\u00e9sidente de Miss Monde Vietnam met aux ench\u00e8res des articles du pays h\u00f4te de 2027."},"content":{"rendered":"<p style=\"text-align: justify;\"> Le clou de la vente aux ench\u00e8res \u00e9tait le collier de la repr\u00e9sentante tanzanienne Latricia Ian Sawe, orn\u00e9 d&rsquo;une tanzanite de 0,5 carat et accompagn\u00e9 d&rsquo;une peinture repr\u00e9sentant un paysage naturel de son pays. La pierre pr\u00e9cieuse, d&rsquo;une teinte bleu-violet, est taill\u00e9e en ovale et sertie sur une monture en argent sterling 925. Le tableau repr\u00e9sente des girafes.<\/p>\n<p style=\"text-align: justify;\"> Mme Pham Kim Dung, pr\u00e9sidente de Miss Monde Vietnam, a acquis le lot pour 10\u00a0000 dollars am\u00e9ricains. Apr\u00e8s la conclusion de la vente aux ench\u00e8res, elle a pris le temps de pr\u00e9senter la Tanzanie aux organisateurs, aux candidates et aux invit\u00e9s internationaux. Ce pays accueillera Miss Monde 2027, succ\u00e9dant ainsi au Vietnam. <\/p>\n<p><img loading=\"lazy\" decoding=\"async\" style=\"cursor:pointer\" id=\"3616468\" alt=\"kim5261-1.jpg\" data-width=\"6233\" data-height=\"4155\" data-image-id=\"3616468\" class=\"lazyload cms-photo\" data-large-src=\"https:\/\/cdn.anninhthudo.vn\/images\/T2g4FE7eQTUhPynpp_Mh-ELpNbOyqfzcRSoKb0zvzEY2fW4ag6zDkt3QacECkxYC\/kim5261-1.jpg.avif\" src=\"https:\/\/cdn.anninhthudo.vn\/images\/-BUrd9_5RsaNlaAwD85vaIPL7ibEtU3GLFzg6kRht4XMn4XVUIhFAax-yE5Wgl0D\/kim5261-1.jpg.avif\" title=\"Mme Pham Kim Dung a pris le temps de pr\u00e9senter la Tanzanie aux organisateurs, aux candidates et aux invit\u00e9s internationaux. Ce pays accueillera Miss Monde 2027, succ\u00e9dant ainsi au Vietnam.\" width=\"830\" height=\"553\"\/> Mme Pham Kim Dung a pris le temps de pr\u00e9senter la Tanzanie aux organisateurs, aux candidates et aux invit\u00e9s internationaux. Ce pays accueillera Miss Monde 2027, succ\u00e9dant ainsi au Vietnam.<\/p>\n<p style=\"text-align: justify;\"> Pour le gala, Le Nguyen Bao Ngoc portait une robe de soir\u00e9e sir\u00e8ne sign\u00e9e Nguyen Minh Tuan. Confectionn\u00e9e \u00e0 partir de milliers de perles de cristal brod\u00e9es \u00e0 la main, cette robe, dont les \u00e9paules \u00e9voquaient des ailes, symbolisait la confiance en soi et l&rsquo;\u00e9clat. Elle a \u00e9t\u00e9 vendue au prix de 1\u00a0500\u00a0$.<\/p>\n<p style=\"text-align: justify;\"> La vente aux ench\u00e8res proposait \u00e9galement de nombreux objets culturels. Le repr\u00e9sentant du Venezuela a apport\u00e9 un collier orn\u00e9 de six orchid\u00e9es dor\u00e9es, symbolisant les six reines de beaut\u00e9 de son pays ayant remport\u00e9 le titre de Miss Monde. <\/p>\n<p><img loading=\"lazy\" decoding=\"async\" style=\"cursor:pointer\" id=\"3616467\" alt=\"kim5254.jpg\" data-width=\"1903\" data-height=\"2855\" data-image-id=\"3616467\" class=\"lazyload cms-photo\" data-large-src=\"https:\/\/cdn.anninhthudo.vn\/images\/T2g4FE7eQTUhPynpp_Mh-ECULHqmJSW5Af6uxsy9WvtBNreq6Ti3ItZYb1r9IZK_\/kim5254.jpg.avif\" src=\"https:\/\/cdn.anninhthudo.vn\/images\/-BUrd9_5RsaNlaAwD85vaKt5ZxW9bk2-BnA77CTtzlZvoq6WCcuSfYIbCvLv_mrB\/kim5254.jpg.avif\" title=\"La pr\u00e9sidente de Miss Monde Vietnam met aux ench\u00e8res des articles du pays h\u00f4te de 2027 (photo 2).\" width=\"830\" height=\"1245\"\/><\/p>\n<p style=\"text-align: justify;\"> La repr\u00e9sentante danoise a offert des chaussons de ballet orn\u00e9s du drapeau national, de sa signature et des signatures des danseurs principaux du Ballet royal danois.<\/p>\n<p style=\"text-align: justify;\"> \u00c0 la fin du programme, les organisateurs ont annonc\u00e9 les 24 finalistes du concours \u00ab\u00a0Beaut\u00e9 engag\u00e9e\u00a0\u00bb, dont 6 repr\u00e9sentantes par r\u00e9gion. Le Nguyen Bao Ngoc, la repr\u00e9sentante du Vietnam, a \u00e9t\u00e9 s\u00e9lectionn\u00e9e dans le groupe Asie-Oc\u00e9anie pour son projet Gen Zero, qui vise \u00e0 encourager les jeunes \u00e0 s&rsquo;impliquer dans la lutte contre le changement climatique.<\/p>\n<p style=\"text-align: justify;\"> Selon le format, les candidates dont les projets ont \u00e9t\u00e9 tr\u00e8s bien not\u00e9s continueront \u00e0 concourir pour les places dans le Top 40, le Top 20, le Top 12 et le Top 6 de Miss Monde 2026. <\/p>\n<p><img loading=\"lazy\" decoding=\"async\" style=\"cursor:pointer\" id=\"3616465\" alt=\"kim4072.jpg\" data-width=\"6129\" data-height=\"4086\" data-image-id=\"3616465\" class=\"lazyload cms-photo\" data-large-src=\"https:\/\/cdn.anninhthudo.vn\/images\/T2g4FE7eQTUhPynpp_Mh-J3zpS3wp0-7sl038BvcjHpBNreq6Ti3ItZYb1r9IZK_\/kim4072.jpg.avif\" src=\"https:\/\/cdn.anninhthudo.vn\/images\/-BUrd9_5RsaNlaAwD85vaG1U_YV7MBDv9_1RlExS_D9voq6WCcuSfYIbCvLv_mrB\/kim4072.jpg.avif\" title=\"La pr\u00e9sidente de Miss Monde Vietnam met aux ench\u00e8res des articles du pays h\u00f4te de 2027 (photo 3).\" width=\"830\" height=\"553\"\/><\/p>\n<p style=\"text-align: justify;\"> Le 31 ao\u00fbt \u00e9galement, un programme de bourses d&rsquo;\u00e9tudes destin\u00e9 aux enfants, \u00e9l\u00e8ves et \u00e9tudiants universitaires d\u00e9favoris\u00e9s s&rsquo;est d\u00e9roul\u00e9 au Palais culturel provincial pour enfants <a class=\"data-link\" data-org-href=\"https:\/\/www.vietnam.vn\/fr\/destination\/khanh-hoa\" href=\"https:\/\/www.vietnam.vn\/fr\/destination\/khanh-hoa\" title=\"Khanh Hoa\" target=\"_blank\" rel=\"nofollow noopener\">de Khanh Hoa<\/a> . L&rsquo;\u00e9v\u00e9nement a r\u00e9uni 111 candidates \u00e0 Miss Monde 2026, des responsables locaux, des repr\u00e9sentants de l&rsquo;Organisation Miss Monde et des organisations partenaires. <\/p>\n<p><img loading=\"lazy\" decoding=\"async\" style=\"cursor:pointer\" id=\"3616464\" alt=\"k5-6961.jpg\" data-width=\"8192\" data-height=\"5464\" data-image-id=\"3616464\" class=\"lazyload cms-photo\" data-large-src=\"https:\/\/cdn.anninhthudo.vn\/images\/T2g4FE7eQTUhPynpp_Mh-HBd9-hZBtIZQRSFiGlNLqFBNreq6Ti3ItZYb1r9IZK_\/k5-6961.jpg.avif\" src=\"https:\/\/cdn.anninhthudo.vn\/images\/-BUrd9_5RsaNlaAwD85vaFg0MtqHx8-wwmymKbL9fy5voq6WCcuSfYIbCvLv_mrB\/k5-6961.jpg.avif\" title=\"La pr\u00e9sidente de Miss Monde Vietnam met aux ench\u00e8res des articles du pays h\u00f4te de 2027 (photo 4).\" width=\"830\" height=\"553\"\/><\/p>\n<p style=\"text-align: justify;\"> La province de Khanh Hoa \u00e9tait repr\u00e9sent\u00e9e par Mme Thai Thi Le Hang, membre du Comit\u00e9 provincial du Parti et directrice du D\u00e9partement de la culture, <a class=\"data-link\" data-org-href=\"https:\/\/www.vietnam.vn\/fr\/category\/the-thao\" href=\"https:\/\/www.vietnam.vn\/fr\/category\/the-thao\" title=\"Sport\" target=\"_blank\" rel=\"nofollow noopener\">des sports<\/a> et du tourisme ; et M. Huynh Huu Phuc, membre du Comit\u00e9 provincial du Parti, vice-pr\u00e9sident du Comit\u00e9 du Front de la patrie du Vietnam de la province de Khanh Hoa et secr\u00e9taire de l&rsquo;Union de la jeunesse de la province de Khanh Hoa.<\/p>\n<p style=\"text-align: justify;\"> L&rsquo;organisation Miss Monde et le comit\u00e9 d&rsquo;organisation au Vietnam \u00e9taient repr\u00e9sent\u00e9s par Mme Julia Morley CBE, pr\u00e9sidente et directrice g\u00e9n\u00e9rale de l&rsquo;organisation Miss Monde ; Mme Pham Kim Dung, pr\u00e9sidente de Miss Monde Vietnam ; Miss Monde 2021 Karolina Bielawska ; \u200b\u200bMiss Monde en titre Opal Suchata Chuangsri ; Mister <a class=\"data-link\" data-org-href=\"https:\/\/www.vietnam.vn\/fr\/category\/the-gioi\" href=\"https:\/\/www.vietnam.vn\/fr\/category\/the-gioi\" title=\"Monde\" target=\"_blank\" rel=\"nofollow noopener\">Monde<\/a> en titre Daniel Mej\u00eda Romero ; et Pham Tuan Ngoc, directeur des op\u00e9rations de Miss Monde au Vietnam et ambassadeur de Miss Monde au Vietnam. <\/p>\n<p><img loading=\"lazy\" decoding=\"async\" style=\"cursor:pointer\" id=\"3616466\" alt=\"kim4320.jpg\" data-width=\"3071\" data-height=\"4607\" data-image-id=\"3616466\" class=\"lazyload cms-photo\" data-large-src=\"https:\/\/cdn.anninhthudo.vn\/images\/T2g4FE7eQTUhPynpp_Mh-NJLH8ACO2n89Itt28Te3pNBNreq6Ti3ItZYb1r9IZK_\/kim4320.jpg.avif\" src=\"https:\/\/cdn.anninhthudo.vn\/images\/-BUrd9_5RsaNlaAwD85vaMRB2ErgvN5jLqI9LZ2o4eZvoq6WCcuSfYIbCvLv_mrB\/kim4320.jpg.avif\" title=\"La pr\u00e9sidente de Miss Monde Vietnam met aux ench\u00e8res des articles du pays h\u00f4te de 2027 (photo 5).\" width=\"830\" height=\"1245\"\/><\/p>\n<p style=\"text-align: justify;\"> Lors de cet \u00e9v\u00e9nement, le comit\u00e9 d&rsquo;organisation de Miss Monde, Omoda &amp; Jaecoo Vietnam et leurs partenaires ont fait don d&rsquo;un total de 200 millions de VND en esp\u00e8ces et de nombreux cadeaux \u00e0 200 enfants, \u00e9l\u00e8ves et \u00e9tudiants universitaires d\u00e9favoris\u00e9s de Khanh Hoa.<\/p>\n<p style=\"text-align: justify;\"> La Miss Monde en titre, Opal Suchata Chuangsri, a remis personnellement des cadeaux et a pass\u00e9 du temps avec les enfants. Miss Monde 2021, Karolina Bielawska, et Mister Monde, Daniel Mej\u00eda Romero, ont \u00e9galement particip\u00e9 \u00e0 l&rsquo;\u00e9v\u00e9nement.<\/p>\n<p style=\"text-align: justify;\"> Cet \u00e9v\u00e9nement illustre parfaitement l&rsquo;esprit de \u00ab\u00a0La beaut\u00e9 au service d&rsquo;une cause\u00a0\u00bb, valeur fondamentale de Miss Monde. Au lieu de se contenter de d\u00e9filer sur sc\u00e8ne, les candidates participent activement \u00e0 des actions communautaires, traduisant ainsi leur message de compassion en un soutien concret aux enfants, aux \u00e9l\u00e8ves et aux \u00e9tudiants de leur r\u00e9gion.<\/p>\n<p style=\"text-align: justify;\"> Apr\u00e8s l&rsquo;\u00e9v\u00e9nement caritatif et le gala Beauty With a Purpose, les 111 candidates ont continu\u00e9 \u00e0 s&rsquo;entra\u00eener pour Dances of the World le 2 septembre et la finale de Miss World 2026 le 5 septembre sur la place du 2 avril \u00e0 <a class=\"data-link\" data-org-href=\"https:\/\/www.vietnam.vn\/fr\/category\/nha-trang\" href=\"https:\/\/www.vietnam.vn\/fr\/category\/nha-trang\" title=\"Nha Trang\" target=\"_blank\" rel=\"nofollow noopener\">Nha Trang<\/a> .<\/p>\n<p style=\"text-align: justify;\"> La finale du 5 septembre conclura le parcours de 111 candidates \u00e0 travers diverses comp\u00e9titions et activit\u00e9s au Vietnam. Avant ces deux soir\u00e9es de spectacles cruciales, les jeunes femmes peaufinent leurs chor\u00e9graphies, r\u00e9p\u00e8tent leurs formations et se familiarisent avec la sc\u00e8ne ext\u00e9rieure de Nha Trang. <\/p>\n<p class=\"mb-0\"> Source : https:\/\/anninhthudo.vn\/chu-tich-miss-world-vietnam-dau-gia-vat-pham-tu-quoc-gia-chu-nha-nam-2027-post665474.antd<\/p>\n","protected":false},"excerpt":{"rendered":"Le clou de la vente aux ench\u00e8res \u00e9tait le collier de la repr\u00e9sentante tanzanienne Latricia Ian Sawe, orn\u00e9&hellip;\n","protected":false},"author":2,"featured_media":196940,"comment_status":"","ping_status":"","sticky":false,"template":"","format":"standard","meta":{"footnotes":"","_share_on_mastodon":"0"},"categories":[185],"tags":[304],"class_list":["post-196939","post","type-post","status-publish","format-standard","has-post-thumbnail","category-tanzanie","tag-tanzanie"],"share_on_mastodon":{"url":"https:\/\/pubeurope.com\/@afrique\/117194856210509724","error":""},"_links":{"self":[{"href":"https:\/\/www.europesays.com\/afrique\/wp-json\/wp\/v2\/posts\/196939","targetHints":{"allow":["GET"]}}],"collection":[{"href":"https:\/\/www.europesays.com\/afrique\/wp-json\/wp\/v2\/posts"}],"about":[{"href":"https:\/\/www.europesays.com\/afrique\/wp-json\/wp\/v2\/types\/post"}],"author":[{"embeddable":true,"href":"https:\/\/www.europesays.com\/afrique\/wp-json\/wp\/v2\/users\/2"}],"replies":[{"embeddable":true,"href":"https:\/\/www.europesays.com\/afrique\/wp-json\/wp\/v2\/comments?post=196939"}],"version-history":[{"count":0,"href":"https:\/\/www.europesays.com\/afrique\/wp-json\/wp\/v2\/posts\/196939\/revisions"}],"wp:featuredmedia":[{"embeddable":true,"href":"https:\/\/www.europesays.com\/afrique\/wp-json\/wp\/v2\/media\/196940"}],"wp:attachment":[{"href":"https:\/\/www.europesays.com\/afrique\/wp-json\/wp\/v2\/media?parent=196939"}],"wp:term":[{"taxonomy":"category","embeddable":true,"href":"https:\/\/www.europesays.com\/afrique\/wp-json\/wp\/v2\/categories?post=196939"},{"taxonomy":"post_tag","embeddable":true,"href":"https:\/\/www.europesays.com\/afrique\/wp-json\/wp\/v2\/tags?post=196939"}],"curies":[{"name":"wp","href":"https:\/\/api.w.org\/{rel}","templated":true}]}}