{"id":196974,"date":"2026-09-01T09:17:21","date_gmt":"2026-09-01T09:17:21","guid":{"rendered":"https:\/\/www.europesays.com\/afrique\/196974\/"},"modified":"2026-09-01T09:17:21","modified_gmt":"2026-09-01T09:17:21","slug":"denise-dusauchoy-arretee-en-tanzanie-le-gouvernement-salue-la-cooperation-des-autorites-tanzaniennes-et-rappelle-quelle-beneficie-de-la-presomption-dinnocence","status":"publish","type":"post","link":"https:\/\/www.europesays.com\/afrique\/196974\/","title":{"rendered":"Denise Dusauchoy arr\u00eat\u00e9e en Tanzanie : le gouvernement salue la coop\u00e9ration des autorit\u00e9s tanzaniennes et rappelle qu\u2019elle b\u00e9n\u00e9ficie de la pr\u00e9somption d\u2019innocence"},"content":{"rendered":"<p class=\"text-align-justify\">Madame Denise Mukendi Dusauchoy a \u00e9t\u00e9 arr\u00eat\u00e9e dimanche 30 ao\u00fbt 2026 en R\u00e9publique-Unie de Tanzanie par les autorit\u00e9s tanzaniennes \u00e0 la suite d\u2019un mandat d\u2019arr\u00eat d\u00e9livr\u00e9 par les autorit\u00e9s judiciaires de la R\u00e9publique d\u00e9mocratique du Congo (RDC). L\u2019annonce a \u00e9t\u00e9 faite par le minist\u00e8re d\u2019\u00c9tat, minist\u00e8re de la Justice et Garde des Sceaux, qui pr\u00e9cise que cette arrestation intervient dans le cadre des m\u00e9canismes de coop\u00e9ration judiciaire internationale.<\/p>\n<p class=\"text-align-justify\">Selon le communiqu\u00e9 dudit minist\u00e8re, partag\u00e9 avec la presse par sa cellule de communication dans la nuit du lundi 31 ao\u00fbt au mardi 1er septembre 2026, cette mesure fait suite \u00e0 des d\u00e9marches engag\u00e9es par les autorit\u00e9s judiciaires congolaises dans le cadre de plusieurs dossiers p\u00e9naux actuellement en instruction.<\/p>\n<p class=\"text-align-justify\">\u00ab Le minist\u00e8re d\u2019\u00c9tat, minist\u00e8re de la Justice et Garde des Sceaux informe l\u2019opinion publique que Mme Denise Dusauchoy a \u00e9t\u00e9 arr\u00eat\u00e9e le 30 ao\u00fbt 2026 en R\u00e9publique-Unie de Tanzanie par les autorit\u00e9s comp\u00e9tentes tanzaniennes, en ex\u00e9cution d\u2019un mandat d\u2019arr\u00eat d\u00e9livr\u00e9 par les autorit\u00e9s judiciaires de la R\u00e9publique d\u00e9mocratique du Congo, dans le cadre des m\u00e9canismes de coop\u00e9ration judiciaire internationale. Cette arrestation fait suite aux d\u00e9marches judiciaires engag\u00e9es par les autorit\u00e9s comp\u00e9tentes de la R\u00e9publique d\u00e9mocratique du Congo dans le cadre de dossiers p\u00e9naux en cours d\u2019instruction \u00bb, lit-on dans le document.<\/p>\n<p class=\"text-align-justify\">Le minist\u00e8re revient \u00e9galement sur les d\u00e9marches judiciaires entreprises au cours de l\u2019ann\u00e9e 2025. Il affirme qu\u2019en octobre et novembre de cette m\u00eame ann\u00e9e, le procureur g\u00e9n\u00e9ral pr\u00e8s la Cour de cassation avait adress\u00e9 aux autorit\u00e9s judiciaires belges trois commissions rogatoires internationales. Ces demandes concernaient, selon le communiqu\u00e9, des dossiers p\u00e9naux ouverts au Parquet de grande instance de Kinshasa\/Gombe, impliquant Mme Denise Dusauchoy ainsi que d\u2019autres personnes.<\/p>\n<p class=\"text-align-justify\">\u00ab Des mandats d\u2019arr\u00eat internationaux avaient \u00e9galement \u00e9t\u00e9 \u00e9mis dans le cadre de ces proc\u00e9dures \u00bb, pr\u00e9cise le minist\u00e8re de la Justice et Garde des Sceaux.<\/p>\n<p class=\"text-align-justify\">Le minist\u00e8re de la Justice a par ailleurs salu\u00e9 la collaboration des autorit\u00e9s tanzaniennes dans l\u2019ex\u00e9cution de cette mesure judiciaire.<\/p>\n<p class=\"text-align-justify\">\u00ab Le minist\u00e8re d\u2019\u00c9tat, minist\u00e8re de la Justice et Garde des Sceaux salue la qualit\u00e9 et l\u2019efficacit\u00e9 de la coop\u00e9ration entre les autorit\u00e9s comp\u00e9tentes de la R\u00e9publique d\u00e9mocratique du Congo et celles de la R\u00e9publique-Unie de Tanzanie \u00bb, souligne le communiqu\u00e9.<\/p>\n<p class=\"text-align-justify\">Kinshasa a \u00e9galement exprim\u00e9 sa reconnaissance aux autorit\u00e9s tanzaniennes pour leur \u00ab collaboration diligente \u00bb et r\u00e9affirm\u00e9 sa volont\u00e9 de renforcer la coop\u00e9ration judiciaire internationale, notamment dans la lutte contre l\u2019impunit\u00e9 et en faveur de l\u2019effectivit\u00e9 de la justice. Le minist\u00e8re insiste toutefois sur un point essentiel : l\u2019arrestation ne constitue pas une d\u00e9claration de culpabilit\u00e9.<\/p>\n<p class=\"text-align-justify\">\u00ab L\u2019arrestation de Mme Denise Dusauchoy constitue un acte de proc\u00e9dure judiciaire et ne pr\u00e9juge en rien de sa culpabilit\u00e9. L\u2019int\u00e9ress\u00e9e demeure b\u00e9n\u00e9ficiaire de la pr\u00e9somption d\u2019innocence jusqu\u2019\u00e0 l\u2019intervention d\u2019une d\u00e9cision judiciaire d\u00e9finitive \u00bb, pr\u00e9cise le minist\u00e8re de la Justice et garde des Sceaux.<\/p>\n<p class=\"text-align-justify\">Bien avant cette nouvelle arrestation en Tanzanie, le tribunal de paix de Kinshasa-Ngaliema avait condamn\u00e9, lundi 16 d\u00e9cembre 2024, l\u2019influenceuse Denise Mukendi Dusauchoy \u00e0 trois ans de prison pour faux bruits, faux en \u00e9criture et injures publiques \u00e0 l\u2019\u00e9gard de l\u2019opposant politique Jacky Ndala et des services de renseignement congolais. Pr\u00e8s d\u2019une ann\u00e9e plus tard, en mars 2025, l\u2019ancien candidat \u00e0 la pr\u00e9sidence Seth Kikuni, l\u2019ancien d\u00e9put\u00e9 provincial Mike Mukebayi et l\u2019influenceuse Denise Mukendi ont \u00e9t\u00e9 lib\u00e9r\u00e9s de la prison centrale de Makala, \u00e0 Kinshasa. Cette lib\u00e9ration conditionnelle avait \u00e9t\u00e9 ordonn\u00e9e par le ministre d\u2019\u00c9tat, ministre de la Justice et Garde des Sceaux, Constant Mutamba.<\/p>\n<p class=\"text-align-justify\">Depuis sa lib\u00e9ration et son voyage \u00e0 l\u2019ext\u00e9rieur du pays, Denise Mukendi Dusauchoy s\u2019\u00e9tait montr\u00e9e tr\u00e8s critique envers les dirigeants congolais avec \u00e0 leur t\u00eate le pr\u00e9sident F\u00e9lix Tshisekedi, ainsi qu\u2019envers son \u00e9pouse. Elle s\u2019\u00e9tait notamment illustr\u00e9e sur les r\u00e9seaux sociaux par des propos virulents, des injures et des attaques visant plusieurs responsables politiques de l\u2019administration Tshisekedi.<\/p>\n<p class=\"text-align-justify\">Cette nouvelle arrestation intervient \u00e9galement dans un contexte o\u00f9 le gouvernement congolais entend renforcer l\u2019encadrement du secteur num\u00e9rique et promouvoir une utilisation plus responsable des r\u00e9seaux sociaux.<\/p>\n<p class=\"text-align-justify\">Cl\u00e9ment MUAMBA<\/p>\n<p>\u00a0<\/p>\n","protected":false},"excerpt":{"rendered":"Madame Denise Mukendi Dusauchoy a \u00e9t\u00e9 arr\u00eat\u00e9e dimanche 30 ao\u00fbt 2026 en R\u00e9publique-Unie de Tanzanie par les autorit\u00e9s&hellip;\n","protected":false},"author":2,"featured_media":196975,"comment_status":"","ping_status":"","sticky":false,"template":"","format":"standard","meta":{"footnotes":"","_share_on_mastodon":"0"},"categories":[185],"tags":[304],"class_list":["post-196974","post","type-post","status-publish","format-standard","has-post-thumbnail","category-tanzanie","tag-tanzanie"],"share_on_mastodon":{"url":"https:\/\/pubeurope.com\/@afrique\/117195036599912741","error":""},"_links":{"self":[{"href":"https:\/\/www.europesays.com\/afrique\/wp-json\/wp\/v2\/posts\/196974","targetHints":{"allow":["GET"]}}],"collection":[{"href":"https:\/\/www.europesays.com\/afrique\/wp-json\/wp\/v2\/posts"}],"about":[{"href":"https:\/\/www.europesays.com\/afrique\/wp-json\/wp\/v2\/types\/post"}],"author":[{"embeddable":true,"href":"https:\/\/www.europesays.com\/afrique\/wp-json\/wp\/v2\/users\/2"}],"replies":[{"embeddable":true,"href":"https:\/\/www.europesays.com\/afrique\/wp-json\/wp\/v2\/comments?post=196974"}],"version-history":[{"count":0,"href":"https:\/\/www.europesays.com\/afrique\/wp-json\/wp\/v2\/posts\/196974\/revisions"}],"wp:featuredmedia":[{"embeddable":true,"href":"https:\/\/www.europesays.com\/afrique\/wp-json\/wp\/v2\/media\/196975"}],"wp:attachment":[{"href":"https:\/\/www.europesays.com\/afrique\/wp-json\/wp\/v2\/media?parent=196974"}],"wp:term":[{"taxonomy":"category","embeddable":true,"href":"https:\/\/www.europesays.com\/afrique\/wp-json\/wp\/v2\/categories?post=196974"},{"taxonomy":"post_tag","embeddable":true,"href":"https:\/\/www.europesays.com\/afrique\/wp-json\/wp\/v2\/tags?post=196974"}],"curies":[{"name":"wp","href":"https:\/\/api.w.org\/{rel}","templated":true}]}}