{"id":197002,"date":"2026-09-01T10:15:17","date_gmt":"2026-09-01T10:15:17","guid":{"rendered":"https:\/\/www.europesays.com\/afrique\/197002\/"},"modified":"2026-09-01T10:15:17","modified_gmt":"2026-09-01T10:15:17","slug":"le-collier-de-la-reine-nazli-degypte-derobe-dans-un-musee-de-vienne","status":"publish","type":"post","link":"https:\/\/www.europesays.com\/afrique\/197002\/","title":{"rendered":"Le collier de la reine Nazli d\u2019\u00c9gypte d\u00e9rob\u00e9 dans un mus\u00e9e de Vienne"},"content":{"rendered":"<p class=\"editor-content__paragraph\">673\u00a0diamants mont\u00e9s sur platine pour plus de 200\u00a0carats. Sa valeur\u00a0? Plusieurs millions d\u2019euros, entre trois et quatre selon les estimations en 2015\u00a0de la maison de ventes aux ench\u00e8res Sotheby\u2019s.<\/p>\n<p class=\"editor-content__paragraph\">Catalogu\u00e9 par la maison Van Cleef &amp; Arpels sous le nom de \u00ab\u00a0Collerette, 1939\u00a0\u00bb, ce mirifique collier plastron est une pi\u00e8ce iconique du triomphe de ce qu\u2019on appelle la \u00ab\u00a0joaillerie blanche\u00a0\u00bb (diamants et platine) \u00e0 l\u2019extr\u00eame fin des ann\u00e9es 1930.<\/p>\n<p class=\"editor-content__paragraph\">La police autrichienne a diffus\u00e9 les images de vid\u00e9osurveillance des deux suspects, qui ont op\u00e9r\u00e9 \u00e0 visage d\u00e9couvert ce jeudi 27\u00a0ao\u00fbt, au mus\u00e9e des Arts appliqu\u00e9s (MAK) de Vienne en plein apr\u00e8s-midi, entr\u00e9s en simples visiteurs munis de billets. L\u2019un s\u2019est charg\u00e9 de briser la vitrine blind\u00e9e en la fracassant de 41\u00a0coups de marteau, l\u2019autre \u00e9tait arm\u00e9 d\u2019un pistolet, non factice selon les premi\u00e8res constatations de la police. L\u2019effraction a dur\u00e9 moins de quatre minutes avant leur fuite \u00e0 pied, dans le calme, o\u00f9 leur trace se perd dans le Stadtpark voisin.<\/p>\n<p>    <img loading=\"lazy\" decoding=\"async\" class=\"image__img\" src=\"https:\/\/www.europesays.com\/afrique\/wp-content\/uploads\/2026\/09\/websuspect-bbc-964x543.jpg\" alt=\"La police de Vienne a diffus\u00e9 des images de vid\u00e9osurveillance des suspects\" width=\"964\" height=\"543\"\/><\/p>\n<p>La police de Vienne a diffus\u00e9 des images de vid\u00e9osurveillance des suspects, ao\u00fbt 2026<\/p>\n<\/p>\n<p>Une perte colossale<\/p>\n<p class=\"editor-content__paragraph\">Cette pi\u00e8ce ma\u00eetresse du joaillier de la place Vend\u00f4me faisait partie des quelque 500\u00a0pi\u00e8ces (dont 300\u00a0bijoux Van Cleef &amp; Arpels) r\u00e9unies au MAK depuis le 10\u00a0juin dernier pour une exposition faisant dialoguer les tr\u00e9sors de la maison fond\u00e9e en 1906\u00a0et ceux du mus\u00e9e des arts appliqu\u00e9s viennois. L\u2019exposition \u00ab\u00a0Glanzst\u00fccke\u00a0\u00bb, organis\u00e9e jusqu\u2019au 27\u00a0septembre, reste ouverte\u00a0; la vitrine vandalis\u00e9e ayant \u00e9t\u00e9 opacifi\u00e9e.<\/p>\n<p>    <img loading=\"lazy\" decoding=\"async\" class=\"image__img\" src=\"https:\/\/www.europesays.com\/afrique\/wp-content\/uploads\/2026\/09\/web03_mak_auenansicht-964x515.jpg\" alt=\"Le mus\u00e9e des arts appliqu\u00e9s de Vienne\" width=\"964\" height=\"515\"\/><\/p>\n<p>Le mus\u00e9e des arts appliqu\u00e9s de Vienne<\/p>\n<p>    i<\/p>\n<p class=\"editor-content__paragraph\">La perte patrimoniale est importante. \u00ab\u00a0Il s\u2019agit d\u2019une pi\u00e8ce embl\u00e9matique de l\u2019Art d\u00e9co, de provenance royale et sign\u00e9e de surcro\u00eet\u00a0\u00bb, souligne Capucine Juncker, gemmologue et experte en diamants anciens aupr\u00e8s de l\u2019Union fran\u00e7aise des experts en objets d\u2019art (UFE). Jouant de contrastes de tailles, ce collier met en avant trois rangs de diamants taille brillant, soulign\u00e9s d\u2019un rang articul\u00e9 de baguettes, encadrant un motif semi-circulaire o\u00f9 des rubans pav\u00e9s s\u2019enroulent autour d\u2019un diamant central en serti clos.<\/p>\n<p class=\"editor-content__paragraph\">\u00ab\u00a0Sa valeur est tr\u00e8s certainement sup\u00e9rieure aujourd\u2019hui \u00e0 celle atteinte lors de sa derni\u00e8re vente, alerte l\u2019experte. D\u00e9mont\u00e9, ce collier plastron perdrait certes son c\u00f4t\u00e9 historique et son design, t\u00e9moignage du savoir-faire des joailliers du si\u00e8cle dernier, mais les diamants, eux, trouveraient ais\u00e9ment leur place sur le march\u00e9 international des diamants de prestige. Ce n\u2019\u00e9tait pas le cas, par exemple, pour les pierreries des bijoux d\u00e9rob\u00e9s au Louvre, ajoute l\u2019autrice de Diamants de Golconde (\u00e9d. Skira, 2024). Ici, la valeur de march\u00e9 supplante la valeur historique.\u00a0\u00bb<\/p>\n<p>Un symbole du faste puis de la chute de la monarchie \u00e9gyptienne<\/p>\n<p class=\"editor-content__paragraph\">Van Cleef &amp; Arpels a con\u00e7u ce collier en 1939 pour la reine m\u00e8re Nazli d\u2019\u00c9gypte, \u00e0 l\u2019occasion du mariage de sa fille, la princesse Faouzia, avec le prince h\u00e9ritier d\u2019Iran Mohammad Reza Pahlavi, futur chah. Inspir\u00e9 des plastrons pectoraux de l\u2019\u00c9gypte antique, ce bijou compl\u00e9tait un diad\u00e8me aux m\u00eames motifs en rubans, d\u2019une l\u00e9g\u00e8ret\u00e9 record d\u2019\u00e0 peine 400\u00a0grammes, une prouesse.<\/p>\n<p>    <img loading=\"lazy\" decoding=\"async\" class=\"image__img\" src=\"https:\/\/www.europesays.com\/afrique\/wp-content\/uploads\/2026\/09\/webreine-nazli-avec-le-collier-bal_2924880-964x752.jpg\" alt=\"La reine Nazli d\u2019Egypte portant un collier Van Cleef &amp; Arpels, pour le mariage de sa fille la princesse Fawzia, au Caire\" width=\"964\" height=\"752\"\/><\/p>\n<p>La reine Nazli d\u2019Egypte portant un collier Van Cleef &amp; Arpels, pour le mariage de sa fille la princesse Fawzia, au Caire, 30\u00a0mars 1939<\/p>\n<p>    i<\/p>\n<p class=\"legende__cartel\">\u00a9 CSU Archives\/Everett Collection \/ Bridgeman Images<\/p>\n<p class=\"editor-content__paragraph\">Le conte de f\u00e9es s\u2019est mu\u00e9 en mal\u00e9diction. La monarchie \u00e9gyptienne est renvers\u00e9e, Faouzia divorce, la reine m\u00e8re Nazli s\u2019est exil\u00e9e \u00e0 Beverly Hills. Ruin\u00e9e, l\u2019ancienne souveraine se r\u00e9sout, \u00e0 80\u00a0ans, \u00e0 vendre ses bijoux dont le fameux collier qui part chez Sotheby\u2019s en 1975 pour 140\u00a0000\u00a0dollars. Disparu 40\u00a0ans durant, avant de resurgir aux ench\u00e8res new-yorkaises en 2015, il est rachet\u00e9 pour 4,3\u00a0millions de dollars (soit l\u2019\u00e9quivalent de 3,7\u00a0millions d\u2019euros) par Van Cleef &amp; Arpels qui le conserve dans sa collection.<\/p>\n<p>Un projet de vol \u00e0 l\u2019explosif arr\u00eat\u00e9 in extremis en 2021<\/p>\n<p class=\"editor-content__paragraph\">Le joaillier l\u2019expose pour la premi\u00e8re fois en 2021\u00a0au Mus\u00e9um national d\u2019Histoire naturelle, \u00e0 Paris, dans l\u2019exposition \u00ab\u00a0Pierres pr\u00e9cieuses\u00a0\u00bb, o\u00f9 il avait d\u00e9j\u00e0 aiguis\u00e9 des convoitises\u2026 En particulier celle d\u2019un braqueur r\u00e9cidiviste de 30\u00a0ans alors, Yanis M., et de quatre complices pr\u00e9sum\u00e9s qui projetaient de faire sauter une porte du Mus\u00e9um au TATP \u2013 le triperoxyde de triac\u00e9tone, le m\u00eame explosif que celui utilis\u00e9 dans les ceintures des terroristes du 13\u00a0novembre 2015.<\/p>\n<p class=\"editor-content__paragraph\">Le groupe avait test\u00e9 sa formule en for\u00eat de Seine-et-Marne et sur un chantier en Seine-Saint-Denis, avant d\u2019\u00eatre interpell\u00e9 le 12\u00a0juillet 2021. Yanis M. s\u2019\u00e9tait cach\u00e9 dans une armoire chez un voisin. Condamn\u00e9 \u00e0 huit ans de prison par d\u00e9faut en 2022, le malfaiteur a \u00e9t\u00e9 repris en fuite en mai 2023 \u00e0 Annemasse, alors qu\u2019il s\u2019appr\u00eatait \u00e0 passer en Suisse pour attaquer un bureau de change.<\/p>\n<p>De nombreux mus\u00e9es cambriol\u00e9s ces derniers mois en Europe<\/p>\n<p class=\"editor-content__paragraph\">Le vol de Vienne s\u2019inscrit dans une vague visant des bijoux et pi\u00e8ces d\u2019orf\u00e8vrerie qui ne cesse d\u2019enfler. Il intervient quelques mois seulement apr\u00e8s le <a href=\"https:\/\/www.beauxarts.com\/grand-format\/braquage-au-louvre-quelles-pieces-ont-ete-volees-quelle-probabilite-de-retrouver-les-bijoux-y-a-t-il-un-probleme-de-securite-beaux-arts-fait-le-point\/\" target=\"_blank\" rel=\"noopener nofollow\">cambriolage retentissant des bijoux de la Couronne au Louvre<\/a>, mais aussi le <a href=\"https:\/\/www.beauxarts.com\/grand-format\/cambriolage-au-musee-lalique-des-bijoux-en-cristal-derobes-pour-plusieurs-millions-deuros\/\" target=\"_blank\" rel=\"noopener nofollow\">vol de 27\u00a0bijoux sign\u00e9s Ren\u00e9 Lalique au mus\u00e9e Lalique<\/a> de Wingen-sur-Moder en Alsace, le 5\u00a0juillet dernier, celui du <a href=\"https:\/\/www.beauxarts.com\/grand-format\/le-celebre-torque-en-or-du-tresor-de-vix-vole-au-musee-du-pays-chatillonnais-un-plan-national-de-securisation-des-musees-annonce\/\" target=\"_blank\" rel=\"noopener nofollow\">torque celte en or pur du tr\u00e9sor de Vix<\/a>, le 24\u00a0juillet \u00e0 Ch\u00e2tillon-sur-Seine (C\u00f4te-d\u2019Or), et le pillage de bijoux pr\u00e9cieux au mus\u00e9e du pr\u00e9sident Jacques Chirac \u00e0 Sarran, en Corr\u00e8ze, en ao\u00fbt dernier.<\/p>\n<p class=\"editor-content__paragraph\">Sans compter que le casse de Vienne s\u2019est produit en m\u00eame temps que le vol, \u00e0 des milliers de kilom\u00e8tres, du <a href=\"https:\/\/www.beauxarts.com\/grand-format\/le-tresor-en-or-de-villena-precieux-temoin-de-lage-du-bronze-derobe-en-espagne-en-quatre-minutes\/\" target=\"_blank\" rel=\"noopener nofollow\">tr\u00e9sor de Villena<\/a>, l\u2019un des plus pr\u00e9cieux ensembles d\u2019orf\u00e8vrerie de l\u2019\u00e2ge du bronze en Europe, quasi int\u00e9gralement d\u00e9rob\u00e9 dans un mus\u00e9e du sud-est de l\u2019Espagne. De quoi confirmer l\u2019alerte lanc\u00e9e fin ao\u00fbt <a href=\"https:\/\/www.europol.europa.eu\/publications-events\/publications\/changing-tactics-changing-targets-evolving-nature-of-museum-heists\" target=\"_blank\" rel=\"noopener nofollow\">par Europol<\/a> sur la mont\u00e9e des m\u00e9thodes violentes visant les collections europ\u00e9ennes.<\/p>\n<p>        \u00c0 lire aussi :<br \/>\n        <a class=\"renvoi-explicite__link\" href=\"https:\/\/www.beauxarts.com\/grand-format\/le-tresor-en-or-de-villena-precieux-temoin-de-lage-du-bronze-derobe-en-espagne-en-quatre-minutes\/\" rel=\"nofollow noopener\" target=\"_blank\">Le tr\u00e9sor en or de Villena, pr\u00e9cieux t\u00e9moin de l&rsquo;\u00e2ge du bronze, d\u00e9rob\u00e9 en Espagne en quatre minutes<\/a><\/p>\n<p>  Arrow<\/p>\n<p>Glanzst\u00fccke : Van Cleef &amp; Arpels High Jewelry \u00d7 Masterpieces from the MAK Collection<\/p>\n<p>Du 10 juin 2026 au 27 septembre 2026<\/p>\n<p class=\"annexe-content__infos\">MAK \u2022 2 Stubenring \u2022 1010 Wien<br \/><a href=\"http:\/\/www.mak.at\" rel=\"nofollow noopener\" target=\"_blank\">www.mak.at<\/a><\/p>\n","protected":false},"excerpt":{"rendered":"673\u00a0diamants mont\u00e9s sur platine pour plus de 200\u00a0carats. Sa valeur\u00a0? Plusieurs millions d\u2019euros, entre trois et quatre selon&hellip;\n","protected":false},"author":2,"featured_media":197003,"comment_status":"","ping_status":"","sticky":false,"template":"","format":"standard","meta":{"footnotes":"","_share_on_mastodon":"0"},"categories":[122],"tags":[1450,139,7822,49445,76,4028],"class_list":["post-197002","post","type-post","status-publish","format-standard","has-post-thumbnail","category-egypte","tag-autriche","tag-egypte","tag-joaillerie","tag-mak","tag-patrimoine","tag-vol"],"share_on_mastodon":{"url":"https:\/\/pubeurope.com\/@afrique\/117195265061734601","error":""},"_links":{"self":[{"href":"https:\/\/www.europesays.com\/afrique\/wp-json\/wp\/v2\/posts\/197002","targetHints":{"allow":["GET"]}}],"collection":[{"href":"https:\/\/www.europesays.com\/afrique\/wp-json\/wp\/v2\/posts"}],"about":[{"href":"https:\/\/www.europesays.com\/afrique\/wp-json\/wp\/v2\/types\/post"}],"author":[{"embeddable":true,"href":"https:\/\/www.europesays.com\/afrique\/wp-json\/wp\/v2\/users\/2"}],"replies":[{"embeddable":true,"href":"https:\/\/www.europesays.com\/afrique\/wp-json\/wp\/v2\/comments?post=197002"}],"version-history":[{"count":0,"href":"https:\/\/www.europesays.com\/afrique\/wp-json\/wp\/v2\/posts\/197002\/revisions"}],"wp:featuredmedia":[{"embeddable":true,"href":"https:\/\/www.europesays.com\/afrique\/wp-json\/wp\/v2\/media\/197003"}],"wp:attachment":[{"href":"https:\/\/www.europesays.com\/afrique\/wp-json\/wp\/v2\/media?parent=197002"}],"wp:term":[{"taxonomy":"category","embeddable":true,"href":"https:\/\/www.europesays.com\/afrique\/wp-json\/wp\/v2\/categories?post=197002"},{"taxonomy":"post_tag","embeddable":true,"href":"https:\/\/www.europesays.com\/afrique\/wp-json\/wp\/v2\/tags?post=197002"}],"curies":[{"name":"wp","href":"https:\/\/api.w.org\/{rel}","templated":true}]}}