{"id":197015,"date":"2026-09-01T10:29:15","date_gmt":"2026-09-01T10:29:15","guid":{"rendered":"https:\/\/www.europesays.com\/afrique\/197015\/"},"modified":"2026-09-01T10:29:15","modified_gmt":"2026-09-01T10:29:15","slug":"justice-denise-dusauchoy-interpellee-en-tanzanie-sur-mandat-darret-de-la-rdc","status":"publish","type":"post","link":"https:\/\/www.europesays.com\/afrique\/197015\/","title":{"rendered":"Justice : Denise Dusauchoy interpell\u00e9e en Tanzanie sur mandat d&rsquo;arr\u00eat de la RDC"},"content":{"rendered":"<p>Le minist\u00e8re d\u2019\u00c9tat, minist\u00e8re de la Justice et Garde des Sceaux annonce l\u2019arrestation de Denise Dusauchoy. Elle a \u00e9t\u00e9 interpell\u00e9e le 30 ao\u00fbt 2026 en R\u00e9publique-Unie de Tanzanie par les autorit\u00e9s locales, en ex\u00e9cution d\u2019un mandat d\u2019arr\u00eat d\u00e9livr\u00e9 par la justice congolaise.<\/p>\n<p>Dans son communiqu\u00e9 du 31 ao\u00fbt 2026, le minist\u00e8re de tutelle pr\u00e9cise que cette interpellation s\u2019inscrit dans le cadre de la coop\u00e9ration judiciaire internationale et concerne des dossiers p\u00e9naux en cours d\u2019instruction \u00e0 Kinshasa.<\/p>\n<p style=\"font-size:11px;padding-top:18px;\">LA SUITE APR\u00c8S LA PUBLICIT\u00c9<\/p>\n<p><\/p>\n<p><a href=\"https:\/\/adserver.cynomedia.com\/www\/delivery\/ck.php?n=a4c6337b&amp;cb=INSERT_RANDOM_NUMBER_HERE\" target=\"_blank\" rel=\"nofollow noopener\"><br \/>\n<img decoding=\"async\" src=\"https:\/\/www.europesays.com\/afrique\/wp-content\/uploads\/2026\/09\/avw.jpeg\" border=\"0\" alt=\"\"\/><\/a><\/p>\n<p><\/p>\n<p>Cette arrestation fait suite \u00e0 une s\u00e9rie de d\u00e9marches judiciaires engag\u00e9es depuis plusieurs mois par Kinshasa.<\/p>\n<p>\u00ab Entre octobre et novembre 2025, le Procureur G\u00e9n\u00e9ral pr\u00e8s la Cour de cassation avait d\u00e9j\u00e0 transmis aux autorit\u00e9s judiciaires belges trois commissions rogatoires internationales \u00bb, souligne la justice congolaise. Ces actes de proc\u00e9dure, poursuit-elle, concernaient des dossiers ouverts au Parquet de Grande Instance de Kinshasa\/Gombe visant Denise Dusauchoy et d\u2019autres personnes. Des mandats d\u2019arr\u00eat internationaux avaient alors \u00e9t\u00e9 \u00e9mis dans le cadre de ces m\u00eames proc\u00e9dures.<\/p>\n<p>En effet, la justice congolaise salue ce qu\u2019elle qualifie de \u00ab qualit\u00e9 et d\u2019efficacit\u00e9 \u00bb de la collaboration entre la RDC et la Tanzanie.<\/p>\n<p>\u00ab Cette op\u00e9ration d\u00e9montre que les m\u00e9canismes d\u2019entraide p\u00e9nale r\u00e9gionale fonctionnent dans le respect des proc\u00e9dures \u00bb, note le Gouvernement congolais.<\/p>\n<p>Ce succ\u00e8s diplomatico-judiciaire intervient alors que la RDC multiplie les demandes d\u2019entraide pour des affaires financi\u00e8res et p\u00e9nales transfrontali\u00e8res. La Tanzanie, pays frontalier et membre de la SADC et de l\u2019EAC comme la RDC, est un partenaire strat\u00e9gique dans l\u2019ex\u00e9cution des mandats internationaux.<\/p>\n<p>Toutefois, le minist\u00e8re note que l\u2019arrestation de Denise Dusauchoy constitue un acte de proc\u00e9dure judiciaire et ne pr\u00e9juge en rien de sa culpabilit\u00e9.<\/p>\n<p>L\u2019int\u00e9ress\u00e9e demeure b\u00e9n\u00e9ficiaire de la pr\u00e9somption d\u2019innocence jusqu\u2019\u00e0 l\u2019intervention d\u2019une d\u00e9cision judiciaire d\u00e9finitive.<\/p>\n<p>Apr\u00e8s son transf\u00e8rement vers Kinshasa, l\u2019int\u00e9ress\u00e9e devra donc \u00eatre entendue par les magistrats instructeurs du parquet de la Gombe pour des faits lui reproch\u00e9s.<\/p>\n","protected":false},"excerpt":{"rendered":"Le minist\u00e8re d\u2019\u00c9tat, minist\u00e8re de la Justice et Garde des Sceaux annonce l\u2019arrestation de Denise Dusauchoy. Elle a&hellip;\n","protected":false},"author":2,"featured_media":197016,"comment_status":"","ping_status":"","sticky":false,"template":"","format":"standard","meta":{"footnotes":"","_share_on_mastodon":"0"},"categories":[185],"tags":[441,304],"class_list":["post-197015","post","type-post","status-publish","format-standard","has-post-thumbnail","category-tanzanie","tag-justice","tag-tanzanie"],"share_on_mastodon":{"url":"https:\/\/pubeurope.com\/@afrique\/117195320258472716","error":""},"_links":{"self":[{"href":"https:\/\/www.europesays.com\/afrique\/wp-json\/wp\/v2\/posts\/197015","targetHints":{"allow":["GET"]}}],"collection":[{"href":"https:\/\/www.europesays.com\/afrique\/wp-json\/wp\/v2\/posts"}],"about":[{"href":"https:\/\/www.europesays.com\/afrique\/wp-json\/wp\/v2\/types\/post"}],"author":[{"embeddable":true,"href":"https:\/\/www.europesays.com\/afrique\/wp-json\/wp\/v2\/users\/2"}],"replies":[{"embeddable":true,"href":"https:\/\/www.europesays.com\/afrique\/wp-json\/wp\/v2\/comments?post=197015"}],"version-history":[{"count":0,"href":"https:\/\/www.europesays.com\/afrique\/wp-json\/wp\/v2\/posts\/197015\/revisions"}],"wp:featuredmedia":[{"embeddable":true,"href":"https:\/\/www.europesays.com\/afrique\/wp-json\/wp\/v2\/media\/197016"}],"wp:attachment":[{"href":"https:\/\/www.europesays.com\/afrique\/wp-json\/wp\/v2\/media?parent=197015"}],"wp:term":[{"taxonomy":"category","embeddable":true,"href":"https:\/\/www.europesays.com\/afrique\/wp-json\/wp\/v2\/categories?post=197015"},{"taxonomy":"post_tag","embeddable":true,"href":"https:\/\/www.europesays.com\/afrique\/wp-json\/wp\/v2\/tags?post=197015"}],"curies":[{"name":"wp","href":"https:\/\/api.w.org\/{rel}","templated":true}]}}