{"id":197126,"date":"2026-09-01T12:48:21","date_gmt":"2026-09-01T12:48:21","guid":{"rendered":"https:\/\/www.europesays.com\/afrique\/197126\/"},"modified":"2026-09-01T12:48:21","modified_gmt":"2026-09-01T12:48:21","slug":"tanzanie-denise-dusauchoy-interpellee-kinshasa-attend-son-rapatriement-mediacongo-net","status":"publish","type":"post","link":"https:\/\/www.europesays.com\/afrique\/197126\/","title":{"rendered":"Tanzanie : Denise Dusauchoy interpell\u00e9e, Kinshasa attend son rapatriement &#8211; mediacongo.net"},"content":{"rendered":"<p>L\u2019influenceuse congolaise Denise Dusauchoy est interpell\u00e9e dimanche 30 ao\u00fbt 2026 en Tanzanie, selon des informations communiqu\u00e9es \u00e0 notre r\u00e9daction. Tr\u00e8s active sur les r\u00e9seaux sociaux, notamment sur TikTok, elle est r\u00e9guli\u00e8rement apparue dans le d\u00e9bat public congolais pour ses prises de position particuli\u00e8rement virulentes \u00e0 l\u2019\u00e9gard des autorit\u00e9s.<\/p>\n<p>Selon les \u00e9l\u00e9ments \u00e0 notre disposition, Denise Dusauchoy se rendait \u00e0 l\u2019ambassade d\u2019Espagne afin d\u2019effectuer des formalit\u00e9s li\u00e9es au renouvellement de son visa lorsqu\u2019elle aurait \u00e9t\u00e9 interpell\u00e9e.<\/p>\n<p>Les circonstances pr\u00e9cises de cette interpellation, ainsi que les \u00e9ventuels motifs judiciaires qui la sous-tendent, restent \u00e0 \u00e9tablir officiellement. Aucun \u00e9l\u00e9ment ind\u00e9pendant permettant, \u00e0 ce stade, de confirmer l\u2019ensemble des informations rapport\u00e9es par la source n\u2019a \u00e9t\u00e9 rendu public.<\/p>\n<p>Un possible rapatriement vers Kinshasa<\/p>\n<p>Une source affirme toutefois que les autorit\u00e9s travailleraient \u00e0 son retour en R\u00e9publique d\u00e9mocratique du Congo. \u00ab Tout est fait pour qu\u2019elle soit rapatri\u00e9e \u00e0 Kinshasa le plus rapidement possible afin d\u2019\u00eatre jug\u00e9e \u00bb, nous indique une source.<\/p>\n<p>Cette derni\u00e8re ajoute : \u00ab Elle va servir d\u2019exemple \u00e0 tous ceux qui insultent \u00bb.<\/p>\n<p>Ces d\u00e9clarations, particuli\u00e8rement lourdes de cons\u00e9quences, interviennent dans un contexte o\u00f9 les propos tenus sur les r\u00e9seaux sociaux font r\u00e9guli\u00e8rement l\u2019objet de controverses en RDC. Elles soul\u00e8vent \u00e9galement la question des limites entre libert\u00e9 d\u2019expression, critique politique et \u00e9ventuelles poursuites judiciaires.<\/p>\n<p>\u00ab 22 autres insulteuses \u00bb dans le viseur<\/p>\n<p>La m\u00eame source \u00e9voque par ailleurs une op\u00e9ration qui pourrait d\u00e9passer le seul cas de Denise Dusauchoy. \u00ab 22 autres insulteuses sont dans le viseur \u00bb, r\u00e9v\u00e8le-t-elle, sans fournir davantage de pr\u00e9cisions sur l\u2019identit\u00e9 des personnes concern\u00e9es ni sur les \u00e9ventuelles proc\u00e9dures qui pourraient les viser.<\/p>\n<p>Tr\u00e8s suivie sur les plateformes num\u00e9riques, Denise Dusauchoy s\u2019est notamment fait remarquer par ses critiques r\u00e9p\u00e9t\u00e9es et ses attaques verbales contre plusieurs responsables politiques congolais. Son activit\u00e9 sur TikTok lui a permis de b\u00e9n\u00e9ficier d\u2019une importante audience, faisant d\u2019elle l\u2019une des figures tr\u00e8s visibles de la sph\u00e8re des influenceurs congolais.<\/p>\n<p>\u00c0 ce stade, l\u2019interpellation en Tanzanie et les modalit\u00e9s d\u2019un \u00e9ventuel rapatriement vers Kinshasa restent donc \u00e0 confirmer par des sources officielles. Une confirmation permettrait notamment d\u2019\u00e9tablir les circonstances exactes de l\u2019interpellation, les faits reproch\u00e9s \u00e0 l\u2019influenceuse et le fondement juridique d\u2019une \u00e9ventuelle proc\u00e9dure judiciaire.<\/p>\n<p>\u00a0<\/p>\n<p>MediaCongo C.P S\u00e9r\u00e9nade Mujinga<br \/>\nC.P S\u00e9r\u00e9nade Mujinga<br \/>LePotentiel \/ MCP , via mediacongo.net<\/p>\n","protected":false},"excerpt":{"rendered":"L\u2019influenceuse congolaise Denise Dusauchoy est interpell\u00e9e dimanche 30 ao\u00fbt 2026 en Tanzanie, selon des informations communiqu\u00e9es \u00e0 notre&hellip;\n","protected":false},"author":2,"featured_media":197127,"comment_status":"","ping_status":"","sticky":false,"template":"","format":"standard","meta":{"footnotes":"","_share_on_mastodon":"0"},"categories":[185],"tags":[304],"class_list":["post-197126","post","type-post","status-publish","format-standard","has-post-thumbnail","category-tanzanie","tag-tanzanie"],"share_on_mastodon":{"url":"https:\/\/pubeurope.com\/@afrique\/117195866514033619","error":""},"_links":{"self":[{"href":"https:\/\/www.europesays.com\/afrique\/wp-json\/wp\/v2\/posts\/197126","targetHints":{"allow":["GET"]}}],"collection":[{"href":"https:\/\/www.europesays.com\/afrique\/wp-json\/wp\/v2\/posts"}],"about":[{"href":"https:\/\/www.europesays.com\/afrique\/wp-json\/wp\/v2\/types\/post"}],"author":[{"embeddable":true,"href":"https:\/\/www.europesays.com\/afrique\/wp-json\/wp\/v2\/users\/2"}],"replies":[{"embeddable":true,"href":"https:\/\/www.europesays.com\/afrique\/wp-json\/wp\/v2\/comments?post=197126"}],"version-history":[{"count":0,"href":"https:\/\/www.europesays.com\/afrique\/wp-json\/wp\/v2\/posts\/197126\/revisions"}],"wp:featuredmedia":[{"embeddable":true,"href":"https:\/\/www.europesays.com\/afrique\/wp-json\/wp\/v2\/media\/197127"}],"wp:attachment":[{"href":"https:\/\/www.europesays.com\/afrique\/wp-json\/wp\/v2\/media?parent=197126"}],"wp:term":[{"taxonomy":"category","embeddable":true,"href":"https:\/\/www.europesays.com\/afrique\/wp-json\/wp\/v2\/categories?post=197126"},{"taxonomy":"post_tag","embeddable":true,"href":"https:\/\/www.europesays.com\/afrique\/wp-json\/wp\/v2\/tags?post=197126"}],"curies":[{"name":"wp","href":"https:\/\/api.w.org\/{rel}","templated":true}]}}