{"id":197199,"date":"2026-09-01T14:13:12","date_gmt":"2026-09-01T14:13:12","guid":{"rendered":"https:\/\/www.europesays.com\/afrique\/197199\/"},"modified":"2026-09-01T14:13:12","modified_gmt":"2026-09-01T14:13:12","slug":"tanzanie-la-serbie-annonce-louverture-dune-ambassade-a-dodoma","status":"publish","type":"post","link":"https:\/\/www.europesays.com\/afrique\/197199\/","title":{"rendered":"Tanzanie : la Serbie annonce l\u2019ouverture d\u2019une ambassade \u00e0 Dodoma"},"content":{"rendered":"<p>Apr\u00e8s une rencontre entre les chefs de la diplomatie tanzanienne et serbe, Belgrade a annonc\u00e9 l&rsquo;ouverture prochaine d&rsquo;une ambassade \u00e0 Dodoma, sa 15e repr\u00e9sentation sur le continent africain.<\/p>\n<p><img loading=\"lazy\" decoding=\"async\" width=\"353\" height=\"500\" alt=\"\" style=\"max-width:100%; height:auto;\" class=\"perfmatters-lazy\" src=\"https:\/\/www.europesays.com\/afrique\/wp-content\/uploads\/2026\/07\/Pigier-journee.webp\"\/><\/p>\n<p>La Serbie va ouvrir une ambassade \u00e0 Dodoma, la capitale tanzanienne, une d\u00e9cision annonc\u00e9e lundi 31 ao\u00fbt \u00e0 l\u2019issue d\u2019une rencontre entre le ministre tanzanien des Affaires \u00e9trang\u00e8res et de la Coop\u00e9ration est-africaine, Mahmoud Thabit Kombo, et son homologue serbe, Marko \u0110uri\u0107.<\/p>\n<p>Cette nouvelle repr\u00e9sentation portera \u00e0 15 le nombre d\u2019ambassades serbes sur le continent africain, o\u00f9 Belgrade en compte actuellement 14, selon les informations relay\u00e9es par l\u2019agence Ecofin.<\/p>\n<p>Les \u00e9changes commerciaux entre les deux pays restent modestes : 7,5 millions d\u2019euros en 2025, dont 6,4 millions d\u2019euros d\u2019exportations serbes vers la Tanzanie et 1,1 million d\u2019euros dans le sens inverse. Les deux ministres ont convenu de cr\u00e9er une commission \u00e9conomique mixte charg\u00e9e de \u00ab promouvoir le commerce, l\u2019investissement et une coop\u00e9ration \u00e9conomique plus large entre les deux pays \u00bb.<\/p>\n<p>Du c\u00f4t\u00e9 tanzanien, les priorit\u00e9s d\u2019investissement \u00e9voqu\u00e9es concernent l\u2019agriculture, les mines, l\u2019\u00e9nergie, les infrastructures, les transports, le tourisme, la p\u00eache et l\u2019\u00e9conomie bleue. La Serbie se positionne pour sa part comme une porte d\u2019entr\u00e9e pour les entreprises tanzaniennes souhaitant acc\u00e9der au march\u00e9 europ\u00e9en.<\/p>\n<p>Une coop\u00e9ration qui s\u2019\u00e9tend au transport a\u00e9rien<\/p>\n<p>Les deux parties ont \u00e9galement \u00e9voqu\u00e9 un renforcement de la coop\u00e9ration entre les compagnies a\u00e9riennes Air Tanzania et Air Serbia. Cette annonce intervient un mois apr\u00e8s la mise en place, en ao\u00fbt, d\u2019une commission mixte permanente entre la Serbie et le Zimbabwe, dans le cadre d\u2019un rapprochement plus large de Belgrade avec plusieurs pays africains membres du Mouvement des non-align\u00e9s.<\/p>\n<p>Les relations entre Belgrade et Dodoma s\u2019appuient en partie sur cette appartenance commune au Mouvement des non-align\u00e9s, n\u00e9 dans les ann\u00e9es 1960.<\/p>\n","protected":false},"excerpt":{"rendered":"Apr\u00e8s une rencontre entre les chefs de la diplomatie tanzanienne et serbe, Belgrade a annonc\u00e9 l&rsquo;ouverture prochaine d&rsquo;une&hellip;\n","protected":false},"author":2,"featured_media":197200,"comment_status":"","ping_status":"","sticky":false,"template":"","format":"standard","meta":{"footnotes":"","_share_on_mastodon":"0"},"categories":[185],"tags":[3778,6809,1477,857,31733,58023,10471,304],"class_list":["post-197199","post","type-post","status-publish","format-standard","has-post-thumbnail","category-tanzanie","tag-ambassade","tag-annonce","tag-dune","tag-diplomatie","tag-dodoma","tag-louverture","tag-serbie","tag-tanzanie"],"share_on_mastodon":{"url":"https:\/\/pubeurope.com\/@afrique\/117196200892833665","error":""},"_links":{"self":[{"href":"https:\/\/www.europesays.com\/afrique\/wp-json\/wp\/v2\/posts\/197199","targetHints":{"allow":["GET"]}}],"collection":[{"href":"https:\/\/www.europesays.com\/afrique\/wp-json\/wp\/v2\/posts"}],"about":[{"href":"https:\/\/www.europesays.com\/afrique\/wp-json\/wp\/v2\/types\/post"}],"author":[{"embeddable":true,"href":"https:\/\/www.europesays.com\/afrique\/wp-json\/wp\/v2\/users\/2"}],"replies":[{"embeddable":true,"href":"https:\/\/www.europesays.com\/afrique\/wp-json\/wp\/v2\/comments?post=197199"}],"version-history":[{"count":0,"href":"https:\/\/www.europesays.com\/afrique\/wp-json\/wp\/v2\/posts\/197199\/revisions"}],"wp:featuredmedia":[{"embeddable":true,"href":"https:\/\/www.europesays.com\/afrique\/wp-json\/wp\/v2\/media\/197200"}],"wp:attachment":[{"href":"https:\/\/www.europesays.com\/afrique\/wp-json\/wp\/v2\/media?parent=197199"}],"wp:term":[{"taxonomy":"category","embeddable":true,"href":"https:\/\/www.europesays.com\/afrique\/wp-json\/wp\/v2\/categories?post=197199"},{"taxonomy":"post_tag","embeddable":true,"href":"https:\/\/www.europesays.com\/afrique\/wp-json\/wp\/v2\/tags?post=197199"}],"curies":[{"name":"wp","href":"https:\/\/api.w.org\/{rel}","templated":true}]}}