{"id":197263,"date":"2026-09-01T15:27:18","date_gmt":"2026-09-01T15:27:18","guid":{"rendered":"https:\/\/www.europesays.com\/afrique\/197263\/"},"modified":"2026-09-01T15:27:18","modified_gmt":"2026-09-01T15:27:18","slug":"bertille-guitton-broggi-est-nommee-directrice-communication-afrique-de-canal","status":"publish","type":"post","link":"https:\/\/www.europesays.com\/afrique\/197263\/","title":{"rendered":"Bertille Guitton-Broggi est nomm\u00e9e Directrice Communication Afrique de CANAL+"},"content":{"rendered":"<p>Le groupe CANAL+ renforce sa direction de la communication en Afrique avec la nomination de Bertille Guitton-Broggi au poste de Directrice Communication Afrique. Sous la responsabilit\u00e9 d\u2019Emilie Pietrini, Directrice de la Marque et de la Communication de CANAL+, elle prend en charge la strat\u00e9gie de communication du groupe sur un p\u00e9rim\u00e8tre de 40 pays.<\/p>\n<p><img loading=\"lazy\" decoding=\"async\" class=\"wp-image-149247 size-full perfmatters-lazy\" alt=\"jupdlc-mercato-canal+-bertille-nomination\" width=\"1200\" height=\"628\" src=\"https:\/\/www.europesays.com\/afrique\/wp-content\/uploads\/2026\/09\/jupdlc-nomination-mercato-canal-com-afrique.jpg\"  data-\/><img loading=\"lazy\" decoding=\"async\" class=\"wp-image-149247 size-full\" src=\"https:\/\/www.europesays.com\/afrique\/wp-content\/uploads\/2026\/09\/jupdlc-nomination-mercato-canal-com-afrique.jpg\" alt=\"jupdlc-mercato-canal+-bertille-nomination\" width=\"1200\" height=\"628\"  \/>Cr\u00e9dit photo : CANAL+<\/p>\n<p>Cette nomination intervient alors que CANAL+ poursuit le d\u00e9veloppement de ses activit\u00e9s sur le continent africain et le rapprochement engag\u00e9 avec MultiChoice. Dans ce contexte, la communication doit accompagner les \u00e9volutions du groupe, tout en tenant compte de la diversit\u00e9 des march\u00e9s, des publics et des \u00e9cosyst\u00e8mes m\u00e9diatiques locaux. Bertille Guitton-Broggi aura ainsi pour mission de renforcer la visibilit\u00e9 et la coh\u00e9rence de la marque \u00e0 l\u2019\u00e9chelle r\u00e9gionale, en s\u2019appuyant notamment sur les leviers de communication digitale.<\/p>\n<p>Son parcours international, construit entre l\u2019Afrique, l\u2019Asie et l\u2019Am\u00e9rique latine, lui conf\u00e8re une connaissance approfondie des march\u00e9s africains et des enjeux li\u00e9s au d\u00e9veloppement de marques internationales. Elle contribuera \u00e9galement \u00e0 renforcer les synergies entre <a href=\"https:\/\/jai-un-pote-dans-la.com\/canal-et-betc-sleep-can-wait-coupe-du-monde-2026\/\" target=\"_blank\" rel=\"noopener nofollow\">CANAL+<\/a> et MultiChoice dans le cadre de leurs activit\u00e9s sur le continent.<\/p>\n<p><\/p>\n<p style=\"text-align: center;\">\u00c0 d\u00e9couvrir sur JUPDLC<\/p>\n<p><a data-no-instant=\"1\" href=\"https:\/\/youtu.be\/Qqf0L4CPVZs\" rel=\"noopener nofollow\" class=\"a2t-link\" target=\"_blank\" aria-label=\"DISPLAY 970\u00d7250\"><img loading=\"lazy\" decoding=\"async\" alt=\"\" width=\"970\" height=\"250\" class=\"perfmatters-lazy\" src=\"https:\/\/www.europesays.com\/afrique\/wp-content\/uploads\/2026\/07\/DISPLAY-970x250-1.jpeg\"\/><img loading=\"lazy\" decoding=\"async\" src=\"https:\/\/www.europesays.com\/afrique\/wp-content\/uploads\/2026\/07\/DISPLAY-970x250-1.jpeg\" alt=\"\" width=\"970\" height=\"250\"\/><\/a><\/p>\n<p>\u00a0<\/p>\n<p>Une expertise construite sur plusieurs march\u00e9s africains<\/p>\n<p>Dipl\u00f4m\u00e9e de Sciences Po et de HEC Paris, <a href=\"https:\/\/www.linkedin.com\/in\/bertille-guitton-broggi-a7542249\/\" target=\"_blank\" rel=\"noopener nofollow\">Bertille Guitton-Broggi<\/a> d\u00e9veloppe tr\u00e8s t\u00f4t un profil international, avec des exp\u00e9riences en Am\u00e9rique latine et en Afrique. Elle rejoint ensuite Jumia au Nigeria, o\u00f9 elle \u00e9volue vers des fonctions de direction en marketing et communication. Elle prend notamment en charge la communication et les relations publiques du Groupe dans 23 pays africains, avant de devenir Group Sales Director Fashion, Beauty &amp; FMCG sur ses cinq principaux march\u00e9s africains.<\/p>\n<p>En 2019, elle rejoint Reckitt \u00e0 Bangkok pour diriger l\u2019e-commerce et le Direct-to-Consumer en Tha\u00eflande. En 2022, elle int\u00e8gre L\u2019Or\u00e9al \u00e0 Johannesburg comme Directrice E-Commerce pour l\u2019Afrique subsaharienne.<\/p>\n<p>Elle est ensuite nomm\u00e9e Chief Digital &amp; Marketing Officer Afrique subsaharienne en 2024. \u00c0 ce poste, elle pilote la strat\u00e9gie marketing et la transformation digitale de la r\u00e9gion, contribuant au d\u00e9veloppement de L\u2019Or\u00e9al sur ses principaux march\u00e9s africains.<\/p>\n<p>Avec cette nomination, CANAL+ s\u2019appuie donc sur un profil \u00e0 la crois\u00e9e de la communication, du marketing et du digital, dot\u00e9 d\u2019une exp\u00e9rience construite au sein de plusieurs grands groupes internationaux et d\u2019une connaissance directe des march\u00e9s africains.<\/p>\n","protected":false},"excerpt":{"rendered":"Le groupe CANAL+ renforce sa direction de la communication en Afrique avec la nomination de Bertille Guitton-Broggi au&hellip;\n","protected":false},"author":2,"featured_media":197264,"comment_status":"","ping_status":"","sticky":false,"template":"","format":"standard","meta":{"footnotes":"","_share_on_mastodon":"0"},"categories":[4],"tags":[6,8052,3260,418,1947,9390,4566,3109],"class_list":["post-197263","post","type-post","status-publish","format-standard","has-post-thumbnail","category-afrique","tag-afrique","tag-canal","tag-communication","tag-groupe","tag-mercato","tag-mouvement","tag-nomination","tag-strategie"],"share_on_mastodon":{"url":"https:\/\/pubeurope.com\/@afrique\/117196491804313796","error":""},"_links":{"self":[{"href":"https:\/\/www.europesays.com\/afrique\/wp-json\/wp\/v2\/posts\/197263","targetHints":{"allow":["GET"]}}],"collection":[{"href":"https:\/\/www.europesays.com\/afrique\/wp-json\/wp\/v2\/posts"}],"about":[{"href":"https:\/\/www.europesays.com\/afrique\/wp-json\/wp\/v2\/types\/post"}],"author":[{"embeddable":true,"href":"https:\/\/www.europesays.com\/afrique\/wp-json\/wp\/v2\/users\/2"}],"replies":[{"embeddable":true,"href":"https:\/\/www.europesays.com\/afrique\/wp-json\/wp\/v2\/comments?post=197263"}],"version-history":[{"count":0,"href":"https:\/\/www.europesays.com\/afrique\/wp-json\/wp\/v2\/posts\/197263\/revisions"}],"wp:featuredmedia":[{"embeddable":true,"href":"https:\/\/www.europesays.com\/afrique\/wp-json\/wp\/v2\/media\/197264"}],"wp:attachment":[{"href":"https:\/\/www.europesays.com\/afrique\/wp-json\/wp\/v2\/media?parent=197263"}],"wp:term":[{"taxonomy":"category","embeddable":true,"href":"https:\/\/www.europesays.com\/afrique\/wp-json\/wp\/v2\/categories?post=197263"},{"taxonomy":"post_tag","embeddable":true,"href":"https:\/\/www.europesays.com\/afrique\/wp-json\/wp\/v2\/tags?post=197263"}],"curies":[{"name":"wp","href":"https:\/\/api.w.org\/{rel}","templated":true}]}}