{"id":197265,"date":"2026-09-01T15:29:12","date_gmt":"2026-09-01T15:29:12","guid":{"rendered":"https:\/\/www.europesays.com\/afrique\/197265\/"},"modified":"2026-09-01T15:29:12","modified_gmt":"2026-09-01T15:29:12","slug":"rdc-denise-dusauchoy-arretee-en-tanzanie-kinshasa-confirme-une-cooperation-judiciaire-avec-la-tanzanie","status":"publish","type":"post","link":"https:\/\/www.europesays.com\/afrique\/197265\/","title":{"rendered":"RDC : Denise Dusauchoy arr\u00eat\u00e9e en Tanzanie, Kinshasa confirme une coop\u00e9ration judiciaire avec la Tanzanie"},"content":{"rendered":"<p class=\"wp-block-paragraph\">Interpell\u00e9e dimanche \u00e0 l\u2019a\u00e9roport de Dar es-Salaam, l\u2019influenceuse congolaise Denise Dusauchoy a \u00e9t\u00e9 pr\u00e9sent\u00e9e par le Minist\u00e8re de la Justice comme le fruit d\u2019une proc\u00e9dure judiciaire men\u00e9e depuis plus d\u2019un an avec la Belgique. Mais pour ses soutiens, cette nouvelle arrestation \u2014 la seconde \u00e0 l\u2019\u00e9tranger en deux ans \u2014 ressemble surtout \u00e0 un r\u00e8glement de comptes avec l\u2019une des voix les plus critiques du pouvoir.<\/p>\n<p class=\"wp-block-paragraph\">Le Cabinet du Minist\u00e8re d\u2019\u00c9tat, Minist\u00e8re de la Justice et Garde des Sceaux a confirm\u00e9, dans un communiqu\u00e9 dat\u00e9 du 31 ao\u00fbt, l\u2019arrestation de Mme Denise Dusauchoy le 30 ao\u00fbt 2026 en R\u00e9publique-Unie de Tanzanie. Selon le texte officiel, l\u2019op\u00e9ration a \u00e9t\u00e9 men\u00e9e par les autorit\u00e9s tanzaniennes \u00ab en ex\u00e9cution d\u2019un mandat d\u2019arr\u00eat d\u00e9livr\u00e9 par les autorit\u00e9s judiciaires \u00bb congolaises, dans le cadre de la coop\u00e9ration judiciaire internationale.<\/p>\n<p class=\"wp-block-paragraph\"><img loading=\"lazy\" decoding=\"async\" width=\"150\" height=\"211\" class=\"wp-image-206132\" style=\"width: 150px;\" src=\"https:\/\/www.europesays.com\/afrique\/wp-content\/uploads\/2026\/09\/6486AB5C-1B9C-46A7-BF26-17731EEDC3AA.jpeg\" alt=\"\"  \/><\/p>\n<p>Une proc\u00e9dure engag\u00e9e d\u00e8s 2025<\/p>\n<p class=\"wp-block-paragraph\">Le Minist\u00e8re rappelle que le Procureur g\u00e9n\u00e9ral pr\u00e8s la Cour de cassation avait transmis, en octobre et novembre 2025, trois commissions rogatoires internationales aux autorit\u00e9s belges, concernant des dossiers p\u00e9naux ouverts au Parquet de grande instance de Kinshasa\/Gombe visant Denise Dusauchoy et d\u2019autres personnes. Des mandats d\u2019arr\u00eat internationaux avaient d\u00e9j\u00e0 \u00e9t\u00e9 \u00e9mis \u00e0 cette occasion. Kinshasa salue \u00e0 ce titre \u00ab la qualit\u00e9 et l\u2019efficacit\u00e9 \u00bb de la collaboration avec les autorit\u00e9s tanzaniennes, et r\u00e9affirme sa volont\u00e9 de renforcer la coop\u00e9ration judiciaire avec ses partenaires internationaux dans la lutte contre l\u2019impunit\u00e9.<\/p>\n<p class=\"wp-block-paragraph\">Le communiqu\u00e9 prend soin de pr\u00e9ciser que l\u2019arrestation \u00ab constitue un acte de proc\u00e9dure judiciaire \u00bb et ne pr\u00e9juge pas de la culpabilit\u00e9 de l\u2019int\u00e9ress\u00e9e, qui reste couverte par la pr\u00e9somption d\u2019innocence.<\/p>\n<p>Une figure d\u00e9j\u00e0 connue de la justice congolaise<\/p>\n<p class=\"wp-block-paragraph\">Cette nouvelle interpellation n\u2019est pas un premier \u00e9pisode. Denise Mukendi Dusauchoy avait d\u00e9j\u00e0 \u00e9t\u00e9 d\u00e9tenue \u00e0 la prison centrale de Makala, avant de b\u00e9n\u00e9ficier d\u2019une lib\u00e9ration conditionnelle le 1er mars 2025, dans le cadre d\u2019une mesure d\u2019apaisement annonc\u00e9e par la pr\u00e9sidence \u2014 aux c\u00f4t\u00e9s d\u2019autres personnalit\u00e9s comme Seth Kikuni et Mike Mukebayi. Selon Congo Synth\u00e8se, elle avait par ailleurs d\u00e9j\u00e0 \u00e9t\u00e9 interpell\u00e9e \u00e0 Brazzaville en septembre 2024, et fait \u00e9galement l\u2019objet d\u2019une condamnation \u00e0 Li\u00e8ge en 2026.<\/p>\n<p class=\"wp-block-paragraph\">Connue pour son activit\u00e9 sur les r\u00e9seaux sociaux et pour avoir fond\u00e9 son propre parti politique en 2024, elle est d\u00e9crite par plusieurs m\u00e9dias congolais comme une critique virulente de la famille pr\u00e9sidentielle. Une description qui contraste avec son pass\u00e9 de communicatrice proche du pouvoir, avant sa rupture avec celui-ci.<\/p>\n<p>Des zones d\u2019ombre sur les circonstances de l\u2019arrestation<\/p>\n<p class=\"wp-block-paragraph\">Si le Minist\u00e8re pr\u00e9sente une version institutionnelle sans ambigu\u00eft\u00e9, plusieurs m\u00e9dias congolais rapportent des versions concurrentes, non confirm\u00e9es de fa\u00e7on ind\u00e9pendante. Selon des sources cit\u00e9es par la presse locale, un avion aurait \u00e9t\u00e9 affr\u00e9t\u00e9 depuis Kinshasa pour rapatrier rapidement Mme Dusauchoy, et certaines informations \u00e9voquent un r\u00f4le possible de services de renseignement congolais dans les conditions m\u00eames de son interpellation en Tanzanie. Ces \u00e9l\u00e9ments demeurent \u00e0 ce stade non v\u00e9rifi\u00e9s.<\/p>\n<p class=\"wp-block-paragraph\">Sur les r\u00e9seaux sociaux, l\u2019opposant Seth Kikuni a interrog\u00e9 la base l\u00e9gale de la d\u00e9marche congolaise, s\u2019agissant d\u2019une citoyenne belge arr\u00eat\u00e9e sur le sol tanzanien.<\/p>\n<p>Les questions qui restent pos\u00e9es<\/p>\n<p class=\"wp-block-paragraph\">\u00c0 l\u2019heure de la publication du communiqu\u00e9, plusieurs points restent en suspens : la nature exacte des faits reproch\u00e9s dans les dossiers transmis en 2025, le fondement juridique pr\u00e9cis de la demande adress\u00e9e \u00e0 la Tanzanie, ainsi que les modalit\u00e9s concr\u00e8tes du transfert judiciaire de Mme Dusauchoy vers Kinshasa. Ni les autorit\u00e9s tanzaniennes ni la d\u00e9fense de l\u2019int\u00e9ress\u00e9e ne se sont exprim\u00e9es publiquement \u00e0 ce stade.<\/p>\n","protected":false},"excerpt":{"rendered":"Interpell\u00e9e dimanche \u00e0 l\u2019a\u00e9roport de Dar es-Salaam, l\u2019influenceuse congolaise Denise Dusauchoy a \u00e9t\u00e9 pr\u00e9sent\u00e9e par le Minist\u00e8re de&hellip;\n","protected":false},"author":2,"featured_media":197266,"comment_status":"","ping_status":"","sticky":false,"template":"","format":"standard","meta":{"footnotes":"","_share_on_mastodon":"0"},"categories":[185],"tags":[304],"class_list":["post-197265","post","type-post","status-publish","format-standard","has-post-thumbnail","category-tanzanie","tag-tanzanie"],"share_on_mastodon":{"url":"https:\/\/pubeurope.com\/@afrique\/117196499699753509","error":""},"_links":{"self":[{"href":"https:\/\/www.europesays.com\/afrique\/wp-json\/wp\/v2\/posts\/197265","targetHints":{"allow":["GET"]}}],"collection":[{"href":"https:\/\/www.europesays.com\/afrique\/wp-json\/wp\/v2\/posts"}],"about":[{"href":"https:\/\/www.europesays.com\/afrique\/wp-json\/wp\/v2\/types\/post"}],"author":[{"embeddable":true,"href":"https:\/\/www.europesays.com\/afrique\/wp-json\/wp\/v2\/users\/2"}],"replies":[{"embeddable":true,"href":"https:\/\/www.europesays.com\/afrique\/wp-json\/wp\/v2\/comments?post=197265"}],"version-history":[{"count":0,"href":"https:\/\/www.europesays.com\/afrique\/wp-json\/wp\/v2\/posts\/197265\/revisions"}],"wp:featuredmedia":[{"embeddable":true,"href":"https:\/\/www.europesays.com\/afrique\/wp-json\/wp\/v2\/media\/197266"}],"wp:attachment":[{"href":"https:\/\/www.europesays.com\/afrique\/wp-json\/wp\/v2\/media?parent=197265"}],"wp:term":[{"taxonomy":"category","embeddable":true,"href":"https:\/\/www.europesays.com\/afrique\/wp-json\/wp\/v2\/categories?post=197265"},{"taxonomy":"post_tag","embeddable":true,"href":"https:\/\/www.europesays.com\/afrique\/wp-json\/wp\/v2\/tags?post=197265"}],"curies":[{"name":"wp","href":"https:\/\/api.w.org\/{rel}","templated":true}]}}